{"id":7153,"date":"2023-05-26T22:45:11","date_gmt":"2023-05-26T22:45:11","guid":{"rendered":"http:\/\/kostolna.fara.sk\/?p=7145"},"modified":"2023-05-26T22:45:11","modified_gmt":"2023-05-26T22:45:11","slug":"farske-oznamy-a-zamyslenie-28-05-2023","status":"publish","type":"post","link":"https:\/\/www.farakostolna.sk\/?p=7153","title":{"rendered":"Farsk\u00e9 oznamy a zamyslenie (28.05.2023)"},"content":{"rendered":"\n\t\t\t\t\n<div class=\"wp-block-image\"><figure class=\"aligncenter is-resized\"><img loading=\"lazy\" decoding=\"async\" src=\"https:\/\/www.farakostolna.sk\/wp-content\/uploads\/2023\/05\/WhatsApp-Image-2023-05-26-at-23.39.21-1024x538.jpg\" alt=\"\" class=\"wp-image-7146\" width=\"668\" height=\"350\"\/><\/figure><\/div>\n\n\n\n<p>Vyvrcholenie Je\u017ei\u0161ovho diela sp\u00e1sy &#8211; zoslanie Ducha Sv\u00e4t\u00e9ho. Bez Neho by Cirkev len \u0165a\u017eko mohla fungova\u0165. Poslan\u00ed nies\u0165 \u0161tafetu radostnej zvesti v\u0161ak nie s\u00fa iba apo\u0161toli. Sme to my v\u0161etci. Prin\u00e1\u0161a\u0165 m\u00e1me to, \u010do dostali od Je\u017ei\u0161a apo\u0161toli vo ve\u010deradle &#8211; POKOJ.<\/p>\n\n\n<p><!--more--><\/p>\n\n\n<p>Tento v\u00edkend m\u00e1me tret\u00ed najv\u00e4\u010d\u0161\u00ed sviatok v cirkevnom roku &#8211; Tur\u00edce &#8211; Zoslanie Ducha Sv\u00e4t\u00e9ho. S\u00fa to narodeniny Cirkvi.<\/p>\n\n\n\n<p><strong>Sv\u00e4t\u00e9 om\u0161e u n\u00e1s:<\/strong><\/p>\n\n\n\n<p><strong>sobota \u2013 27. m\u00e1ja (s nede\u013enou platnos\u0165ou)<\/strong><\/p>\n\n\n\n<ul class=\"wp-block-list\"><li><strong>17:00 \u2013 Hrub\u00e1 Bor\u0161a (slov.\/ma\u010f.)<\/strong><\/li><li><strong>18:00 \u2013 Kostoln\u00e1 (slov.)<\/strong><\/li><\/ul>\n\n\n\n<p><strong>nede\u013ea \u2013 28. m\u00e1ja<\/strong><\/p>\n\n\n\n<ul class=\"wp-block-list\"><li><strong>8:00 \u2013 Hrub\u00fd \u0160\u00far (ma\u010f.)<\/strong><\/li><li><strong>9:30 \u2013 Kostoln\u00e1 (ma\u010f.)<\/strong><\/li><li><strong>11:00 \u2013 Kostoln\u00e1 (slov.)<\/strong><\/li><\/ul>\n\n\n\n<p>Tento t\u00fd\u017ede\u0148 bude ador\u00e1cia v Kostolnej v utorok, stredu, \u0161tvrtok a piatok v\u017edy od 17:00 do 18:00.<\/p>\n\n\n\n<p>Tento t\u00fd\u017ede\u0148 sviatos\u0165 zmierenia pon\u00fakam v utorok, stredu a \u0161tvrtok od 17:00 do 18:00 v Kostolnej. <\/p>\n\n\n\n<p>V stredu bude sv\u00e4t\u00e1 om\u0161a v Kostolnej o 18:00 so zrete\u013eom na deti v ma\u010farskom jazyku. <\/p>\n\n\n\n<p>Aj tento t\u00fd\u017ede\u0148 v pr\u00edpade dobr\u00e9ho po\u010dasia je v\u017edy cca od 15:00 v pondelok, stredu a piatok brig\u00e1da na farskej z\u00e1hrade. Pros\u00edm ochotn\u00fdch mu\u017eov o pomoc. <\/p>\n\n\n\n<p>Minulot\u00fd\u017ed\u0148ov\u00e1 zbierka na katol\u00edcke masm\u00e9di\u00e1 vyniesla v na\u0161ej farnosti spolu 491 \u20ac, z toho v Kostolnej 322,80 \u20ac, v Hrubom \u0160\u00fare 103 \u20ac a Hrubej Bor\u0161i 65,20 \u20ac. Peniaze som preposlal e\u0161te v piatok na dan\u00fd \u00fa\u010det. \u010eakujem. <\/p>\n\n\n\n<p>Tento v\u00edkend bude pravideln\u00e1 mesa\u010dn\u00e1 zbierka na opravu farsk\u00e9ho kostola a prev\u00e1dzkov\u00e9 n\u00e1klady farnosti. Vopred \u010fakujem. <\/p>\n\n\n\n<p>S \u00factou, <br>Pavol Gajdo\u0161,&nbsp;v\u00e1\u0161&nbsp;far\u00e1r<\/p>\n\t\t","protected":false},"excerpt":{"rendered":"<p>Vyvrcholenie Je\u017ei\u0161ovho diela sp\u00e1sy &#8211; zoslanie Ducha Sv\u00e4t\u00e9ho. Bez Neho by Cirkev len \u0165a\u017eko mohla fungova\u0165. Poslan\u00ed nies\u0165 \u0161tafetu radostnej zvesti v\u0161ak nie s\u00fa iba apo\u0161toli. Sme to my v\u0161etci. Prin\u00e1\u0161a\u0165 m\u00e1me to, \u010do dostali od Je\u017ei\u0161a apo\u0161toli vo ve\u010deradle &#8211; POKOJ.<\/p>\n","protected":false},"author":7,"featured_media":7146,"comment_status":"closed","ping_status":"closed","sticky":false,"template":"","format":"standard","meta":{"footnotes":""},"categories":[13],"tags":[],"class_list":{"0":"entry","1":"post","2":"publish","3":"author-slado89gmail-com","4":"has-excerpt","5":"has-more-link","6":"post-7153","8":"format-standard","9":"has-post-thumbnail","10":"category-oznamy"},"_links":{"self":[{"href":"https:\/\/www.farakostolna.sk\/index.php?rest_route=\/wp\/v2\/posts\/7153","targetHints":{"allow":["GET"]}}],"collection":[{"href":"https:\/\/www.farakostolna.sk\/index.php?rest_route=\/wp\/v2\/posts"}],"about":[{"href":"https:\/\/www.farakostolna.sk\/index.php?rest_route=\/wp\/v2\/types\/post"}],"author":[{"embeddable":true,"href":"https:\/\/www.farakostolna.sk\/index.php?rest_route=\/wp\/v2\/users\/7"}],"replies":[{"embeddable":true,"href":"https:\/\/www.farakostolna.sk\/index.php?rest_route=%2Fwp%2Fv2%2Fcomments&post=7153"}],"version-history":[{"count":0,"href":"https:\/\/www.farakostolna.sk\/index.php?rest_route=\/wp\/v2\/posts\/7153\/revisions"}],"wp:featuredmedia":[{"embeddable":true,"href":"https:\/\/www.farakostolna.sk\/index.php?rest_route=\/"}],"wp:attachment":[{"href":"https:\/\/www.farakostolna.sk\/index.php?rest_route=%2Fwp%2Fv2%2Fmedia&parent=7153"}],"wp:term":[{"taxonomy":"category","embeddable":true,"href":"https:\/\/www.farakostolna.sk\/index.php?rest_route=%2Fwp%2Fv2%2Fcategories&post=7153"},{"taxonomy":"post_tag","embeddable":true,"href":"https:\/\/www.farakostolna.sk\/index.php?rest_route=%2Fwp%2Fv2%2Ftags&post=7153"}],"curies":[{"name":"wp","href":"https:\/\/api.w.org\/{rel}","templated":true}]}}