{"id":7103,"date":"2023-05-13T17:56:51","date_gmt":"2023-05-13T17:56:51","guid":{"rendered":"http:\/\/kostolna.fara.sk\/?p=7103"},"modified":"2023-05-13T17:56:51","modified_gmt":"2023-05-13T17:56:51","slug":"farske-oznamy-a-zamyslenie-14-05-2023","status":"publish","type":"post","link":"https:\/\/www.farakostolna.sk\/?p=7103","title":{"rendered":"Farsk\u00e9 oznamy a zamyslenie (14.05.2023)"},"content":{"rendered":"\n\t\t\t\t\n<div class=\"wp-block-image\"><figure class=\"aligncenter\"><img decoding=\"async\" src=\"https:\/\/www.farakostolna.sk\/wp-content\/uploads\/2023\/05\/EF740A44-1643-4B12-AD8D-1DB84BC96FF4.jpeg\" alt=\"\" class=\"wp-image-7104\"\/><\/figure><\/div>\n\n\n\n<p>A nezabudnite na\u2026 Jadrom v\u0161etk\u00e9ho je\u2026 Z\u00e1klad tvor\u00ed\u2026 Bez tohto to nie je ono\u2026 Priamo Je\u017ei\u0161 n\u00e1m ho d\u00e1va a cez ruky apo\u0161tolov ho dost\u00e1vaj\u00fa cel\u00e9 gener\u00e1cie. Duch Sv\u00e4t\u00fd. T\u00fa\u017eime po \u0147om alebo iba po Jeho daroch?<\/p>\n\n\n<p><!--more--><\/p>\n\n\n<p><strong>Sv\u00e4t\u00e9 om\u0161e u n\u00e1s:<\/strong><\/p>\n\n\n\n<p><strong>sobota \u2013 13. m\u00e1ja (s nede\u013enou platnos\u0165ou)<\/strong><\/p>\n\n\n\n<ul class=\"wp-block-list\"><li><strong>17:00 \u2013 Hrub\u00e1 Bor\u0161a (slov.\/ma\u010f.)<\/strong><\/li><li><strong>18:00 \u2013 Kostoln\u00e1 (slov.)<\/strong><\/li><\/ul>\n\n\n\n<p><b>nede\u013ea \u2013 14. m\u00e1ja<\/b><\/p>\n\n\n\n<ul class=\"wp-block-list\"><li><strong>8:00 \u2013 Hrub\u00fd \u0160\u00far (ma\u010f.)<\/strong><\/li><li><strong>9:30 \u2013 Kostoln\u00e1 (ma\u010f.)<\/strong><\/li><li><strong>11:00 \u2013 Kostoln\u00e1 (slov.)<\/strong><\/li><\/ul>\n\n\n\n<p>Tento t\u00fd\u017ede\u0148 bude ador\u00e1cia v Kostolnej v stredu, \u0161tvrtok a piatok v\u017edy od 17:00 do 18:00.<\/p>\n\n\n\n<p>Tento t\u00fd\u017ede\u0148 sviatos\u0165 zmierenia pon\u00fakam len na po\u017eiadanie. <\/p>\n\n\n\n<p>Utorok bude v Kostolnej len jedna dvojjazy\u010dn\u00e1 sv\u00e4t\u00e1 om\u0161a o 18:00 s prosbou za \u00farodu. O 17:30 p\u00f4jdeme v pr\u00edpade dobr\u00e9ho po\u010dasia spolo\u010dne po\u017eehna\u0165 slatiny.<\/p>\n\n\n\n<p>V stredu bude tie\u017e len jedna sv\u00e4t\u00e1 om\u0161a o 18:00 so zrete\u013eom na salezi\u00e1nskych spolupracovn\u00edkov seneck\u00e9ho dekan\u00e1tu v slovenskom jazyku.<\/p>\n\n\n\n<p><strong>Vo \u0161tvrtok m\u00e1me cirkevne prik\u00e1zan\u00fd sviatok Nanebovst\u00fapenia P\u00e1na. Sv\u00e4t\u00e9 om\u0161e bud\u00fa nasledovne:<\/strong><\/p>\n\n\n\n<p><strong>v stredu (z nasleduj\u00facej sl\u00e1vnosti):<\/strong><\/p>\n\n\n\n<ul class=\"wp-block-list\"><li><strong>17:00 \u2013 Hrub\u00e1 Bor\u0161a (slov.\/ma\u010f.)<\/strong><\/li><li><strong>18:00 \u2013 Kostoln\u00e1 (slov.)<\/strong><\/li><\/ul>\n\n\n\n<p><b>\u0161tvrtok \u2013 18. m\u00e1ja<\/b><\/p>\n\n\n\n<ul class=\"wp-block-list\"><li><strong>17:00 \u2013 Hrub\u00fd \u0160\u00far (ma\u010f.)<\/strong><\/li><li><strong>18:00 \u2013 Kostoln\u00e1 (ma\u010f.)<\/strong><\/li><li><strong>19:00 \u2013 Kostoln\u00e1 (slov.)<\/strong><\/li><\/ul>\n\n\n\n<p>\u010eakujem v\u0161etk\u00fdm, ktor\u00fd ste sa rozhodli darova\u0165 svoje 2 % na \u201eZdru\u017eenie Senec a okolie\u201c. T\u00ed, ktor\u00ed mi e\u0161te neodovzdali potvrdenie (sta\u010d\u00ed aj napr. cez whatsapp), nech tak urobia \u010d\u00edm sk\u00f4r. \u010eakujem.<\/p>\n\n\n\n<p>\u010eakujem v\u0161etk\u00fdm, ktor\u00ed ste sa z\u00fa\u010dastnili pondelkovej brig\u00e1dy na dokon\u010dovanie farsk\u00e9ho m\u00faru. V pr\u00edpade dobr\u00e9ho po\u010dasia je v\u017edy cca od 15:00 v pondelok,  stredu a piatok dvojhodinov\u00e1 brig\u00e1da. Pros\u00edm ochotn\u00fdch mu\u017eov pom\u00f4c\u0165. <\/p>\n\n\n\n<p>Bud\u00faci v\u00edkend bude vo v\u0161etk\u00fdch kostoloch zbierka na katol\u00edcke masm\u00e9di\u00e1.<\/p>\n\n\n\n<p>S \u00factou, <br>Pavol Gajdo\u0161, v\u00e1\u0161 far\u00e1r<\/p>\n\t\t","protected":false},"excerpt":{"rendered":"<p>A nezabudnite na\u2026 Jadrom v\u0161etk\u00e9ho je\u2026 Z\u00e1klad tvor\u00ed\u2026 Bez tohto to nie je ono\u2026 Priamo Je\u017ei\u0161 n\u00e1m ho d\u00e1va a cez ruky apo\u0161tolov ho dost\u00e1vaj\u00fa cel\u00e9 gener\u00e1cie. Duch Sv\u00e4t\u00fd. T\u00fa\u017eime po \u0147om alebo iba po Jeho daroch?<\/p>\n","protected":false},"author":7,"featured_media":7104,"comment_status":"closed","ping_status":"closed","sticky":false,"template":"","format":"standard","meta":{"footnotes":""},"categories":[13],"tags":[],"class_list":{"0":"entry","1":"post","2":"publish","3":"author-slado89gmail-com","4":"has-excerpt","5":"has-more-link","6":"post-7103","8":"format-standard","9":"has-post-thumbnail","10":"category-oznamy"},"_links":{"self":[{"href":"https:\/\/www.farakostolna.sk\/index.php?rest_route=\/wp\/v2\/posts\/7103","targetHints":{"allow":["GET"]}}],"collection":[{"href":"https:\/\/www.farakostolna.sk\/index.php?rest_route=\/wp\/v2\/posts"}],"about":[{"href":"https:\/\/www.farakostolna.sk\/index.php?rest_route=\/wp\/v2\/types\/post"}],"author":[{"embeddable":true,"href":"https:\/\/www.farakostolna.sk\/index.php?rest_route=\/wp\/v2\/users\/7"}],"replies":[{"embeddable":true,"href":"https:\/\/www.farakostolna.sk\/index.php?rest_route=%2Fwp%2Fv2%2Fcomments&post=7103"}],"version-history":[{"count":0,"href":"https:\/\/www.farakostolna.sk\/index.php?rest_route=\/wp\/v2\/posts\/7103\/revisions"}],"wp:featuredmedia":[{"embeddable":true,"href":"https:\/\/www.farakostolna.sk\/index.php?rest_route=\/"}],"wp:attachment":[{"href":"https:\/\/www.farakostolna.sk\/index.php?rest_route=%2Fwp%2Fv2%2Fmedia&parent=7103"}],"wp:term":[{"taxonomy":"category","embeddable":true,"href":"https:\/\/www.farakostolna.sk\/index.php?rest_route=%2Fwp%2Fv2%2Fcategories&post=7103"},{"taxonomy":"post_tag","embeddable":true,"href":"https:\/\/www.farakostolna.sk\/index.php?rest_route=%2Fwp%2Fv2%2Ftags&post=7103"}],"curies":[{"name":"wp","href":"https:\/\/api.w.org\/{rel}","templated":true}]}}