{"id":7088,"date":"2023-05-20T09:41:48","date_gmt":"2023-05-20T09:41:48","guid":{"rendered":"http:\/\/kostolna.fara.sk\/?p=7088"},"modified":"2023-05-20T09:41:48","modified_gmt":"2023-05-20T09:41:48","slug":"farske-oznamy-a-zamyslenie-21-05-2023","status":"publish","type":"post","link":"https:\/\/www.farakostolna.sk\/?p=7088","title":{"rendered":"Farsk\u00e9 oznamy a zamyslenie (21.05.2023)"},"content":{"rendered":"\n\t\t\t\t\n<div class=\"wp-block-image\"><figure class=\"aligncenter\"><img decoding=\"async\" src=\"https:\/\/www.farakostolna.sk\/wp-content\/uploads\/2023\/05\/0BAA5541-5F55-4044-8487-1152C1C595B4.jpeg\" alt=\"\" class=\"wp-image-7089\"\/><\/figure><\/div>\n\n\n\n<p>Bo\u017ee osl\u00e1v\u2026 Je\u017ei\u0161 osl\u00e1vil Boha Otca, a teraz bude osl\u00e1ven\u00fd Boh Syn. Koho skuto\u010dne oslavujeme pri bohoslu\u017ebe my? Vieme ak\u00e1 vysok\u00e1 cena bola zaplaten\u00e1 za t\u00fato sl\u00e1vu?<\/p>\n\n\n<p><!--more--><\/p>\n\n\n<p><strong>Sv\u00e4t\u00e9 om\u0161e u n\u00e1s:<\/strong><\/p>\n\n\n\n<p><strong>sobota \u2013 20. m\u00e1ja (s nede\u013enou platnos\u0165ou)<\/strong><\/p>\n\n\n\n<ul class=\"wp-block-list\"><li><strong>17:00 \u2013 Hrub\u00e1 Bor\u0161a (slov.\/ma\u010f.)<\/strong><\/li><li><strong>18:00 \u2013 Kostoln\u00e1 (slov.)<\/strong><\/li><\/ul>\n\n\n\n<p><b>nede\u013ea \u2013 21. m\u00e1ja<\/b><\/p>\n\n\n\n<ul class=\"wp-block-list\"><li><strong>8:00 \u2013 Hrub\u00fd \u0160\u00far (ma\u010f.)<\/strong><\/li><li><strong>9:30 \u2013 Kostoln\u00e1 (ma\u010f.)<\/strong><\/li><li><strong>11:00 \u2013 Kostoln\u00e1 (slov.)<\/strong><\/li><\/ul>\n\n\n\n<p>Tento t\u00fd\u017ede\u0148 bude ador\u00e1cia v Kostolnej v stredu, \u0161tvrtok a piatok v\u017edy od 17:00 do 18:00.<\/p>\n\n\n\n<p>Tento t\u00fd\u017ede\u0148 sviatos\u0165 zmierenia pon\u00fakam v stredu a \u0161tvrtok od 17:00 do 18:00 v Kostolnej. <\/p>\n\n\n\n<p>V stredu bude sv\u00e4t\u00e1 om\u0161a v Kostolnej o 18:00 so zrete\u013eom na deti v slovenskom jazyku. <\/p>\n\n\n\n<p>V piatok bude po sv\u00e4tej om\u0161i cca o 19:40 v Kostolnej tzv. Modlitba chv\u00e1l s hudobn\u00fdm doprovodom. V\u0161etci sme pozvan\u00ed. <\/p>\n\n\n\n<p>V pr\u00edpade dobr\u00e9ho po\u010dasia je v\u017edy cca od 15:00 v pondelok, stredu a piatok dvojhodinov\u00e1 brig\u00e1da na farskej z\u00e1hrade. Pros\u00edm ochotn\u00fdch mu\u017eov pom\u00f4c\u0165. <\/p>\n\n\n\n<p>Tento v\u00edkend je vo v\u0161etk\u00fdch kostoloch zbierka na katol\u00edcke masm\u00e9di\u00e1.<\/p>\n\n\n\n<p>O t\u00fd\u017ede\u0148 bude pravideln\u00e1 mesa\u010dn\u00e1 zbierka na opravu farsk\u00e9ho kostola a prev\u00e1dzkov\u00e9 n\u00e1klady farnosti. Vopred \u010fakujem. <\/p>\n\n\n\n<p>S \u00factou, <br>Pavol Gajdo\u0161, v\u00e1\u0161 far\u00e1r<\/p>\n\t\t","protected":false},"excerpt":{"rendered":"<p>Bo\u017ee osl\u00e1v\u2026 Je\u017ei\u0161 osl\u00e1vil Boha Otca, a teraz bude osl\u00e1ven\u00fd Boh Syn. Koho skuto\u010dne oslavujeme pri bohoslu\u017ebe my? Vieme ak\u00e1 vysok\u00e1 cena bola zaplaten\u00e1 za t\u00fato sl\u00e1vu?<\/p>\n","protected":false},"author":7,"featured_media":7089,"comment_status":"closed","ping_status":"closed","sticky":false,"template":"","format":"standard","meta":{"footnotes":""},"categories":[13],"tags":[],"class_list":{"0":"entry","1":"post","2":"publish","3":"author-slado89gmail-com","4":"has-excerpt","5":"has-more-link","6":"post-7088","8":"format-standard","9":"has-post-thumbnail","10":"category-oznamy"},"_links":{"self":[{"href":"https:\/\/www.farakostolna.sk\/index.php?rest_route=\/wp\/v2\/posts\/7088","targetHints":{"allow":["GET"]}}],"collection":[{"href":"https:\/\/www.farakostolna.sk\/index.php?rest_route=\/wp\/v2\/posts"}],"about":[{"href":"https:\/\/www.farakostolna.sk\/index.php?rest_route=\/wp\/v2\/types\/post"}],"author":[{"embeddable":true,"href":"https:\/\/www.farakostolna.sk\/index.php?rest_route=\/wp\/v2\/users\/7"}],"replies":[{"embeddable":true,"href":"https:\/\/www.farakostolna.sk\/index.php?rest_route=%2Fwp%2Fv2%2Fcomments&post=7088"}],"version-history":[{"count":0,"href":"https:\/\/www.farakostolna.sk\/index.php?rest_route=\/wp\/v2\/posts\/7088\/revisions"}],"wp:featuredmedia":[{"embeddable":true,"href":"https:\/\/www.farakostolna.sk\/index.php?rest_route=\/"}],"wp:attachment":[{"href":"https:\/\/www.farakostolna.sk\/index.php?rest_route=%2Fwp%2Fv2%2Fmedia&parent=7088"}],"wp:term":[{"taxonomy":"category","embeddable":true,"href":"https:\/\/www.farakostolna.sk\/index.php?rest_route=%2Fwp%2Fv2%2Fcategories&post=7088"},{"taxonomy":"post_tag","embeddable":true,"href":"https:\/\/www.farakostolna.sk\/index.php?rest_route=%2Fwp%2Fv2%2Ftags&post=7088"}],"curies":[{"name":"wp","href":"https:\/\/api.w.org\/{rel}","templated":true}]}}