{"id":7043,"date":"2023-05-05T21:29:37","date_gmt":"2023-05-05T21:29:37","guid":{"rendered":"http:\/\/kostolna.fara.sk\/?p=7043"},"modified":"2023-05-05T21:29:37","modified_gmt":"2023-05-05T21:29:37","slug":"farske-oznamy-a-zamyslenie-07-05-2023","status":"publish","type":"post","link":"https:\/\/www.farakostolna.sk\/?p=7043","title":{"rendered":"Farsk\u00e9 oznamy a zamyslenie (07.05.2023)"},"content":{"rendered":"\n\t\t\t\t\n\t\t\t\t\n<div class=\"wp-block-image\"><figure class=\"aligncenter\"><img decoding=\"async\" src=\"https:\/\/www.farakostolna.sk\/wp-content\/uploads\/2023\/05\/87BA5176-C5FA-48FC-AD1B-7B7BB4334858-1-1.jpeg\" alt=\"\" class=\"wp-image-7044\"\/><\/figure><\/div>\n\n\n\n<p>Ak existuje Boh, tak\u2026 nie je v\u00e1m to povedom\u00e9? Dokonca s\u00e1m Je\u017ei\u0161 n\u00e1s vyz\u00fdva, aby sme aspo\u0148 t\u00fdm skutkom verili. Ak\u00fdm? Nielen t\u00fdm biblick\u00fdm z d\u00e1vnej minulosti. Boh mocne p\u00f4sob\u00ed aj dnes &#8211; ak v\u0161ak neotvor\u00edme svoje srdce, tak ani o\u010di ani u\u0161i n\u00e1m neposta\u010dia.<\/p>\n\n\n<p><!--more--><\/p>\n\n\n<p><strong>Sv\u00e4t\u00e9 om\u0161e u n\u00e1s:<\/strong><\/p>\n\n\n\n<p><strong>sobota \u2013 6. m\u00e1ja (s nede\u013enou platnos\u0165ou)<\/strong><\/p>\n\n\n\n<ul class=\"wp-block-list\"><li><strong>17:00 \u2013 Hrub\u00e1 Bor\u0161a (slov.\/ma\u010f.)<\/strong><\/li><li><strong>18:00 \u2013 Kostoln\u00e1 (slov.)<\/strong><\/li><\/ul>\n\n\n\n<p><strong>nede\u013ea \u2013 7. m\u00e1ja<\/strong><\/p>\n\n\n\n<ul class=\"wp-block-list\"><li><strong>8:00 \u2013 Hrub\u00fd \u0160\u00far (ma\u010f.)<\/strong><\/li><li><strong>9:30 \u2013 Kostoln\u00e1 (ma\u010f.)<\/strong><\/li><li><strong>11:00 \u2013 Kostoln\u00e1 (slov.)<\/strong><\/li><\/ul>\n\n\n\n<p><strong>V t\u00fato nede\u013eu bude o 11:00 tzv. &#8220;rodinn\u00e1&#8221; sv\u00e4t\u00e1 om\u0161a, na ktor\u00fa poz\u00fdvam v\u0161etky deti s rodi\u010dmi. <\/strong><\/p>\n\n\n\n<p>Tento t\u00fd\u017ede\u0148 bude ador\u00e1cia v Kostolnej v utorok, stredu, \u0161tvrtok a piatok v\u017edy od 17:00 do 18:00.<\/p>\n\n\n\n<p>Sviatos\u0165 zmierenia pon\u00fakam v Kostolnej v utorok, stredu a \u0161tvrtok od 17:00 do 18:00 a v Hrubom \u0160\u00fare v piatok od 16:30 do 17:00.<\/p>\n\n\n\n<p>V stredu o 18:00 bude sv\u00e4t\u00e1 om\u0161a so zrete\u013eom na deti v slovenskom jazyku.<\/p>\n\n\n\n<p>V sobotu na sviatok Panny M\u00e1rie Fatimskej 13. m\u00e1ja bude po rannej sv\u00e4tej om\u0161i cca o 9:00 ve\u010deradlo s Pannou M\u00e1riou.<\/p>\n\n\n\n<p>V m\u00e1ji sa modlievame pred sv. om\u0161ami Loret\u00e1nske lit\u00e1nie.<\/p>\n\n\n\n<p>Minulot\u00fd\u017ed\u0148ov\u00e1 zbierka na semin\u00e1r vyniesla v na\u0161ej farnosti spolu 651,90 \u20ac, z toho v Kostolnej 450,40 \u20ac,   Hrubom \u0160\u00fare 140 \u20ac a Hrubej Bor\u0161i 61,50 \u20ac. Peniaze som u\u017e preposlal na dan\u00fd \u00fa\u010det. \u010eakujem.<\/p>\n\n\n\n<p>\u010eakujem v\u0161etk\u00fdm, ktor\u00fd ste sa rozhodli darova\u0165 svoje 2 % na \u201eZdru\u017eenie Senec a okolie\u201c. T\u00ed, ktor\u00ed mi e\u0161te neodovzdali potvrdenie (sta\u010d\u00ed aj napr. cez whatsapp), nech tak urobia \u010d\u00edm sk\u00f4r. \u010eakujem.<\/p>\n\n\n\n<p>Tento pondelok (8.5.) od 8:00 sa organizuje brig\u00e1da na dokon\u010dovanie farsk\u00e9ho m\u00faru. Pros\u00edm ochotn\u00fdch mu\u017eov pom\u00f4c\u0165. Ob\u010derstvenie bude zabezpe\u010den\u00e9.<\/p>\n\n\n\n<p>S \u00factou, <br>Pavol Gajdo\u0161, v\u00e1\u0161 far\u00e1r<\/p>\n\t\t\t\t","protected":false},"excerpt":{"rendered":"<p>Ak existuje Boh, tak\u2026 nie je v\u00e1m to povedom\u00e9? Dokonca s\u00e1m Je\u017ei\u0161 n\u00e1s vyz\u00fdva, aby sme aspo\u0148 t\u00fdm skutkom verili. Ak\u00fdm? Nielen t\u00fdm biblick\u00fdm z d\u00e1vnej minulosti. Boh mocne p\u00f4sob\u00ed aj dnes &#8211; ak v\u0161ak neotvor\u00edme svoje srdce, tak ani o\u010di ani u\u0161i n\u00e1m neposta\u010dia.<\/p>\n","protected":false},"author":7,"featured_media":7064,"comment_status":"closed","ping_status":"closed","sticky":false,"template":"","format":"standard","meta":{"footnotes":""},"categories":[13],"tags":[],"class_list":{"0":"entry","1":"post","2":"publish","3":"author-slado89gmail-com","4":"has-excerpt","5":"has-more-link","6":"post-7043","8":"format-standard","9":"has-post-thumbnail","10":"category-oznamy"},"_links":{"self":[{"href":"https:\/\/www.farakostolna.sk\/index.php?rest_route=\/wp\/v2\/posts\/7043","targetHints":{"allow":["GET"]}}],"collection":[{"href":"https:\/\/www.farakostolna.sk\/index.php?rest_route=\/wp\/v2\/posts"}],"about":[{"href":"https:\/\/www.farakostolna.sk\/index.php?rest_route=\/wp\/v2\/types\/post"}],"author":[{"embeddable":true,"href":"https:\/\/www.farakostolna.sk\/index.php?rest_route=\/wp\/v2\/users\/7"}],"replies":[{"embeddable":true,"href":"https:\/\/www.farakostolna.sk\/index.php?rest_route=%2Fwp%2Fv2%2Fcomments&post=7043"}],"version-history":[{"count":0,"href":"https:\/\/www.farakostolna.sk\/index.php?rest_route=\/wp\/v2\/posts\/7043\/revisions"}],"wp:featuredmedia":[{"embeddable":true,"href":"https:\/\/www.farakostolna.sk\/index.php?rest_route=\/"}],"wp:attachment":[{"href":"https:\/\/www.farakostolna.sk\/index.php?rest_route=%2Fwp%2Fv2%2Fmedia&parent=7043"}],"wp:term":[{"taxonomy":"category","embeddable":true,"href":"https:\/\/www.farakostolna.sk\/index.php?rest_route=%2Fwp%2Fv2%2Fcategories&post=7043"},{"taxonomy":"post_tag","embeddable":true,"href":"https:\/\/www.farakostolna.sk\/index.php?rest_route=%2Fwp%2Fv2%2Ftags&post=7043"}],"curies":[{"name":"wp","href":"https:\/\/api.w.org\/{rel}","templated":true}]}}