{"id":7035,"date":"2023-04-28T21:19:27","date_gmt":"2023-04-28T21:19:27","guid":{"rendered":"http:\/\/kostolna.fara.sk\/?p=7035"},"modified":"2023-04-28T21:19:27","modified_gmt":"2023-04-28T21:19:27","slug":"farske-oznamy-a-zamyslenie-30-04-2023","status":"publish","type":"post","link":"https:\/\/www.farakostolna.sk\/?p=7035","title":{"rendered":"Farsk\u00e9 oznamy a zamyslenie (30.04.2023)"},"content":{"rendered":"\n\t\t\t\t\n\t\t\t\t\n<div class=\"wp-block-image\"><figure class=\"aligncenter\"><img decoding=\"async\" src=\"https:\/\/www.farakostolna.sk\/wp-content\/uploads\/2023\/04\/WhatsApp-Image-2023-04-28-at-23.18.15-1-1.jpg\" alt=\"\" class=\"wp-image-7037\"\/><\/figure><\/div>\n\n\n\n<p>Moje ovce po\u010d\u00favaj\u00fa m\u00f4j hlas, vrav\u00ed Je\u017ei\u0161. My t\u00fdch hlasov denne po\u010dujeme viac ne\u017e dos\u0165. Ktor\u00fd z nich si berieme k srdcu? Je to hlas, ktor\u00fd n\u00e1m nap\u013a\u0148a bruch\u00e1 alebo ducha?<\/p>\n\n\n<p><!--more--><\/p>\n\n\n<p><strong>Sv\u00e4t\u00e9 om\u0161e u n\u00e1s:<\/strong><\/p>\n\n\n\n<p><strong>sobota \u2013 29. apr\u00edla (s nede\u013enou platnos\u0165ou)<\/strong><\/p>\n\n\n\n<ul class=\"wp-block-list\"><li><strong>17:00 \u2013 Hrub\u00e1 Bor\u0161a (slov.\/ma\u010f.)<\/strong><\/li><li><strong>18:00 \u2013 Kostoln\u00e1 (slov.)<\/strong><\/li><\/ul>\n\n\n\n<p><strong>nede\u013ea \u2013 30. apr\u00edla<\/strong><\/p>\n\n\n\n<ul class=\"wp-block-list\"><li><strong>8:00 \u2013 Hrub\u00fd \u0160\u00far (ma\u010f.)<\/strong><\/li><li><strong>9:30 \u2013 Kostoln\u00e1 (ma\u010f.)<\/strong><\/li><li><strong>11:00 \u2013 Kostoln\u00e1 (slov.)<\/strong><\/li><\/ul>\n\n\n\n<p><strong><span style=\"color:red\">Teraz v sobotu (29. apr\u00edla) v Kostolnej o 18:00 bude sv\u00e4t\u00fa om\u0161u sl\u00fa\u017ei\u0165 otec biskup Jozef \u013dudov\u00edt Minde z Tanz\u00e1nie.<\/span> Na\u0161u farnos\u0165 nav\u0161t\u00edvil aj v roku 2018. Pr\u00ed\u010fte sa povzbudi\u0165 v predve\u010der Nedele Dobr\u00e9ho<\/strong> <strong>Pastiera z mno\u017estva duchovn\u00fdch povolan\u00ed v jeho diec\u00e9ze Moshi.<\/strong><\/p>\n\n\n\n<p>Tento t\u00fd\u017ede\u0148 bude ador\u00e1cia v Kostolnej v stredu, \u0161tvrtok a piatok v\u017edy od 17:00 do 18:00.<\/p>\n\n\n\n<p>Sviatos\u0165 zmierenia pon\u00fakam v Kostolnej v stredu a \u0161tvrtok od 17:00 do 18:00 a v Hrubom \u0160\u00fare v piatok od 16:30 do 17:00.<\/p>\n\n\n\n<p>Ke\u010f\u017ee je prvopiatkov\u00fd t\u00fd\u017ede\u0148, chor\u00fdch budem spoveda\u0165 po domoch v piatok od 8:00 do 10:00.<\/p>\n\n\n\n<p>V stredu o 18:00 bude sv\u00e4t\u00e1 om\u0161a so zrete\u013eom na deti v ma\u010farskom jazyku.<\/p>\n\n\n\n<p><strong>V sobotu 6. m\u00e1ja je celod\u0148ov\u00e1 v\u00fdro\u010dn\u00e1 poklona pred Sviatos\u0165ou Olt\u00e1rnou od 9:00 do 18:00 vo farskom kostole v Kostolnej. Rozpis je na n\u00e1stenke. Vyu\u017eite tento \u010das a pr\u00ed\u010fte sa st\u00ed\u0161i\u0165 v modlitbe do Bo\u017eieho chr\u00e1mu.<\/strong><\/p>\n\n\n\n<p>Ve\u010deradlo s Pannou M\u00e1riou bude posunut\u00e9 o t\u00fd\u017ede\u0148 nesk\u00f4r 13.5. na sviatok Panny M\u00e1rie Fatimskej.<\/p>\n\n\n\n<p>V m\u00e1ji sa modlievame pred sv. om\u0161ami Loret\u00e1nske lit\u00e1nie.<\/p>\n\n\n\n<p>Tento v\u00edkend (nede\u013ea Dobr\u00e9ho Pastiera) bude vo v\u0161etk\u00fdch kostoloch zbierka na semin\u00e1r.<\/p>\n\n\n\n<p>\u010eakujem v\u0161etk\u00fdm, ktor\u00fd ste sa rozhodli darova\u0165 svoje 2 % na \u201eZdru\u017eenie Senec a okolie\u201c. T\u00ed, ktor\u00ed mi e\u0161te neodovzdali potvrdenie (sta\u010d\u00ed aj napr. cez WhatsApp), nech tak urobia \u010d\u00edm sk\u00f4r. \u010eakujem.<\/p>\n\n\n\n<p>V stredu 3. m\u00e1ja 2023 o 19:45 sa uskuto\u010dn\u00ed stretnutie vo farskom kostole oh\u013eadom prediskutovania \u010fal\u0161\u00edch pr\u00e1c na farskom kostole. Poz\u00fdvam v\u0161etk\u00fdch, ktor\u00ed by vedeli a chceli by\u0165 n\u00e1pomocn\u00ed na zve\u013ea\u010fovan\u00ed n\u00e1\u0161ho starobyl\u00e9ho chr\u00e1mu.<\/p>\n\n\n\n<p>V\u017edy v pondelok, stredu a piatok pribli\u017ene od 16:00 do 18:00 sa pracuje na dokon\u010dovan\u00ed farsk\u00e9ho m\u00faru. Pros\u00edme a z\u00e1rove\u0148 poz\u00fdvame ochotn\u00fdch mu\u017eov pom\u00f4c\u0165.<\/p>\n\n\n\n<p>S \u00factou, <br>Pavol Gajdo\u0161,&nbsp;v\u00e1\u0161&nbsp;far\u00e1r<\/p>\n\t\t\t\t","protected":false},"excerpt":{"rendered":"<p>Moje ovce po\u010d\u00favaj\u00fa m\u00f4j hlas, vrav\u00ed Je\u017ei\u0161. My t\u00fdch hlasov denne po\u010dujeme viac ne\u017e dos\u0165. Ktor\u00fd z nich si berieme k srdcu? Je to hlas, ktor\u00fd n\u00e1m nap\u013a\u0148a bruch\u00e1 alebo ducha?<\/p>\n","protected":false},"author":7,"featured_media":7037,"comment_status":"closed","ping_status":"closed","sticky":false,"template":"","format":"standard","meta":{"footnotes":""},"categories":[13],"tags":[],"class_list":{"0":"entry","1":"post","2":"publish","3":"author-slado89gmail-com","4":"has-excerpt","5":"has-more-link","6":"post-7035","8":"format-standard","9":"has-post-thumbnail","10":"category-oznamy"},"_links":{"self":[{"href":"https:\/\/www.farakostolna.sk\/index.php?rest_route=\/wp\/v2\/posts\/7035","targetHints":{"allow":["GET"]}}],"collection":[{"href":"https:\/\/www.farakostolna.sk\/index.php?rest_route=\/wp\/v2\/posts"}],"about":[{"href":"https:\/\/www.farakostolna.sk\/index.php?rest_route=\/wp\/v2\/types\/post"}],"author":[{"embeddable":true,"href":"https:\/\/www.farakostolna.sk\/index.php?rest_route=\/wp\/v2\/users\/7"}],"replies":[{"embeddable":true,"href":"https:\/\/www.farakostolna.sk\/index.php?rest_route=%2Fwp%2Fv2%2Fcomments&post=7035"}],"version-history":[{"count":0,"href":"https:\/\/www.farakostolna.sk\/index.php?rest_route=\/wp\/v2\/posts\/7035\/revisions"}],"wp:featuredmedia":[{"embeddable":true,"href":"https:\/\/www.farakostolna.sk\/index.php?rest_route=\/"}],"wp:attachment":[{"href":"https:\/\/www.farakostolna.sk\/index.php?rest_route=%2Fwp%2Fv2%2Fmedia&parent=7035"}],"wp:term":[{"taxonomy":"category","embeddable":true,"href":"https:\/\/www.farakostolna.sk\/index.php?rest_route=%2Fwp%2Fv2%2Fcategories&post=7035"},{"taxonomy":"post_tag","embeddable":true,"href":"https:\/\/www.farakostolna.sk\/index.php?rest_route=%2Fwp%2Fv2%2Ftags&post=7035"}],"curies":[{"name":"wp","href":"https:\/\/api.w.org\/{rel}","templated":true}]}}