{"id":7022,"date":"2023-04-14T19:44:30","date_gmt":"2023-04-14T19:44:30","guid":{"rendered":"http:\/\/kostolna.fara.sk\/?p=7022"},"modified":"2023-04-14T19:44:30","modified_gmt":"2023-04-14T19:44:30","slug":"farske-oznamy-a-zamyslenie-16-04-2023","status":"publish","type":"post","link":"https:\/\/www.farakostolna.sk\/?p=7022","title":{"rendered":"Farsk\u00e9 oznamy a zamyslenie (16.04.2023)"},"content":{"rendered":"\n\t\t\t\t\n\t\t\t\t\n<div class=\"wp-block-image\"><figure class=\"aligncenter\"><img decoding=\"async\" src=\"https:\/\/www.farakostolna.sk\/wp-content\/uploads\/2023\/04\/WhatsApp-Image-2023-04-14-at-21.22.18-1-1.jpg\" alt=\"\" class=\"wp-image-7023\"\/><\/figure><\/div>\n\n\n\n<p>&#8220;Kto chce, h\u013ead\u00e1 sp\u00f4soby, kto nechce, h\u013ead\u00e1 d\u00f4vody.&#8221; Asi takto by sa dalo charakterizova\u0165 na\u0161e v\u00e1hanie \u00fapln\u00e9mu odovzdaniu sa do Bo\u017eej n\u00e1ru\u010de, aby sme mohli spolu s Tom\u00e1\u0161om zvola\u0165: &#8220;P\u00e1n m\u00f4j a Boh m\u00f4j.&#8221; Sk\u00fasme teda n\u00e1js\u0165 sp\u00f4sob, ako svoju vieru preh\u013abi\u0165 a odovzda\u0165 \u010falej.<\/p>\n\n\n<p><!--more--><\/p>\n\n\n<p><strong>Sv\u00e4t\u00e9 om\u0161e u n\u00e1s:<\/strong><\/p>\n\n\n\n<p><strong>sobota \u2013 15. apr\u00edla (s nede\u013enou platnos\u0165ou)<\/strong><\/p>\n\n\n\n<ul class=\"wp-block-list\"><li><strong>17:00 \u2013 Hrub\u00e1 Bor\u0161a (slov.\/ma\u010f.)<\/strong><\/li><li><strong>18:00 \u2013 Kostoln\u00e1 (slov.)<\/strong><\/li><\/ul>\n\n\n\n<p><strong>nede\u013ea \u2013 16. apr\u00edla <\/strong><\/p>\n\n\n\n<ul class=\"wp-block-list\"><li><strong>8:00 \u2013 Hrub\u00fd \u0160\u00far (ma\u010f.)<\/strong><\/li><li><strong>9:30 \u2013 Kostoln\u00e1 (ma\u010f.)<\/strong><\/li><li><strong>11:00 \u2013 Kostoln\u00e1 (slov.)<\/strong><\/li><\/ul>\n\n\n\n<p><strong>V t\u00fato nede\u013eu sa pomodl\u00edme spolo\u010dne korunku k Bo\u017eiemu milosrdenstvu o 15:00 v Kostolnej. V\u0161etci sme pozvan\u00ed.<\/strong><\/p>\n\n\n\n<p>Tento t\u00fd\u017ede\u0148 bude ador\u00e1cia v utorok, stredu, \u0161tvrtok a piatok v\u017edy od 17:00 do 18:00. <\/p>\n\n\n\n<p>Sviatos\u0165 zmierenia pon\u00fakam v utorok, stredu a \u0161tvrtok od 17:00 do 18:00 v Kostolnej pod pr\u00edstre\u0161kom.<\/p>\n\n\n\n<p>V stredu o 18:00 bude sv\u00e4t\u00e1 om\u0161a so zrete\u013eom na deti v ma\u010farskom jazyku.<\/p>\n\n\n\n<p>Zbierka pri Bo\u017eom hrobe vyniesla v na\u0161ej farnosti spolu 563,10 \u20ac. Peniaze som u\u017e poslal na dan\u00fd \u00fa\u010det. T\u00fdmito prostriedkami sa pom\u00e1ha kres\u0165anom vo Sv\u00e4tej zemi.<\/p>\n\n\n\n<p>Tento v\u00edkend m\u00e1me pravideln\u00fa mesa\u010dn\u00fa zbierku na opravu farsk\u00e9ho kostola a prev\u00e1dzkov\u00e9 n\u00e1klady farnosti. Vopred \u010fakujem.<\/p>\n\n\n\n<p>E\u0161te st\u00e1le pripom\u00ednam aj mo\u017enos\u0165 darova\u0165 2 % z dan\u00ed na \u201eZdru\u017eenie Senec a okolie\u201c, z ktor\u00e9ho potom m\u00f4\u017eeme \u010derpa\u0165 prostriedky na opravu farsk\u00e9ho kostola. Tla\u010div\u00e1 s\u00fa k dispoz\u00edcii <a href=\"http:\/\/kostolna.fara.sk\/postup-krokov-na-poukazanie-2\/\">na farskej str\u00e1nke.<\/a><\/p>\n\n\n\n<p>S \u00factou,<br>Pavol Gajdo\u0161, v\u00e1\u0161 far\u00e1r<\/p>\n\t\t\t\t","protected":false},"excerpt":{"rendered":"<p>&#8220;Kto chce, h\u013ead\u00e1 sp\u00f4soby, kto nechce, h\u013ead\u00e1 d\u00f4vody.&#8221; Asi takto by sa dalo charakterizova\u0165 na\u0161e v\u00e1hanie \u00fapln\u00e9mu odovzdaniu sa do Bo\u017eej n\u00e1ru\u010de, aby sme mohli spolu s Tom\u00e1\u0161om zvola\u0165: &#8220;P\u00e1n m\u00f4j a Boh m\u00f4j.&#8221; Sk\u00fasme teda n\u00e1js\u0165 sp\u00f4sob, ako svoju vieru preh\u013abi\u0165 a odovzda\u0165 \u010falej.<\/p>\n","protected":false},"author":7,"featured_media":7023,"comment_status":"closed","ping_status":"closed","sticky":false,"template":"","format":"standard","meta":{"footnotes":""},"categories":[13],"tags":[],"class_list":{"0":"entry","1":"post","2":"publish","3":"author-slado89gmail-com","4":"has-excerpt","5":"has-more-link","6":"post-7022","8":"format-standard","9":"has-post-thumbnail","10":"category-oznamy"},"_links":{"self":[{"href":"https:\/\/www.farakostolna.sk\/index.php?rest_route=\/wp\/v2\/posts\/7022","targetHints":{"allow":["GET"]}}],"collection":[{"href":"https:\/\/www.farakostolna.sk\/index.php?rest_route=\/wp\/v2\/posts"}],"about":[{"href":"https:\/\/www.farakostolna.sk\/index.php?rest_route=\/wp\/v2\/types\/post"}],"author":[{"embeddable":true,"href":"https:\/\/www.farakostolna.sk\/index.php?rest_route=\/wp\/v2\/users\/7"}],"replies":[{"embeddable":true,"href":"https:\/\/www.farakostolna.sk\/index.php?rest_route=%2Fwp%2Fv2%2Fcomments&post=7022"}],"version-history":[{"count":0,"href":"https:\/\/www.farakostolna.sk\/index.php?rest_route=\/wp\/v2\/posts\/7022\/revisions"}],"wp:featuredmedia":[{"embeddable":true,"href":"https:\/\/www.farakostolna.sk\/index.php?rest_route=\/"}],"wp:attachment":[{"href":"https:\/\/www.farakostolna.sk\/index.php?rest_route=%2Fwp%2Fv2%2Fmedia&parent=7022"}],"wp:term":[{"taxonomy":"category","embeddable":true,"href":"https:\/\/www.farakostolna.sk\/index.php?rest_route=%2Fwp%2Fv2%2Fcategories&post=7022"},{"taxonomy":"post_tag","embeddable":true,"href":"https:\/\/www.farakostolna.sk\/index.php?rest_route=%2Fwp%2Fv2%2Ftags&post=7022"}],"curies":[{"name":"wp","href":"https:\/\/api.w.org\/{rel}","templated":true}]}}