{"id":7016,"date":"2023-04-07T17:49:15","date_gmt":"2023-04-07T17:49:15","guid":{"rendered":"http:\/\/kostolna.fara.sk\/?p=7016"},"modified":"2023-04-07T17:49:15","modified_gmt":"2023-04-07T17:49:15","slug":"farske-oznamy-a-zamyslenie-09-04-2023","status":"publish","type":"post","link":"https:\/\/www.farakostolna.sk\/?p=7016","title":{"rendered":"Farsk\u00e9 oznamy a zamyslenie (09.04.2023)"},"content":{"rendered":"\n\t\t\t\t\n\t\t\t\t\n<div class=\"wp-block-image\"><figure class=\"aligncenter\"><img decoding=\"async\" src=\"https:\/\/www.farakostolna.sk\/wp-content\/uploads\/2023\/04\/WhatsApp-Image-2023-04-07-at-19.20.53-1-1024x512.jpg\" alt=\"\" class=\"wp-image-7017\"\/><\/figure><\/div>\n\n\n\n<p>Ako radi sa staviame na stranu v\u00ed\u0165azov. Aj s Je\u017ei\u0161om sme najrad\u0161ej, ke\u010f je u\u017e &#8220;po v\u0161etkom&#8221; &#8211; osl\u00e1ven\u00fd. Ale bez kr\u00ed\u017eovej cesty niet ani tej ve\u010dnej cesty. Nezabudnime, \u017ee n\u00e1\u0161mu vyk\u00fapeniu predch\u00e1dzalo neuverite\u013en\u00e9 utrpenie toho, ktor\u00e9ho poslal samotn\u00fd Boh Otec. Cel\u00fd \u017eivot n\u00e1m mo\u017eno nesta\u010d\u00ed na to, aby sme to pochopili.<\/p>\n\n\n<p><!--more--><\/p>\n\n\n<p><strong>Sv\u00e4t\u00e9 om\u0161e u n\u00e1s:<\/strong><\/p>\n\n\n\n<p><strong>sobota \u2013 8. apr\u00edla (vig\u00edlia vzkriesenia)<\/strong><\/p>\n\n\n\n<ul class=\"wp-block-list\"><li><strong>19:00 \u2013 Kostoln\u00e1 (slov.\/ma\u010f.\/lat.)<\/strong><\/li><\/ul>\n\n\n\n<p><strong>Ve\u013ekono\u010dn\u00e1 nede\u013ea \u2013 9. apr\u00edla <\/strong><\/p>\n\n\n\n<ul class=\"wp-block-list\"><li><strong>8:00 \u2013 Hrub\u00fd \u0160\u00far (ma\u010f.)<\/strong><\/li><li><strong>9:30 \u2013 Kostoln\u00e1 (ma\u010f.)<\/strong><\/li><li><strong>11:00 \u2013 Kostoln\u00e1 (slov.)<\/strong><\/li><li><strong>17:00 \u2013 Hrub\u00e1 Bor\u0161a (slov.\/ma\u010f.)<\/strong><\/li><\/ul>\n\n\n\n<p><strong>Ve\u013ekono\u010dn\u00fd pondelok \u2013 10. apr\u00edla <\/strong><\/p>\n\n\n\n<ul class=\"wp-block-list\"><li><strong>8:00 \u2013 Hrub\u00fd \u0160\u00far (ma\u010f.)<\/strong><\/li><li><strong>9:30 \u2013 Kostoln\u00e1 (ma\u010f.)<\/strong><\/li><li><strong>11:00 \u2013 Kostoln\u00e1 (slov.)<\/strong><\/li><\/ul>\n\n\n\n<p>Po vig\u00edlii vzkriesenia (v sobotu ve\u010der) v\u0161etk\u00fdch u\u017e tradi\u010dne poz\u00fdvam na poh\u00e1rik dobr\u00e9ho v\u00ednka, alebo na chutn\u00fd \u010daj\u00edk pod pr\u00edstre\u0161ok pri kostole.<\/p>\n\n\n\n<p>Na ve\u013ekono\u010dn\u00fa nede\u013eu budem chor\u00fdm, ktor\u00ed sa nemohli z\u00fa\u010dastni\u0165 ve\u013ekono\u010dn\u00fdch bohoslu\u017eieb v kostole, rozn\u00e1\u0161a\u0165 po domoch \u017eiv\u00e9ho P\u00e1na Je\u017ei\u0161a v Eucharistii. V Kostolnej a Hrubom \u0160\u00fare od 14:00 do 15:00. Dajte mi, pros\u00edm, vedie\u0165 cez mojich kostoln\u00edkov, aby sa na nikoho nezabudlo.<\/p>\n\n\n\n<p>Tento t\u00fd\u017ede\u0148 bude ador\u00e1cia v stredu, \u0161tvrtok a piatok v\u017edy od 17:00 do 18:00. <\/p>\n\n\n\n<p>Sviatos\u0165 zmierenia pon\u00fakam tentoraz iba v stredu od 17:00 do 18:00 v Kostolnej pod pr\u00edstre\u0161kom.<\/p>\n\n\n\n<p>V stredu o 18:00 bude sv\u00e4t\u00e1 om\u0161a so zrete\u013eom na deti v slovenskom jazyku.<\/p>\n\n\n\n<p><strong>Na bud\u00facu nede\u013eu Bo\u017eieho milosrdenstva bude o 15:00 korunka k Bo\u017eiemu milosrdenstvu v Kostolnej.<\/strong><\/p>\n\n\n\n<p>Na bud\u00faci v\u00edkend m\u00e1me pravideln\u00fa mesa\u010dn\u00fa zbierku na opravu farsk\u00e9ho kostola a prev\u00e1dzkov\u00e9 n\u00e1klady farnosti. Vopred \u010fakujem.<\/p>\n\n\n\n<p>V t\u00fato ve\u013ekono\u010dn\u00fa nede\u013eu je ve\u013ekono\u010dn\u00e1 ofera, ktorou sa zav\u010fa\u010d\u00edme t\u00fdm, ktor\u00ed celoro\u010dne nezi\u0161tne sl\u00fa\u017eia v Bo\u017eom chr\u00e1me (kostoln\u00edci, organisti, mini\u0161tranti, \u2026). Vopred \u010fakujem.<\/p>\n\n\n\n<p>Aj tento rok je mo\u017en\u00e9 darova\u0165 2 % z dan\u00ed na \u201eZdru\u017eenie Senec a okolie\u201c, z ktor\u00e9ho potom m\u00f4\u017eeme \u010derpa\u0165 prostriedky na opravu farsk\u00e9ho kostola. Tla\u010div\u00e1 s\u00fa k dispoz\u00edcii <a href=\"http:\/\/kostolna.fara.sk\/postup-krokov-na-poukazanie-2\/\">na farskej str\u00e1nke<\/a>.<\/p>\n\n\n\n<p>\u00daprimne \u010fakujem v\u0161etk\u00fdm, ktor\u00ed ak\u00fdmko\u013evek sp\u00f4sobom pomohli pri skr\u00e1\u0161len\u00ed oslavy ve\u013ekono\u010dn\u00fdch sviatkov, \u010di u\u017e sa to t\u00fdka upratovania, v\u00fdzdoby, n\u00e1dhern\u00fdch kvetov, spevu, asistenci\u00ed, organizovan\u00ed kr\u00ed\u017eovej cesty v Marianke\u2026<\/p>\n\n\n\n<p>Ve\u013ek\u00e1 v\u010faka za V\u00c1S!!!<\/p>\n\n\n\n<p>S \u00factou,<br>Pavol Gajdo\u0161, v\u00e1\u0161 far\u00e1r<\/p>\n\t\t\t\t","protected":false},"excerpt":{"rendered":"<p>Ako radi sa staviame na stranu v\u00ed\u0165azov. Aj s Je\u017ei\u0161om sme najrad\u0161ej, ke\u010f je u\u017e &#8220;po v\u0161etkom&#8221; &#8211; osl\u00e1ven\u00fd. Ale bez kr\u00ed\u017eovej cesty niet ani tej ve\u010dnej cesty. Nezabudnime, \u017ee n\u00e1\u0161mu vyk\u00fapeniu predch\u00e1dzalo neuverite\u013en\u00e9 utrpenie toho, ktor\u00e9ho poslal samotn\u00fd Boh Otec. Cel\u00fd \u017eivot n\u00e1m mo\u017eno nesta\u010d\u00ed na to, aby sme to pochopili.<\/p>\n","protected":false},"author":7,"featured_media":7017,"comment_status":"closed","ping_status":"closed","sticky":false,"template":"","format":"standard","meta":{"footnotes":""},"categories":[13],"tags":[],"class_list":{"0":"entry","1":"post","2":"publish","3":"author-slado89gmail-com","4":"has-excerpt","5":"has-more-link","6":"post-7016","8":"format-standard","9":"has-post-thumbnail","10":"category-oznamy"},"_links":{"self":[{"href":"https:\/\/www.farakostolna.sk\/index.php?rest_route=\/wp\/v2\/posts\/7016","targetHints":{"allow":["GET"]}}],"collection":[{"href":"https:\/\/www.farakostolna.sk\/index.php?rest_route=\/wp\/v2\/posts"}],"about":[{"href":"https:\/\/www.farakostolna.sk\/index.php?rest_route=\/wp\/v2\/types\/post"}],"author":[{"embeddable":true,"href":"https:\/\/www.farakostolna.sk\/index.php?rest_route=\/wp\/v2\/users\/7"}],"replies":[{"embeddable":true,"href":"https:\/\/www.farakostolna.sk\/index.php?rest_route=%2Fwp%2Fv2%2Fcomments&post=7016"}],"version-history":[{"count":0,"href":"https:\/\/www.farakostolna.sk\/index.php?rest_route=\/wp\/v2\/posts\/7016\/revisions"}],"wp:featuredmedia":[{"embeddable":true,"href":"https:\/\/www.farakostolna.sk\/index.php?rest_route=\/"}],"wp:attachment":[{"href":"https:\/\/www.farakostolna.sk\/index.php?rest_route=%2Fwp%2Fv2%2Fmedia&parent=7016"}],"wp:term":[{"taxonomy":"category","embeddable":true,"href":"https:\/\/www.farakostolna.sk\/index.php?rest_route=%2Fwp%2Fv2%2Fcategories&post=7016"},{"taxonomy":"post_tag","embeddable":true,"href":"https:\/\/www.farakostolna.sk\/index.php?rest_route=%2Fwp%2Fv2%2Ftags&post=7016"}],"curies":[{"name":"wp","href":"https:\/\/api.w.org\/{rel}","templated":true}]}}