{"id":7011,"date":"2023-03-31T21:40:10","date_gmt":"2023-03-31T21:40:10","guid":{"rendered":"http:\/\/kostolna.fara.sk\/?p=7011"},"modified":"2023-03-31T21:40:10","modified_gmt":"2023-03-31T21:40:10","slug":"farske-oznamy-a-zamyslenie-02-04-2023","status":"publish","type":"post","link":"https:\/\/www.farakostolna.sk\/?p=7011","title":{"rendered":"Farsk\u00e9 oznamy a zamyslenie (02.04.2023)"},"content":{"rendered":"\n\t\t\t\t\n\t\t\t\t\n<div class=\"wp-block-image\"><figure class=\"aligncenter\"><img decoding=\"async\" src=\"https:\/\/www.farakostolna.sk\/wp-content\/uploads\/2023\/03\/WhatsApp-Image-2023-03-31-at-23.20.07-1-1024x535.jpg\" alt=\"\" class=\"wp-image-7012\"\/><\/figure><\/div>\n\n\n\n<p>Najsk\u00f4r &#8220;Hosanna!&#8221; a potom &#8220;Ukri\u017euj ho!&#8221; Pr\u00e1vom odsudzujeme konanie davu v Jeruzaleme, ale nekon\u00e1me vo\u010di \u013eu\u010fom a Bohu podobne?<\/p>\n\n\n<p><!--more--><\/p>\n\n\n<p><strong>Sv\u00e4t\u00e9 om\u0161e u n\u00e1s:<\/strong><\/p>\n\n\n\n<p><strong>sobota \u2013 1. apr\u00edla (s nede\u013enou platnos\u0165ou)<\/strong><\/p>\n\n\n\n<ul class=\"wp-block-list\"><li><strong>17:00 \u2013 Hrub\u00e1 Bor\u0161a (slov.\/ma\u010f.)<\/strong><\/li><li><strong>18:00 \u2013 Kostoln\u00e1 (slov.)<\/strong><\/li><\/ul>\n\n\n\n<p><strong>nede\u013ea \u2013 2. apr\u00edla <\/strong><\/p>\n\n\n\n<ul class=\"wp-block-list\"><li><strong>8:00 \u2013 Hrub\u00fd \u0160\u00far (ma\u010f.)<\/strong><\/li><li><strong>9:30 \u2013 Kostoln\u00e1 (ma\u010f.)<\/strong><\/li><li><strong>11:00 \u2013 Kostoln\u00e1 (slov.) <\/strong><\/li><\/ul>\n\n\n\n<p>M\u00f4\u017eete si prinies\u0165 ratolesti na po\u017eehnanie. Budeme si pripom\u00edna\u0165 Je\u017ei\u0161ov sl\u00e1vny vstup do Jeruzalema.<\/p>\n\n\n\n<p>O 11:00 bude v t\u00fato nede\u013eu v Kostolnej sv\u00e4t\u00e1 om\u0161a tzv. &#8220;rodinn\u00e1&#8221;, na ktor\u00fa poz\u00fdvame v\u0161etk\u00fdch, osobitne deti spolu s rodi\u010dmi. Predt\u00fdm sa od 10:30 budeme modli\u0165 kr\u00ed\u017eov\u00fa cestu za k\u0148azov. <\/p>\n\n\n\n<p>Spoveda\u0165 budem vo farnosti u\u017e len v Kostolnej v utorok a stredu po sv\u00e4tej om\u0161i 19:30. Vyu\u017eite pros\u00edm predve\u013ekono\u010dn\u00e9 vysluhovanie sviatosti zmierenia e\u0161te napr. v t\u00fato nede\u013eu (2. 4.) vo Ve\u013ekom Bieli od 14:30 do 16:30.<\/p>\n\n\n\n<p>V stredu bude sv\u00e4t\u00e1 om\u0161a v Kostolnej o 18:00 so zrete\u013eom na deti v ma\u010farskom jazyku. <\/p>\n\n\n\n<p>Na Zelen\u00fd \u0161tvrtok sa v Katedr\u00e1le sv. Martina v Bratislave o 9.30 hod. za\u010dne om\u0161a sv\u00e4tenia olejov, po\u010das ktorej n\u00e1\u0161 diec\u00e9zny biskup Mons. Stanislav Zvolensk\u00fd posv\u00e4t\u00ed krizmu a po\u017eehn\u00e1 olej katechumenov a olej na pomazanie chor\u00fdch. K\u0148azi si pri tejto sv. om\u0161i obnovia s\u013euby, ktor\u00e9 zlo\u017eili pri svojej vysviacke.<\/p>\n\n\n\n<p><strong><span style=\"color:red\">Pripom\u00ednam, \u017ee na Ve\u013ek\u00fd piatok n\u00e1s zav\u00e4zuje pr\u00edsny p\u00f4st. To znamen\u00e1, \u017ee sa zdr\u017eiavame m\u00e4sit\u00e9ho pokrmu! Dospel\u00ed (od 18 do 60 roku) jedia len 3x za de\u0148, z toho len raz dos\u00fdta.<\/span><\/strong><\/p>\n\n\n\n<p><strong>Na Ve\u013ek\u00fd piatok (7. apr\u00edla) poriadame spolo\u010dn\u00fa kr\u00ed\u017eov\u00fa cestu do Marianky. <\/strong>Autobusy p\u00f4jdu z Hrubej Bor\u0161e od zast\u00e1vky a z Hrub\u00e9ho \u0160\u00faru od kaplnky 7:30, z Kostolnej budeme odch\u00e1dza\u0165 spolo\u010dne 7:45 od kostola. Povzbudzujem V\u00e1s k hojnej \u00fa\u010dasti. Cena za l\u00edstok je 5 \u20ac za dospel\u00fa osobu. Pl\u00e1novan\u00fd n\u00e1vrat je okolo obeda. <\/p>\n\n\n\n<p>Sviatos\u0165 Olt\u00e1rna bude vystaven\u00e1 k poklone vo farskom kostole v Kostolnej na Bielu sobotu od 9:00 do 19:00 pod\u013ea rozpisu. Vyu\u017eite tento \u010das a pr\u00ed\u010fte sa st\u00ed\u0161i\u0165 v modlitbe do Bo\u017eieho chr\u00e1mu.<\/p>\n\n\n\n<p>Na bielu sobotu o 11:00 budem po\u017eehn\u00e1va\u0165 pokrm, ktor\u00fd si m\u00f4\u017eete prinies\u0165 na po\u017eehnanie do farsk\u00e9ho kostola v ko\u0161\u00edkoch.<\/p>\n\n\n\n<p>V uplynul\u00fdch d\u0148och ste si mohli n\u00e1js\u0165 vo svojich po\u0161tov\u00fdch schr\u00e1nkach na\u0161e <a href=\"https:\/\/drive.google.com\/file\/d\/1QowHHtBjXxa2yQzWSEclpwAfktSknJZQ\/view?usp=sharing\">Farsk\u00e9 noviny &#8211; Mi \u00dajs\u00e1g?<\/a>. T\u00fdmto \u00faprimne \u010fakujem v\u0161etk\u00fdm, ktor\u00ed sa na jeho tvorbe podie\u013eali a pomohli s jeho roznosen\u00edm. Svoj dobrovo\u013en\u00fd pr\u00edspevok m\u00f4\u017eete kedyko\u013evek vlo\u017ei\u0165 do pokladni\u010dky na noviny.<\/p>\n\n\n\n<p>Minulot\u00fd\u017ed\u0148ov\u00e1 zbierka na pomoc prenasledovan\u00fdm kres\u0165anom a ute\u010dencom vyniesla v na\u0161ej farnosti spolu v Kostolnej 889,65, \u20ac peniaze som preposlal e\u0161te v stredu na dan\u00fd \u00fa\u010det. \u010eakujem. <\/p>\n\n\n\n<p>Aj tento rok je mo\u017en\u00e9 darova\u0165 2 % z dan\u00ed na \u201eZdru\u017eenie Senec a okolie\u201c, z ktor\u00e9ho potom m\u00f4\u017eeme \u010derpa\u0165 prostriedky na opravu farsk\u00e9ho kostola. Tla\u010div\u00e1 s\u00fa k dispoz\u00edcii na farskej str\u00e1nke <a href=\"http:\/\/kostolna.fara.sk\/postup-krokov-na-poukazanie-2\/\">na stiahnutie<\/a>.<\/p>\n\n\n\n<p><strong>Ve\u013ekono\u010dn\u00e9 trojdnie v Kostolnej bude:<\/strong><\/p>\n\n\n\n<ul class=\"wp-block-list\"><li><strong>Zelen\u00fd \u0161tvrtok: 18:00 <\/strong><\/li><li><strong>Ve\u013ek\u00fd piatok: 15:00<\/strong><\/li><li><strong>Biela sobota: 19:00<\/strong><\/li><\/ul>\n\n\n\n<p>Te\u0161\u00edme sa na v\u00e1s!<\/p>\n\n\n\n<p>S \u00factou,<br>Pavol Gajdo\u0161, v\u00e1\u0161 far\u00e1r<\/p>\n\t\t\t\t","protected":false},"excerpt":{"rendered":"<p>Najsk\u00f4r &#8220;Hosanna!&#8221; a potom &#8220;Ukri\u017euj ho!&#8221; Pr\u00e1vom odsudzujeme konanie davu v Jeruzaleme, ale nekon\u00e1me vo\u010di \u013eu\u010fom a Bohu podobne?<\/p>\n","protected":false},"author":7,"featured_media":7012,"comment_status":"closed","ping_status":"closed","sticky":false,"template":"","format":"standard","meta":{"footnotes":""},"categories":[13],"tags":[],"class_list":{"0":"entry","1":"post","2":"publish","3":"author-slado89gmail-com","4":"has-excerpt","5":"has-more-link","6":"post-7011","8":"format-standard","9":"has-post-thumbnail","10":"category-oznamy"},"_links":{"self":[{"href":"https:\/\/www.farakostolna.sk\/index.php?rest_route=\/wp\/v2\/posts\/7011","targetHints":{"allow":["GET"]}}],"collection":[{"href":"https:\/\/www.farakostolna.sk\/index.php?rest_route=\/wp\/v2\/posts"}],"about":[{"href":"https:\/\/www.farakostolna.sk\/index.php?rest_route=\/wp\/v2\/types\/post"}],"author":[{"embeddable":true,"href":"https:\/\/www.farakostolna.sk\/index.php?rest_route=\/wp\/v2\/users\/7"}],"replies":[{"embeddable":true,"href":"https:\/\/www.farakostolna.sk\/index.php?rest_route=%2Fwp%2Fv2%2Fcomments&post=7011"}],"version-history":[{"count":0,"href":"https:\/\/www.farakostolna.sk\/index.php?rest_route=\/wp\/v2\/posts\/7011\/revisions"}],"wp:featuredmedia":[{"embeddable":true,"href":"https:\/\/www.farakostolna.sk\/index.php?rest_route=\/"}],"wp:attachment":[{"href":"https:\/\/www.farakostolna.sk\/index.php?rest_route=%2Fwp%2Fv2%2Fmedia&parent=7011"}],"wp:term":[{"taxonomy":"category","embeddable":true,"href":"https:\/\/www.farakostolna.sk\/index.php?rest_route=%2Fwp%2Fv2%2Fcategories&post=7011"},{"taxonomy":"post_tag","embeddable":true,"href":"https:\/\/www.farakostolna.sk\/index.php?rest_route=%2Fwp%2Fv2%2Ftags&post=7011"}],"curies":[{"name":"wp","href":"https:\/\/api.w.org\/{rel}","templated":true}]}}