{"id":6995,"date":"2023-03-25T00:26:16","date_gmt":"2023-03-25T00:26:16","guid":{"rendered":"http:\/\/kostolna.fara.sk\/?p=6995"},"modified":"2023-03-25T00:26:16","modified_gmt":"2023-03-25T00:26:16","slug":"farske-oznamy-a-zamyslenie-26-03-2023","status":"publish","type":"post","link":"https:\/\/www.farakostolna.sk\/?p=6995","title":{"rendered":"Farsk\u00e9 oznamy a zamyslenie (26.03.2023)"},"content":{"rendered":"\n\t\t\t\t\n\t\t\t\t\n<div class=\"wp-block-image\"><figure class=\"aligncenter\"><img decoding=\"async\" src=\"https:\/\/www.farakostolna.sk\/wp-content\/uploads\/2023\/03\/image-3-2-1-1024x832.png\" alt=\"\" class=\"wp-image-6996\"\/><\/figure><\/div>\n\n\n\n<p>Ja Som Cesta, Pravda, \u017divot, Ja Som Vzkriesenie a \u017divot\u2026 Tam, kde je n\u00e1\u0161 Boh, je \u017eivot &#8211; on v\u0161ak poz\u00fdva predov\u0161etk\u00fdm k ve\u010dn\u00e9mu \u017eivotu. Niekedy v\u0161ak <b>potrebujeme odvali\u0165 kame\u0148<\/b> &#8211; nie v\u0161ak na hrobe, ale <b>na na\u0161om srdci.<\/b> M\u00e1me na to d\u00f4veru a odvahu?<\/p>\n\n\n<p><!--more--><\/p>\n\n\n<p><strong>Sv\u00e4t\u00e9 om\u0161e u n\u00e1s:<\/strong><\/p>\n\n\n\n<p><strong>sobota \u2013 25. marca (s nede\u013enou platnos\u0165ou)<\/strong><\/p>\n\n\n\n<ul class=\"wp-block-list\"><li><strong>17:00 \u2013 Hrub\u00e1 Bor\u0161a (slov.\/ma\u010f.)<\/strong><\/li><li><strong> 18:00 \u2013 Kostoln\u00e1 (slov.)<\/strong><\/li><\/ul>\n\n\n\n<p><b>nede\u013ea \u2013 26. marca<\/b><\/p>\n\n\n\n<ul class=\"wp-block-list\"><li><strong>8:00 \u2013 Hrub\u00fd \u0160\u00far (ma\u010f.)<\/strong><\/li><li><strong>9:30 \u2013 Kostoln\u00e1 (ma\u010f.)<\/strong><\/li><li><strong>11:00 \u2013 Kostoln\u00e1 (slov.) <\/strong><\/li><\/ul>\n\n\n\n<p>V t\u00fato nede\u013eu poz\u00fdvam do Kostolnej osobitne mu\u017eov a otcov o 10:30 na pobo\u017enos\u0165 kr\u00ed\u017eovej cesty. <\/p>\n\n\n\n<p>Prechodom na letn\u00fd \u010das bud\u00fa cez t\u00fd\u017ede\u0148 (od utorka do piatku) sv\u00e4t\u00e9 om\u0161e v Kostolnej posunut\u00e9 o hodinu nesk\u00f4r &#8211; t. j. o 18:00 a 19:00. Sledujte pros\u00edm rozpis.<\/p>\n\n\n\n<p>Tento t\u00fd\u017ede\u0148 budem vo farnosti spoveda\u0165 len v utorok v Kostolnej od 17:00 do 18:00. V tom \u010dase bude v kostole ador\u00e1cia. <\/p>\n\n\n\n<p>V stredu bude sv\u00e4t\u00e1 om\u0161a v Kostolnej o 18:00 so zrete\u013eom na deti v slovenskom jazyku.<\/p>\n\n\n\n<p>Spolo\u010denstvo Modlitby Matiek n\u00e1s poz\u00fdva na Modlitbov\u00e9 trojdnie teraz cez v\u00edkend. Ke\u010f\u017ee s\u00fa\u010dasne prebieha aj predve\u013ekono\u010dn\u00e9 spovedanie, bude to nasledovne: v Hrubej Bor\u0161i v t\u00fato sobotu po sv\u00e4tej om\u0161i cca o 18:00 a v Kostolnej v t\u00fato nede\u013eu o 18:30.<\/p>\n\n\n\n<p><strong>D\u00e1vam do pozornosti, \u017ee na Ve\u013ek\u00fd piatok (7. apr\u00edla) poriadame spolo\u010dn\u00fa kr\u00ed\u017eov\u00fa cestu za rodiny v Marianke. Odchod autobusov bude o 7:30 z Hrub\u00e9ho \u0160\u00faru a Hrubej Bor\u0161i a z Kostolnej o 7:45. Pl\u00e1novan\u00fd n\u00e1vrat je okolo obeda. <\/strong><\/p>\n\n\n\n<p>Minulot\u00fd\u017ed\u0148ov\u00e1 zbierka na opravu farsk\u00e9ho kostola a prev\u00e1dzkov\u00e9 n\u00e1klady farnosti vyniesla v Kostolnej 936,50 \u20ac, v Hrubej Bor\u0161i 97,50 \u20ac a v Hrubom \u0160\u00fare 191 \u20ac. \u010eakujem za va\u0161u priaze\u0148. <\/p>\n\n\n\n<p>Tento v\u00edkend m\u00e1me vo v\u0161etk\u00fdch kostoloch na Slovensku zbierku na pomoc prenasledovan\u00fdm kres\u0165anom a ute\u010dencom. Vopred v\u010faka. <\/p>\n\n\n\n<p>Aj tento rok je mo\u017en\u00e9 darova\u0165 2 % z dan\u00ed na \u201eZdru\u017eenie Senec a okolie\u201c, z ktor\u00e9ho potom m\u00f4\u017eeme \u010derpa\u0165 prostriedky na opravu farsk\u00e9ho kostola. Tla\u010div\u00e1 s\u00fa k dispoz\u00edcii na farskej str\u00e1nke <a href=\"http:\/\/kostolna.fara.sk\/postup-krokov-na-poukazanie-2\/\">na stiahnutie<\/a>. <\/p>\n\n\n\n<p>S \u00factou,<br>Pavol Gajdo\u0161, v\u00e1\u0161 far\u00e1r<\/p>\n\t\t\t\t","protected":false},"excerpt":{"rendered":"<p>Ja Som Cesta, Pravda, \u017divot, Ja Som Vzkriesenie a \u017divot\u2026 Tam, kde je n\u00e1\u0161 Boh, je \u017eivot &#8211; on v\u0161ak poz\u00fdva predov\u0161etk\u00fdm k ve\u010dn\u00e9mu \u017eivotu. Niekedy v\u0161ak potrebujeme odvali\u0165 kame\u0148 &#8211; nie v\u0161ak na hrobe, ale na na\u0161om srdci. M\u00e1me na to d\u00f4veru a odvahu?<\/p>\n","protected":false},"author":7,"featured_media":6996,"comment_status":"closed","ping_status":"closed","sticky":false,"template":"","format":"standard","meta":{"footnotes":""},"categories":[13],"tags":[],"class_list":{"0":"entry","1":"post","2":"publish","3":"author-slado89gmail-com","4":"has-excerpt","5":"has-more-link","6":"post-6995","8":"format-standard","9":"has-post-thumbnail","10":"category-oznamy"},"_links":{"self":[{"href":"https:\/\/www.farakostolna.sk\/index.php?rest_route=\/wp\/v2\/posts\/6995","targetHints":{"allow":["GET"]}}],"collection":[{"href":"https:\/\/www.farakostolna.sk\/index.php?rest_route=\/wp\/v2\/posts"}],"about":[{"href":"https:\/\/www.farakostolna.sk\/index.php?rest_route=\/wp\/v2\/types\/post"}],"author":[{"embeddable":true,"href":"https:\/\/www.farakostolna.sk\/index.php?rest_route=\/wp\/v2\/users\/7"}],"replies":[{"embeddable":true,"href":"https:\/\/www.farakostolna.sk\/index.php?rest_route=%2Fwp%2Fv2%2Fcomments&post=6995"}],"version-history":[{"count":0,"href":"https:\/\/www.farakostolna.sk\/index.php?rest_route=\/wp\/v2\/posts\/6995\/revisions"}],"wp:featuredmedia":[{"embeddable":true,"href":"https:\/\/www.farakostolna.sk\/index.php?rest_route=\/"}],"wp:attachment":[{"href":"https:\/\/www.farakostolna.sk\/index.php?rest_route=%2Fwp%2Fv2%2Fmedia&parent=6995"}],"wp:term":[{"taxonomy":"category","embeddable":true,"href":"https:\/\/www.farakostolna.sk\/index.php?rest_route=%2Fwp%2Fv2%2Fcategories&post=6995"},{"taxonomy":"post_tag","embeddable":true,"href":"https:\/\/www.farakostolna.sk\/index.php?rest_route=%2Fwp%2Fv2%2Ftags&post=6995"}],"curies":[{"name":"wp","href":"https:\/\/api.w.org\/{rel}","templated":true}]}}