{"id":6991,"date":"2023-03-18T00:24:34","date_gmt":"2023-03-18T00:24:34","guid":{"rendered":"http:\/\/kostolna.fara.sk\/?p=6991"},"modified":"2023-03-18T00:24:34","modified_gmt":"2023-03-18T00:24:34","slug":"farske-oznamy-a-zamyslenie-19-03-2023","status":"publish","type":"post","link":"https:\/\/www.farakostolna.sk\/?p=6991","title":{"rendered":"Farsk\u00e9 oznamy a zamyslenie (19.03.2023)"},"content":{"rendered":"\n\t\t\t\t\n\t\t\t\t\n<div class=\"wp-block-image\"><figure class=\"aligncenter\"><img decoding=\"async\" src=\"https:\/\/www.farakostolna.sk\/wp-content\/uploads\/2023\/03\/image-3-1-1-1024x682.png\" alt=\"\" class=\"wp-image-6992\"\/><\/figure><\/div>\n\n\n\n<p>Ako to, \u017ee Boh obdaril toho \u010dloveka to\u013ek\u00fdm po\u017eehnan\u00edm (a m\u0148a nie)? Mo\u017eno toto farizeji z\u00e1videli Je\u017ei\u0161ovi. Paradoxne ten, \u010do bol slep\u00fd, n\u00e1s priamo vedie k Bohu &#8211; t\u00ed ostatn\u00ed sa v\u0161emo\u017ene vykr\u00facali, len aby nemuseli otvorene sved\u010di\u0165. A \u010do my? Vieme vyzna\u0165 otvorene, \u017ee Je\u017ei\u0161 je Mesi\u00e1\u0161?<\/p>\n\n\n<p><!--more--><\/p>\n\n\n<p><strong>Sv\u00e4t\u00e9 om\u0161e u n\u00e1s:<\/strong><\/p>\n\n\n\n<p><strong>sobota \u2013 18. marca (s nede\u013enou platnos\u0165ou)<\/strong><\/p>\n\n\n\n<ul class=\"wp-block-list\"><li><strong>17:00 \u2013 Hrub\u00e1 Bor\u0161a (slov.\/ma\u010f.)<\/strong><\/li><li><strong>18:00 \u2013 Kostoln\u00e1 (slov.)<\/strong><\/li><\/ul>\n\n\n\n<p><strong>nede\u013ea \u2013 19. marca<\/strong><\/p>\n\n\n\n<ul class=\"wp-block-list\"><li><strong>8:00 \u2013 Hrub\u00fd \u0160\u00far (ma\u010f.)<\/strong><\/li><li><strong>9:30 \u2013 Kostoln\u00e1 (ma\u010f.)<\/strong><\/li><li><strong>11:00 \u2013 Kostoln\u00e1 (slov.) <\/strong><\/li><\/ul>\n\n\n\n<p>V utorok bude v Kostolnej len jedna sv\u00e4t\u00e1 om\u0161a o 17:00.<\/p>\n\n\n\n<p>V stredu bude sv\u00e4t\u00e1 om\u0161a v Kostolnej o 18:00 so zrete\u013eom na deti v ma\u010farskom jazyku.<\/p>\n\n\n\n<p>Tento t\u00fd\u017ede\u0148 budem v Kostolnej spoveda\u0165 v stredu, \u0161tvrtok a piatok od 16:00 do 17:00 na farskom dvore pod pr\u00edstre\u0161kom. S\u00fa\u010dasne v tom \u010dase bude v kostole ador\u00e1cia.<\/p>\n\n\n\n<p><strong><span style=\"color:red\">V sobotu (25. marca) budeme ma\u0165 od 9:00 do 11:00 v na\u0161ej farnosti predve\u013ekono\u010dn\u00e9 spovedanie vo v\u0161etk\u00fdch troch na\u0161ich kostoloch (Kostolnej, Hrubom \u0160\u00fare aj Hrubej Bor\u0161i). Pr\u00eddu viacer\u00ed k\u0148azi, vyu\u017eite, pros\u00edm, t\u00fato pr\u00edle\u017eitos\u0165. <\/span><\/strong><\/p>\n\n\n\n<p><strong>Spolo\u010denstvo Modlitby Matiek n\u00e1s poz\u00fdva na Modlitbov\u00e9 trojdnie v najbli\u017e\u0161\u00ed v\u00edkend. <\/strong>Ke\u010f\u017ee u\u017e bude s\u00fa\u010dasne prebieha\u0165 predve\u013ekono\u010dn\u00e9 spovedanie, tentoraz to bude nasledovne: v Hrubom \u0160\u00fare v piatok o 10:00, v Hrubej Bor\u0161i v sobotu po sv\u00e4tej om\u0161i cca o 18:00 a v Kostolnej v nede\u013eu o 18:30.<\/p>\n\n\n\n<p><strong>Pobo\u017enos\u0165 kr\u00ed\u017eovej cesty v p\u00f4stnom obdob\u00ed m\u00e1me:<\/strong><\/p>\n\n\n\n<ul class=\"wp-block-list\"><li><strong>v Hrubom \u0160\u00fare v piatok o 18:30 (ma\u010farsky),<\/strong><\/li><li><strong> v Hrubej Bor\u0161i v sobotu o 16:30<\/strong><\/li><li><strong>a v Kostolnej v\u017edy v nede\u013eu od 10:30 (slovensky) a 15:00 (ma\u010farsky).<\/strong><\/li><\/ul>\n\n\n\n<p><strong>U\u017e teraz d\u00e1vam do pozornosti, \u017ee na Ve\u013ek\u00fd piatok (7. apr\u00edla) v doobed\u0148aj\u0161\u00edch hodin\u00e1ch pl\u00e1nujeme spolo\u010dn\u00fa kr\u00ed\u017eov\u00fa cestu v Marianke. Bli\u017e\u0161ie info \u010doskoro.<\/strong><\/p>\n\n\n\n<p>Tento v\u00edkend bude pravideln\u00e1 mesa\u010dn\u00e1 zbierka na opravu farsk\u00e9ho kostola a prev\u00e1dzkov\u00e9 n\u00e1klady farnosti. Vopred \u010fakujem.<\/p>\n\n\n\n<p>O t\u00fd\u017ede\u0148 m\u00e1me vo v\u0161etk\u00fdch kostoloch na Slovensku zbierku na pomoc prenasledovan\u00fdm kres\u0165anom a ute\u010dencom.<\/p>\n\n\n\n<p>Aj tento rok je mo\u017en\u00e9 darova\u0165 2 % z dan\u00ed na \u201eZdru\u017eenie Senec a okolie\u201c, z ktor\u00e9ho potom m\u00f4\u017eeme \u010derpa\u0165 prostriedky na opravu farsk\u00e9ho kostola. Tla\u010div\u00e1 s\u00fa k dispoz\u00edcii na farskej str\u00e1nke <a href=\"http:\/\/kostolna.fara.sk\/postup-krokov-na-poukazanie-2\/\">na stiahnutie. <\/a><\/p>\n\n\n\n<p>S \u00factou,<br>Pavol Gajdo\u0161, v\u00e1\u0161 far\u00e1r<\/p>\n\t\t\t\t","protected":false},"excerpt":{"rendered":"<p>Ako to, \u017ee Boh obdaril toho \u010dloveka to\u013ek\u00fdm po\u017eehnan\u00edm (a m\u0148a nie)? Mo\u017eno toto farizeji z\u00e1videli Je\u017ei\u0161ovi. Paradoxne ten, \u010do bol slep\u00fd, n\u00e1s priamo vedie k Bohu &#8211; t\u00ed ostatn\u00ed sa v\u0161emo\u017ene vykr\u00facali, len aby nemuseli otvorene sved\u010di\u0165. A \u010do my? Vieme vyzna\u0165 otvorene, \u017ee Je\u017ei\u0161 je Mesi\u00e1\u0161?<\/p>\n","protected":false},"author":7,"featured_media":6992,"comment_status":"closed","ping_status":"closed","sticky":false,"template":"","format":"standard","meta":{"footnotes":""},"categories":[13],"tags":[],"class_list":{"0":"entry","1":"post","2":"publish","3":"author-slado89gmail-com","4":"has-excerpt","5":"has-more-link","6":"post-6991","8":"format-standard","9":"has-post-thumbnail","10":"category-oznamy"},"_links":{"self":[{"href":"https:\/\/www.farakostolna.sk\/index.php?rest_route=\/wp\/v2\/posts\/6991","targetHints":{"allow":["GET"]}}],"collection":[{"href":"https:\/\/www.farakostolna.sk\/index.php?rest_route=\/wp\/v2\/posts"}],"about":[{"href":"https:\/\/www.farakostolna.sk\/index.php?rest_route=\/wp\/v2\/types\/post"}],"author":[{"embeddable":true,"href":"https:\/\/www.farakostolna.sk\/index.php?rest_route=\/wp\/v2\/users\/7"}],"replies":[{"embeddable":true,"href":"https:\/\/www.farakostolna.sk\/index.php?rest_route=%2Fwp%2Fv2%2Fcomments&post=6991"}],"version-history":[{"count":0,"href":"https:\/\/www.farakostolna.sk\/index.php?rest_route=\/wp\/v2\/posts\/6991\/revisions"}],"wp:featuredmedia":[{"embeddable":true,"href":"https:\/\/www.farakostolna.sk\/index.php?rest_route=\/"}],"wp:attachment":[{"href":"https:\/\/www.farakostolna.sk\/index.php?rest_route=%2Fwp%2Fv2%2Fmedia&parent=6991"}],"wp:term":[{"taxonomy":"category","embeddable":true,"href":"https:\/\/www.farakostolna.sk\/index.php?rest_route=%2Fwp%2Fv2%2Fcategories&post=6991"},{"taxonomy":"post_tag","embeddable":true,"href":"https:\/\/www.farakostolna.sk\/index.php?rest_route=%2Fwp%2Fv2%2Ftags&post=6991"}],"curies":[{"name":"wp","href":"https:\/\/api.w.org\/{rel}","templated":true}]}}