{"id":6981,"date":"2023-03-11T07:07:51","date_gmt":"2023-03-11T07:07:51","guid":{"rendered":"http:\/\/kostolna.fara.sk\/?p=6981"},"modified":"2023-03-11T07:07:51","modified_gmt":"2023-03-11T07:07:51","slug":"farske-oznamy-a-zamyslenie-12-03-2023","status":"publish","type":"post","link":"https:\/\/www.farakostolna.sk\/?p=6981","title":{"rendered":"Farsk\u00e9 oznamy a zamyslenie (12.03.2023)"},"content":{"rendered":"\n\t\t\t\t\n\t\t\t\t\n<div class=\"wp-block-image\"><figure class=\"aligncenter\"><img decoding=\"async\" src=\"https:\/\/www.farakostolna.sk\/wp-content\/uploads\/2023\/03\/WhatsApp-Image-2023-03-10-at-22.35.29-1-1024x522.jpg\" alt=\"\" class=\"wp-image-6982\"\/><\/figure><\/div>\n\n\n\n<p>Minule sme boli vyzvan\u00ed k tomu, aby sme dok\u00e1zali zotrva\u0165 v Je\u017ei\u0161ovej pr\u00edtomnosti. Dnes je tu v\u00fdzva na ohlasovanie. Samarit\u00e1nka, ktor\u00e1 spoznala v Je\u017ei\u0161ovi Mesi\u00e1\u0161a nechala pri studni kr\u010dah a utekala zvestova\u0165 t\u00fato radostn\u00fa spr\u00e1vu ostatn\u00fdm. \u010co sme ochotn\u00ed zanecha\u0165 my, aby sme autenticky ohlasovali Krista?<\/p>\n\n\n<p><!--more--><\/p>\n\n\n<p><strong>Sv\u00e4t\u00e9 om\u0161e u n\u00e1s:<\/strong><\/p>\n\n\n\n<p><strong>sobota \u2013 11. marca (s nede\u013enou platnos\u0165ou)<\/strong><\/p>\n\n\n\n<ul class=\"wp-block-list\"><li><strong>17:00 \u2013 Hrub\u00e1 Bor\u0161a (slov.\/ma\u010f.)<\/strong><\/li><li><strong>18:00 \u2013 Kostoln\u00e1 (slov.)<\/strong><\/li><\/ul>\n\n\n\n<p><strong>nede\u013ea \u2013 12. marca<\/strong><\/p>\n\n\n\n<ul class=\"wp-block-list\"><li><strong>8:00 \u2013 Hrub\u00fd \u0160\u00far (ma\u010f.)<\/strong><\/li><li><strong>9:30 \u2013 Kostoln\u00e1 (ma\u010f.)<\/strong><\/li><li><strong>11:00 \u2013 Kostoln\u00e1 (slov.) <\/strong><\/li><\/ul>\n\n\n\n<p>Tento t\u00fd\u017ede\u0148 v Kostolnej spoved\u00e1m v stredu, \u0161tvrtok a piatok od 16:00 do 17:00 na farskom dvore pod pr\u00edstre\u0161kom. V tom \u010dase je v kostole ador\u00e1cia.<\/p>\n\n\n\n<p><strong><span style=\"color:red\">V na\u0161ej farnosti bude predve\u013ekono\u010dn\u00e9 spovedanie v sobotu 25. marca 2023 od 9:00 do 11:00 vo v\u0161etk\u00fdch troch na\u0161ich kostoloch.<\/span> <\/strong><\/p>\n\n\n\n<p>V p\u00f4stnom obdob\u00ed v\u00e1s povzbudzujem na \u00fa\u010das\u0165 sv\u00e4t\u00fdch om\u0161\u00ed aj cez v\u0161edn\u00e9 dni.<\/p>\n\n\n\n<p>V t\u00fato stredu bude sv\u00e4t\u00e1 om\u0161a v Kostolnej o 18:00 so zrete\u013eom na deti op\u00e4\u0165 v slovenskom jazyku.<\/p>\n\n\n\n<p>V piatok bude v Kostolnej po sv\u00e4tej om\u0161i o 18:00 modlitba chv\u00e1l s hudobn\u00fdm doprovodom. V\u0161etci ste srde\u010dne pozvan\u00ed.<\/p>\n\n\n\n<p><strong>Pobo\u017enos\u0165 kr\u00ed\u017eovej cesty v p\u00f4stnom obdob\u00ed m\u00e1me:<\/strong><\/p>\n\n\n\n<ul class=\"wp-block-list\"><li><strong>v Hrubom \u0160\u00fare v piatok o 18:30 (ma\u010farsky),<\/strong><\/li><li><strong>v Hrubej Bor\u0161i v sobotu o 16:30<\/strong><\/li><li><strong>a v Kostolnej v\u017edy v nede\u013eu od 10:30 (slovensky) a 15:00 (ma\u010farsky).<\/strong><\/li><\/ul>\n\n\n\n<p>Aj tento rok je mo\u017en\u00e9 darova\u0165 2 % z dan\u00ed na \u201eZdru\u017eenie Senec a okolie\u201c, z ktor\u00e9ho potom m\u00f4\u017eeme \u010derpa\u0165 prostriedky na opravu farsk\u00e9ho kostola. Tla\u010div\u00e1 s\u00fa k dispoz\u00edcii na farskej str\u00e1nke <a href=\"http:\/\/kostolna.fara.sk\/postup-krokov-na-poukazanie-2\/\">na stiahnutie.<\/a> <\/p>\n\n\n\n<p>O t\u00fd\u017ede\u0148 bude pravideln\u00e1 mesa\u010dn\u00e1 zbierka na opravu farsk\u00e9ho kostola a prev\u00e1dzkov\u00e9 n\u00e1klady farnosti. Vopred \u010fakujem.<\/p>\n\n\n\n<p>S \u00factou,<br>Pavol Gajdo\u0161, v\u00e1\u0161 far\u00e1r<\/p>\n\t\t\t\t","protected":false},"excerpt":{"rendered":"<p>Minule sme boli vyzvan\u00ed k tomu, aby sme dok\u00e1zali zotrva\u0165 v Je\u017ei\u0161ovej pr\u00edtomnosti. Dnes je tu v\u00fdzva na ohlasovanie. Samarit\u00e1nka, ktor\u00e1 spoznala v Je\u017ei\u0161ovi Mesi\u00e1\u0161a nechala pri studni kr\u010dah a utekala zvestova\u0165 t\u00fato radostn\u00fa spr\u00e1vu ostatn\u00fdm. \u010co sme ochotn\u00ed zanecha\u0165 my, aby sme autenticky ohlasovali Krista?<\/p>\n","protected":false},"author":7,"featured_media":6982,"comment_status":"closed","ping_status":"closed","sticky":false,"template":"","format":"standard","meta":{"footnotes":""},"categories":[13],"tags":[],"class_list":{"0":"entry","1":"post","2":"publish","3":"author-slado89gmail-com","4":"has-excerpt","5":"has-more-link","6":"post-6981","8":"format-standard","9":"has-post-thumbnail","10":"category-oznamy"},"_links":{"self":[{"href":"https:\/\/www.farakostolna.sk\/index.php?rest_route=\/wp\/v2\/posts\/6981","targetHints":{"allow":["GET"]}}],"collection":[{"href":"https:\/\/www.farakostolna.sk\/index.php?rest_route=\/wp\/v2\/posts"}],"about":[{"href":"https:\/\/www.farakostolna.sk\/index.php?rest_route=\/wp\/v2\/types\/post"}],"author":[{"embeddable":true,"href":"https:\/\/www.farakostolna.sk\/index.php?rest_route=\/wp\/v2\/users\/7"}],"replies":[{"embeddable":true,"href":"https:\/\/www.farakostolna.sk\/index.php?rest_route=%2Fwp%2Fv2%2Fcomments&post=6981"}],"version-history":[{"count":0,"href":"https:\/\/www.farakostolna.sk\/index.php?rest_route=\/wp\/v2\/posts\/6981\/revisions"}],"wp:featuredmedia":[{"embeddable":true,"href":"https:\/\/www.farakostolna.sk\/index.php?rest_route=\/"}],"wp:attachment":[{"href":"https:\/\/www.farakostolna.sk\/index.php?rest_route=%2Fwp%2Fv2%2Fmedia&parent=6981"}],"wp:term":[{"taxonomy":"category","embeddable":true,"href":"https:\/\/www.farakostolna.sk\/index.php?rest_route=%2Fwp%2Fv2%2Fcategories&post=6981"},{"taxonomy":"post_tag","embeddable":true,"href":"https:\/\/www.farakostolna.sk\/index.php?rest_route=%2Fwp%2Fv2%2Ftags&post=6981"}],"curies":[{"name":"wp","href":"https:\/\/api.w.org\/{rel}","templated":true}]}}