{"id":6977,"date":"2023-03-04T06:07:05","date_gmt":"2023-03-04T06:07:05","guid":{"rendered":"http:\/\/kostolna.fara.sk\/?p=6977"},"modified":"2023-03-04T06:07:05","modified_gmt":"2023-03-04T06:07:05","slug":"farske-oznamy-a-zamyslenie-05-03-2023","status":"publish","type":"post","link":"https:\/\/www.farakostolna.sk\/?p=6977","title":{"rendered":"Farsk\u00e9 oznamy a zamyslenie (05.03.2023)"},"content":{"rendered":"\n\t\t\t\t\n\t\t\t\t\n<figure class=\"wp-block-image\"><img decoding=\"async\" src=\"https:\/\/www.farakostolna.sk\/wp-content\/uploads\/2023\/03\/WhatsApp-Image-2023-03-04-at-06.22.10-1-1.jpg\" alt=\"\" class=\"wp-image-6978\"\/><\/figure>\n\n\n\n<p>\u201ePane, dobre je n\u00e1m tu.\u201c Ak\u00e1 priama odpove\u010f apo\u0161tolov na osobn\u00fa sk\u00fasenos\u0165 s Je\u017ei\u0161om. Postupne ich pripravoval na to, aby ohe\u0148 viery odovzdali \u010falej. H\u013ead\u00e1me my osobn\u00e9 stretnutie s P\u00e1nom a zost\u00e1vame s n\u00edm alebo sme aj dnes u\u0161li od modlitby do sveta?<\/p>\n\n\n<p><!--more--><\/p>\n\n\n<p><strong>Sv\u00e4t\u00e9 om\u0161e u n\u00e1s:<\/strong><\/p>\n\n\n\n<p><strong>sobota \u2013 4. marca (s nede\u013enou platnos\u0165ou)<\/strong><\/p>\n\n\n\n<ul class=\"wp-block-list\"><li><strong>17:00 \u2013 Hrub\u00e1 Bor\u0161a (slov.\/ma\u010f.)<\/strong><\/li><li><strong>18:00 \u2013 Kostoln\u00e1 (slov.)<\/strong><\/li><\/ul>\n\n\n\n<p><strong>nede\u013ea \u2013 5. marca<\/strong><\/p>\n\n\n\n<ul class=\"wp-block-list\"><li><strong>8:00 \u2013 Hrub\u00fd \u0160\u00far (ma\u010f.)<\/strong><\/li><li><strong>9:30 \u2013 Kostoln\u00e1 (ma\u010f.)<\/strong><\/li><li><strong>11:00 \u2013 Kostoln\u00e1 (slov.)<\/strong><\/li><\/ul>\n\n\n\n<p>V t\u00fato nede\u013eu bude o 11:00 sv\u00e4t\u00e1 om\u0161a tzv. &#8220;rodinn\u00e1&#8221;, na ktor\u00fa poz\u00fdvame v\u0161etk\u00fdch, osobitne deti spolu s rodi\u010dmi. <\/p>\n\n\n\n<p>Tento t\u00fd\u017ede\u0148 v Kostolnej spoved\u00e1m op\u00e4\u0165 v utorok, stredu, \u0161tvrtok a piatok od 16:00 do 17:00 na farskom dvore pod pr\u00edstre\u0161kom. V tom \u010dase je v kostole ador\u00e1cia.<\/p>\n\n\n\n<p>V p\u00f4stnom obdob\u00ed v\u00e1s povzbudzujem na \u00fa\u010das\u0165 sv\u00e4t\u00fdch om\u0161\u00ed aj cez v\u0161edn\u00e9 dni.<\/p>\n\n\n\n<p>V t\u00fato stredu bude sv\u00e4t\u00e1 om\u0161a v Kostolnej o 18:00 so zrete\u013eom na deti v slovenskom jazyku.<\/p>\n\n\n\n<p><strong>Pobo\u017enos\u0165 kr\u00ed\u017eovej cesty v p\u00f4stnom obdob\u00ed m\u00e1me:<\/strong><\/p>\n\n\n\n<ul class=\"wp-block-list\"><li><strong>v Hrubom \u0160\u00fare v piatky o 18:30 (ma\u010farsky),<\/strong><\/li><li><strong>v Hrubej Bor\u0161i v soboty o 16:30<\/strong><\/li><li><strong>a v Kostolnej v\u017edy v nedele od 10:30 (slovensky) a 15:00 (ma\u010farsky).<\/strong><\/li><\/ul>\n\n\n\n<p>Minulot\u00fd\u017ed\u0148ov\u00e1 jarn\u00e1 zbierka na charitu vyniesla v na\u0161ej farnosti spolu 715,52 \u20ac, z toho v Kostolnej 478,32 \u20ac, v Hrubej Bor\u0161i 77,20 \u20ac a v Hrubom \u0160\u00fare 160 \u20ac. Peniaze som preposlal na dan\u00fd \u00fa\u010det e\u0161te v stredu. Ve\u013ek\u00e1 v\u010faka. <\/p>\n\n\n\n<p>Aj tento rok je mo\u017en\u00e9 darova\u0165 2 % z dan\u00ed na \u201eZdru\u017eenie Senec a okolie\u201c, z ktor\u00e9ho potom m\u00f4\u017eeme \u010derpa\u0165 prostriedky na opravu farsk\u00e9ho kostola. Tla\u010div\u00e1 s\u00fa k dispoz\u00edcii na farskej str\u00e1nke <a href=\"http:\/\/kostolna.fara.sk\/postup-krokov-na-poukazanie-2\/\">na stiahnutie<\/a>. Vopred \u010fakujem.<\/p>\n\n\n\n<p>S \u00factou,<br>Pavol Gajdo\u0161, v\u00e1\u0161 far\u00e1r<\/p>\n\n\n\n<p><\/p>\n\t\t\t\t","protected":false},"excerpt":{"rendered":"<p>\u201ePane, dobre je n\u00e1m tu.\u201c Ak\u00e1 priama odpove\u010f apo\u0161tolov na osobn\u00fa sk\u00fasenos\u0165 s Je\u017ei\u0161om. Postupne ich pripravoval na to, aby ohe\u0148 viery odovzdali \u010falej. H\u013ead\u00e1me my osobn\u00e9 stretnutie s P\u00e1nom a zost\u00e1vame s n\u00edm alebo sme aj dnes u\u0161li od modlitby do sveta?<\/p>\n","protected":false},"author":7,"featured_media":6978,"comment_status":"closed","ping_status":"closed","sticky":false,"template":"","format":"standard","meta":{"footnotes":""},"categories":[13],"tags":[],"class_list":{"0":"entry","1":"post","2":"publish","3":"author-slado89gmail-com","4":"has-excerpt","5":"has-more-link","6":"post-6977","8":"format-standard","9":"has-post-thumbnail","10":"category-oznamy"},"_links":{"self":[{"href":"https:\/\/www.farakostolna.sk\/index.php?rest_route=\/wp\/v2\/posts\/6977","targetHints":{"allow":["GET"]}}],"collection":[{"href":"https:\/\/www.farakostolna.sk\/index.php?rest_route=\/wp\/v2\/posts"}],"about":[{"href":"https:\/\/www.farakostolna.sk\/index.php?rest_route=\/wp\/v2\/types\/post"}],"author":[{"embeddable":true,"href":"https:\/\/www.farakostolna.sk\/index.php?rest_route=\/wp\/v2\/users\/7"}],"replies":[{"embeddable":true,"href":"https:\/\/www.farakostolna.sk\/index.php?rest_route=%2Fwp%2Fv2%2Fcomments&post=6977"}],"version-history":[{"count":0,"href":"https:\/\/www.farakostolna.sk\/index.php?rest_route=\/wp\/v2\/posts\/6977\/revisions"}],"wp:featuredmedia":[{"embeddable":true,"href":"https:\/\/www.farakostolna.sk\/index.php?rest_route=\/"}],"wp:attachment":[{"href":"https:\/\/www.farakostolna.sk\/index.php?rest_route=%2Fwp%2Fv2%2Fmedia&parent=6977"}],"wp:term":[{"taxonomy":"category","embeddable":true,"href":"https:\/\/www.farakostolna.sk\/index.php?rest_route=%2Fwp%2Fv2%2Fcategories&post=6977"},{"taxonomy":"post_tag","embeddable":true,"href":"https:\/\/www.farakostolna.sk\/index.php?rest_route=%2Fwp%2Fv2%2Ftags&post=6977"}],"curies":[{"name":"wp","href":"https:\/\/api.w.org\/{rel}","templated":true}]}}