{"id":6972,"date":"2023-02-24T22:17:40","date_gmt":"2023-02-24T22:17:40","guid":{"rendered":"http:\/\/kostolna.fara.sk\/?p=6972"},"modified":"2023-02-24T22:17:40","modified_gmt":"2023-02-24T22:17:40","slug":"farske-oznamy-a-zamyslenie-26-02-2023","status":"publish","type":"post","link":"https:\/\/www.farakostolna.sk\/?p=6972","title":{"rendered":"Farsk\u00e9 oznamy a zamyslenie (26.02.2023)"},"content":{"rendered":"\n\t\t\t\t\n\t\t\t\t\n<div class=\"wp-block-image\"><figure class=\"aligncenter is-resized\"><img loading=\"lazy\" decoding=\"async\" src=\"https:\/\/www.farakostolna.sk\/wp-content\/uploads\/2023\/02\/WhatsApp-Image-2023-02-24-at-21.56.57-1-1.jpg\" alt=\"\" class=\"wp-image-6973\" width=\"494\" height=\"265\"\/><\/figure><\/div>\n\n\n\n<p>P\u00f4st: bez m\u00e4sa, alkoholu, sladkost\u00ed, \u2026 a \u010do tak kone\u010dne bez nerest\u00ed a hriechu. Ve\u010f ak\u00e9ko\u013evek vonkaj\u0161ie prejavy n\u00e1s maj\u00fa v skuto\u010dnosti privies\u0165 k vn\u00fatornej premene, lebo t\u00e1 poh\u00fdna cel\u00fdm \u010dlovekom. M\u00e1me u\u017e vybran\u00fa vonkaj\u0161iu barli\u010dku na na\u0161u vn\u00fatorn\u00fa premenu? <\/p>\n\n\n<p><!--more--><\/p>\n\n\n<p><strong>Sv\u00e4t\u00e9 om\u0161e u n\u00e1s:<\/strong><\/p>\n\n\n\n<p><strong>sobota \u2013 25. febru\u00e1ra (s nede\u013enou platnos\u0165ou)<\/strong><\/p>\n\n\n\n<ul class=\"wp-block-list\"><li><strong>17:00 \u2013 Hrub\u00e1 Bor\u0161a (slov.\/ma\u010f.)<\/strong><\/li><li><strong>18:00 \u2013 Kostoln\u00e1 (slov.)<\/strong><\/li><\/ul>\n\n\n\n<p><strong>nede\u013ea \u2013 26. febru\u00e1ra<\/strong><\/p>\n\n\n\n<ul class=\"wp-block-list\"><li><strong>8:00 \u2013 Hrub\u00fd \u0160\u00far (ma\u010f.)<\/strong><\/li><li><strong>9:30 \u2013 Kostoln\u00e1 (ma\u010f.)<\/strong><\/li><li><strong>11:00 \u2013 Kostoln\u00e1 (slov.)<\/strong><\/li><\/ul>\n\n\n\n<p>Tento t\u00fd\u017ede\u0148 v Kostolnej spoved\u00e1m v utorok, stredu, \u0161tvrtok a piatok od 16:00 do 17:00 na farskom dvore pod pr\u00edstre\u0161kom. V tom \u010dase je v kostole ador\u00e1cia. <\/p>\n\n\n\n<p>V p\u00f4stnom obdob\u00ed v\u00e1s povzbudzujem na \u00fa\u010das\u0165 sv\u00e4t\u00fdch om\u0161\u00ed aj cez v\u0161edn\u00e9 dni.<\/p>\n\n\n\n<p>V t\u00fato stredu bude sv\u00e4t\u00e1 om\u0161a v Kostolnej o 18:00 so zrete\u013eom na deti v ma\u010farskom jazyku. <\/p>\n\n\n\n<p><strong>V sobotu (4. marca) po rannej sv\u00e4tej om\u0161i so za\u010diatkom 8:30 v\u00e1s poz\u00fdvame na ve\u010deradlo s Pannou M\u00e1riou. <\/strong>Je to modlitba sv\u00e4t\u00e9ho ru\u017eenca spojen\u00e1 s rozj\u00edman\u00edm. V\u0161etci s\u00fa v\u00edtan\u00ed. <\/p>\n\n\n\n<p><strong>Pobo\u017enos\u0165 kr\u00ed\u017eovej cesty<\/strong> v p\u00f4stnom obdob\u00ed m\u00e1me:<\/p>\n\n\n\n<ul class=\"wp-block-list\"><li>v Hrubom \u0160\u00fare v piatky o 18:30 (ma\u010farsky),<\/li><li>v Hrubej Bor\u0161i v soboty o 16:30<\/li><li>a v Kostolnej v\u017edy v nedele od 10:30 (slovensky) a 15:00 (ma\u010farsky).<\/li><\/ul>\n\n\n\n<p>Minulot\u00fd\u017ed\u0148ov\u00e1 zbierka na opravu farsk\u00e9ho kostola a prev\u00e1dzkov\u00e9 n\u00e1klady farnosti vyniesla v Kostolnej 771,30 \u20ac, v Hrubej Bor\u0161i 153,20 \u20ac a v Hrubom \u0160\u00fare 171,50 \u20ac.<\/p>\n\n\n\n<p><strong>Tento v\u00edkend je vo v\u0161etk\u00fdch kostoloch jarn\u00e1 zbierka na charitu.<\/strong><\/p>\n\n\n\n<p>Aj tento rok je mo\u017en\u00e9 darova\u0165 2 % z dan\u00ed na \u201eZdru\u017eenie Senec a okolie\u201c, z ktor\u00e9ho potom m\u00f4\u017eeme \u010derpa\u0165 prostriedky na opravu farsk\u00e9ho kostola. Tla\u010div\u00e1 s\u00fa k dispoz\u00edcii na farskej str\u00e1nke <a href=\"http:\/\/kostolna.fara.sk\/postup-krokov-na-poukazanie-2\/\">na stiahnutie<\/a>. Vopred \u010fakujem.<\/p>\n\n\n\n<p>S \u00factou,<br>Pavol Gajdo\u0161, v\u00e1\u0161 far\u00e1r<\/p>\n\t\t\t\t","protected":false},"excerpt":{"rendered":"<p>P\u00f4st: bez m\u00e4sa, alkoholu, sladkost\u00ed, \u2026 a \u010do tak kone\u010dne bez nerest\u00ed a hriechu. Ve\u010f ak\u00e9ko\u013evek vonkaj\u0161ie prejavy n\u00e1s maj\u00fa v skuto\u010dnosti privies\u0165 k vn\u00fatornej premene, lebo t\u00e1 poh\u00fdna cel\u00fdm \u010dlovekom. M\u00e1me u\u017e vybran\u00fa vonkaj\u0161iu barli\u010dku na na\u0161u vn\u00fatorn\u00fa premenu?<\/p>\n","protected":false},"author":7,"featured_media":6973,"comment_status":"closed","ping_status":"closed","sticky":false,"template":"","format":"standard","meta":{"footnotes":""},"categories":[13],"tags":[],"class_list":{"0":"entry","1":"post","2":"publish","3":"author-slado89gmail-com","4":"has-excerpt","5":"has-more-link","6":"post-6972","8":"format-standard","9":"has-post-thumbnail","10":"category-oznamy"},"_links":{"self":[{"href":"https:\/\/www.farakostolna.sk\/index.php?rest_route=\/wp\/v2\/posts\/6972","targetHints":{"allow":["GET"]}}],"collection":[{"href":"https:\/\/www.farakostolna.sk\/index.php?rest_route=\/wp\/v2\/posts"}],"about":[{"href":"https:\/\/www.farakostolna.sk\/index.php?rest_route=\/wp\/v2\/types\/post"}],"author":[{"embeddable":true,"href":"https:\/\/www.farakostolna.sk\/index.php?rest_route=\/wp\/v2\/users\/7"}],"replies":[{"embeddable":true,"href":"https:\/\/www.farakostolna.sk\/index.php?rest_route=%2Fwp%2Fv2%2Fcomments&post=6972"}],"version-history":[{"count":0,"href":"https:\/\/www.farakostolna.sk\/index.php?rest_route=\/wp\/v2\/posts\/6972\/revisions"}],"wp:featuredmedia":[{"embeddable":true,"href":"https:\/\/www.farakostolna.sk\/index.php?rest_route=\/"}],"wp:attachment":[{"href":"https:\/\/www.farakostolna.sk\/index.php?rest_route=%2Fwp%2Fv2%2Fmedia&parent=6972"}],"wp:term":[{"taxonomy":"category","embeddable":true,"href":"https:\/\/www.farakostolna.sk\/index.php?rest_route=%2Fwp%2Fv2%2Fcategories&post=6972"},{"taxonomy":"post_tag","embeddable":true,"href":"https:\/\/www.farakostolna.sk\/index.php?rest_route=%2Fwp%2Fv2%2Ftags&post=6972"}],"curies":[{"name":"wp","href":"https:\/\/api.w.org\/{rel}","templated":true}]}}