{"id":6961,"date":"2023-02-17T22:31:42","date_gmt":"2023-02-17T22:31:42","guid":{"rendered":"http:\/\/kostolna.fara.sk\/?p=6961"},"modified":"2023-02-17T22:31:42","modified_gmt":"2023-02-17T22:31:42","slug":"farske-oznamy-a-zamyslenie-19-02-2023","status":"publish","type":"post","link":"https:\/\/www.farakostolna.sk\/?p=6961","title":{"rendered":"Farsk\u00e9 oznamy a zamyslenie (19.02.2023)"},"content":{"rendered":"\n\t\t\t\t\n\t\t\t\t\n<div class=\"wp-block-image\"><figure class=\"aligncenter\"><img decoding=\"async\" src=\"https:\/\/www.farakostolna.sk\/wp-content\/uploads\/2023\/02\/WhatsApp-Image-2023-02-17-at-23.23.52-1-1.jpg\" alt=\"\" class=\"wp-image-6962\"\/><\/figure><\/div>\n\n\n\n<p>L\u00e1ska rodi\u010dovsk\u00e1, s\u00farodeneck\u00e1, sn\u00fabeneck\u00e1, man\u017eelsk\u00e1, priate\u013esk\u00e1,\u2026 ale l\u00e1ska k nepriate\u013eovi? Aj ke\u010f n\u00e1m to rozum neberie, pr\u00e1ve t\u00fdmto postojom sme boli nielen spasen\u00ed, ale takto sa v celej hist\u00f3rii \u013eudstva obracaj\u00fa aj t\u00ed najv\u00e4\u010d\u0161\u00ed hrie\u0161nici. Bez Boha to ale ani my ned\u00e1me.<\/p>\n\n\n<p><!--more--><\/p>\n\n\n<p><strong>Sv\u00e4t\u00e9 om\u0161e u n\u00e1s:<\/strong><\/p>\n\n\n\n<p><strong>sobota \u2013 18. febru\u00e1ra (s nede\u013enou platnos\u0165ou)<\/strong><\/p>\n\n\n\n<ul class=\"wp-block-list\"><li><strong>17:00 \u2013 Hrub\u00e1 Bor\u0161a (slov.\/ma\u010f.)<\/strong><\/li><li><strong>18:00 \u2013 Kostoln\u00e1 (slov.)<\/strong><\/li><\/ul>\n\n\n\n<p><strong>nede\u013ea \u2013 19. febru\u00e1ra<\/strong><\/p>\n\n\n\n<ul class=\"wp-block-list\"><li><strong>8:00 \u2013 Hrub\u00fd \u0160\u00far (ma\u010f.)<\/strong><\/li><li><strong>9:30 \u2013 Kostoln\u00e1 (ma\u010f.)<\/strong><\/li><li><strong>11:00 \u2013 Kostoln\u00e1 (slov.)<\/strong><\/li><\/ul>\n\n\n\n<p>Tento t\u00fd\u017ede\u0148 kon\u010dia fa\u0161iangy. <strong>V t\u00fato stredu m\u00e1me tzv. popolcov\u00fa stredu, kedy n\u00e1s zav\u00e4zuje pr\u00edsny p\u00f4st.<\/strong> To znamen\u00e1, \u017ee sa zdr\u017eiavame m\u00e4sit\u00e9ho pokrmu! Dospel\u00ed (od 18.-60. roku) jedia len 3x za de\u0148, z toho len raz dos\u00fdta.<\/p>\n\n\n\n<p><strong>Sv\u00e4t\u00e9 om\u0161e bud\u00fa na popolcov\u00fa stredu:<\/strong><\/p>\n\n\n\n<ul class=\"wp-block-list\"><li><strong>16:00 \u2013 Hrub\u00e1 Bor\u0161a (slov.\/ma\u010f.)<br><\/strong><\/li><li><strong>17:00 \u2013 Kostoln\u00e1 (ma\u010f.)<\/strong><\/li><li><strong>18:00 \u2013 Kostoln\u00e1 (slov.)<\/strong><\/li><li><strong>19:00 \u2013 Hrub\u00fd \u0160\u00far (ma\u010f.)<\/strong><\/li><\/ul>\n\n\n\n<p>Spoveda\u0165 budem v Kostolnej v utorok, \u0161tvrtok a piatok od 16:00 do 17:00 pod pr\u00edstre\u0161kom, v Hrubej Bor\u0161i v sobotu od 16:30 do 17:00. Vyu\u017eite t\u00fato mo\u017enos\u0165 a \u010das sv\u00e4t\u00e9ho p\u00f4stu pre\u017eime v milosti posv\u00e4cuj\u00facej.<\/p>\n\n\n\n<p>Ador\u00e1cia bude v utorok, \u0161tvrtok a piatok od 16:00 do 17:00 v Kostolnej vo farskom kostole.<\/p>\n\n\n\n<p>V p\u00f4stnom obdob\u00ed v\u00e1s povzbudzujem na \u00fa\u010das\u0165 sv\u00e4t\u00fdch om\u0161\u00ed aj cez v\u0161edn\u00e9 dni. Keby sme poznali hodnotu sv\u00e4tej om\u0161e, chodili by sme \u010dastej\u0161ie.<\/p>\n\n\n\n<p><strong>Pobo\u017enos\u0165 kr\u00ed\u017eovej cesty budeme m\u00e1va\u0165 po\u010das p\u00f4stneho obdobia:<\/strong><\/p>\n\n\n\n<ul class=\"wp-block-list\"><li><strong>v Hrubom \u0160\u00fare v piatky o 18:30 (ma\u010farsky), <\/strong><\/li><li><strong>v Hrubej Bor\u0161i v soboty o 16:30 <\/strong><\/li><li><strong>a v Kostolnej v\u017edy v nedele od 10:30 (slovensky) a 15:00 (ma\u010farsky).<\/strong><\/li><\/ul>\n\n\n\n<p>O t\u00fd\u017ede\u0148 je vo v\u0161etk\u00fdch kostoloch jarn\u00e1 zbierka na charitu.<\/p>\n\n\n\n<p>Aj tento rok je mo\u017en\u00e9 darova\u0165 2 % z dan\u00ed na \u201eZdru\u017eenie Senec a okolie\u201c, z ktor\u00e9ho potom m\u00f4\u017eeme \u010derpa\u0165 prostriedky na opravu farsk\u00e9ho kostola. <a href=\"http:\/\/kostolna.fara.sk\/postup-krokov-na-poukazanie-2\/\">Tla\u010div\u00e1 s\u00fa k dispoz\u00edcii na farskej str\u00e1nke na stiahnutie<\/a>. Vopred \u010fakujem.<\/p>\n\n\n\n<p>U n\u00e1s bude tento v\u00edkend pravideln\u00e1 mesa\u010dn\u00e1 zbierka na opravu farsk\u00e9ho kostola a prev\u00e1dzkov\u00e9 n\u00e1klady farnosti. Srde\u010dne \u010fakujem za podporu v tejto n\u00e1ro\u010dnej dobe.<\/p>\n\n\n\n<p>S \u00factou, <br>Pavol Gajdo\u0161, v\u00e1\u0161 far\u00e1r<\/p>\n\t\t\t\t","protected":false},"excerpt":{"rendered":"<p>L\u00e1ska rodi\u010dovsk\u00e1, s\u00farodeneck\u00e1, sn\u00fabeneck\u00e1, man\u017eelsk\u00e1, priate\u013esk\u00e1,\u2026 ale l\u00e1ska k nepriate\u013eovi? Aj ke\u010f n\u00e1m to rozum neberie, pr\u00e1ve t\u00fdmto postojom sme boli nielen spasen\u00ed, ale takto sa v celej hist\u00f3rii \u013eudstva obracaj\u00fa aj t\u00ed najv\u00e4\u010d\u0161\u00ed hrie\u0161nici. Bez Boha to ale ani my ned\u00e1me.<\/p>\n","protected":false},"author":7,"featured_media":6962,"comment_status":"closed","ping_status":"closed","sticky":false,"template":"","format":"standard","meta":{"footnotes":""},"categories":[13],"tags":[],"class_list":{"0":"entry","1":"post","2":"publish","3":"author-slado89gmail-com","4":"has-excerpt","5":"has-more-link","6":"post-6961","8":"format-standard","9":"has-post-thumbnail","10":"category-oznamy"},"_links":{"self":[{"href":"https:\/\/www.farakostolna.sk\/index.php?rest_route=\/wp\/v2\/posts\/6961","targetHints":{"allow":["GET"]}}],"collection":[{"href":"https:\/\/www.farakostolna.sk\/index.php?rest_route=\/wp\/v2\/posts"}],"about":[{"href":"https:\/\/www.farakostolna.sk\/index.php?rest_route=\/wp\/v2\/types\/post"}],"author":[{"embeddable":true,"href":"https:\/\/www.farakostolna.sk\/index.php?rest_route=\/wp\/v2\/users\/7"}],"replies":[{"embeddable":true,"href":"https:\/\/www.farakostolna.sk\/index.php?rest_route=%2Fwp%2Fv2%2Fcomments&post=6961"}],"version-history":[{"count":0,"href":"https:\/\/www.farakostolna.sk\/index.php?rest_route=\/wp\/v2\/posts\/6961\/revisions"}],"wp:featuredmedia":[{"embeddable":true,"href":"https:\/\/www.farakostolna.sk\/index.php?rest_route=\/"}],"wp:attachment":[{"href":"https:\/\/www.farakostolna.sk\/index.php?rest_route=%2Fwp%2Fv2%2Fmedia&parent=6961"}],"wp:term":[{"taxonomy":"category","embeddable":true,"href":"https:\/\/www.farakostolna.sk\/index.php?rest_route=%2Fwp%2Fv2%2Fcategories&post=6961"},{"taxonomy":"post_tag","embeddable":true,"href":"https:\/\/www.farakostolna.sk\/index.php?rest_route=%2Fwp%2Fv2%2Ftags&post=6961"}],"curies":[{"name":"wp","href":"https:\/\/api.w.org\/{rel}","templated":true}]}}