{"id":6952,"date":"2023-02-10T23:02:34","date_gmt":"2023-02-10T23:02:34","guid":{"rendered":"http:\/\/kostolna.fara.sk\/?p=6952"},"modified":"2023-02-10T23:02:34","modified_gmt":"2023-02-10T23:02:34","slug":"farske-oznamy-a-zamyslenie-12-02-2023","status":"publish","type":"post","link":"https:\/\/www.farakostolna.sk\/?p=6952","title":{"rendered":"Farsk\u00e9 oznamy a zamyslenie (12.02.2023)"},"content":{"rendered":"\n\t\t\t\t\n\t\t\t\t\n<div class=\"wp-block-image\"><figure class=\"aligncenter is-resized\"><img loading=\"lazy\" decoding=\"async\" src=\"https:\/\/www.farakostolna.sk\/wp-content\/uploads\/2023\/02\/WhatsApp-Image-2023-02-10-at-22.45.16-1-1.jpg\" alt=\"\" class=\"wp-image-6953\" width=\"629\" height=\"457\"\/><\/figure><\/div>\n\n\n\n<p>V Knihe kn\u00edh je viacero nosn\u00fdch t\u00e9m prezentovan\u00fdch cez pr\u00edbehy. Kardin\u00e1lnou vlastnos\u0165ou Sv\u00e4t\u00fdch nie je len l\u00e1ska, ale aj Bo\u017eia m\u00fadros\u0165 a vytrvalos\u0165 na ceste. Bez nich by sme bu\u010f zabl\u00fadili alebo nedo\u0161li do cie\u013ea. Vieme sa spr\u00e1vne rozhodova\u0165 a nez\u00eds\u0165 z Bo\u017eej cesty?<\/p>\n\n\n<p><!--more--><\/p>\n\n\n<p><strong>Sv\u00e4t\u00e9 om\u0161e u n\u00e1s:<\/strong><\/p>\n\n\n\n<p><strong>sobota &#8211; 11. febru\u00e1ra (s nede\u013enou platnos\u0165ou)<\/strong><\/p>\n\n\n\n<ul class=\"wp-block-list\"><li><strong>17:00 &#8211; Hrub\u00e1 Bor\u0161a (slov.\/ma\u010f.) <\/strong><\/li><li><strong>18:00 &#8211; Kostoln\u00e1 (slov.)<\/strong><\/li><\/ul>\n\n\n\n<p><strong>nede\u013ea &#8211; 12. febru\u00e1ra <\/strong><\/p>\n\n\n\n<ul class=\"wp-block-list\"><li><strong>8:00 &#8211; Hrub\u00fd \u0160\u00far (ma\u010f.)<\/strong><\/li><li><strong>9:30 &#8211; Kostoln\u00e1 (ma\u010f.)<\/strong><\/li><li><strong>11:00 &#8211; Kostoln\u00e1 (slov.)<\/strong><\/li><\/ul>\n\n\n\n<p>Tento t\u00fd\u017ede\u0148 budem v Kostolnej spoveda\u0165 v utorok, stredu a piatok v\u017edy od 16:00 do 17:00 na farskom dvore. V tom \u010dase bude v kostole ador\u00e1cia. Vo \u0161tvrtok budem spoveda\u0165 v Hrubej Bor\u0161i od 15:30 do sv\u00e4tej om\u0161e.<\/p>\n\n\n\n<p><strong>Pomazanie chor\u00fdch budem vysluhova\u0165 v Kostolnej v utorok o 17:00 v ma\u010farskom jazyku a v stredu o 17:00 v slovenskom jazyku, vo \u0161tvrtok o 16:00 v Hrubej Bor\u0161i dvojjazy\u010dne a v Hrubom \u0160\u00fare v piatok o 19:00 v ma\u010farskom jazyku.<\/strong> T\u00e1to sviatos\u0165 je ur\u010den\u00e1 pre t\u00fdch, ktor\u00ed s\u00fa vo vy\u0161\u0161om veku, resp. maj\u00fa podlomen\u00e9 zdravie. Pred prijat\u00edm tejto sviatosti je tie\u017e \u017eiad\u00face by\u0165 v stave posv\u00e4cuj\u00facej milosti (po spovedi).<\/p>\n\n\n\n<p>V stredu bude sv\u00e4t\u00e1 om\u0161a v Kostolnej so zrete\u013eom na deti o 18:00 v ma\u010farskom jazyku. <\/p>\n\n\n\n<p><strong>V piatok bude po sv\u00e4tej om\u0161i v slovenskom jazyku cca od 18:45 v Kostolnej Modlitba chv\u00e1l, na ktor\u00fa v\u00e1s v\u0161etk\u00fdch srde\u010dne poz\u00fdvame. <\/strong><\/p>\n\n\n\n<p><strong>Tento t\u00fd\u017ede\u0148\u00a0od 13. do 19. febru\u00e1ra\u00a0m\u00e1me N\u00e1rodn\u00fd t\u00fd\u017ede\u0148 man\u017eelstva. Dovo\u013eme, aby bol op\u00e4\u0165 skvelou pr\u00edle\u017eitos\u0165ou osvie\u017ei\u0165 man\u017eelsk\u00e9 vz\u0165ahy. Sv\u00e4t\u00e1 om\u0161a na tento \u00famysel bude\u00a0v\u00a0sobotu o 18:00.<\/strong><\/p>\n\n\n\n<p>O t\u00fd\u017ede\u0148 bude pravideln\u00e1 mesa\u010dn\u00e1 zbierka na opravu farsk\u00e9ho kostola a prev\u00e1dzkov\u00e9 n\u00e1klady farnosti. Vopred \u010fakujem. <\/p>\n\n\n\n<p>S \u00factou, <br>Pavol Gajdo\u0161, v\u00e1\u0161 far\u00e1r<\/p>\n\t\t\t\t","protected":false},"excerpt":{"rendered":"<p>V Knihe kn\u00edh je viacero nosn\u00fdch t\u00e9m prezentovan\u00fdch cez pr\u00edbehy. Kardin\u00e1lnou vlastnos\u0165ou Sv\u00e4t\u00fdch nie je len l\u00e1ska, ale aj Bo\u017eia m\u00fadros\u0165 a vytrvalos\u0165 na ceste. Bez nich by sme bu\u010f zabl\u00fadili alebo nedo\u0161li do cie\u013ea. Vieme sa spr\u00e1vne rozhodova\u0165 a nez\u00eds\u0165 z Bo\u017eej cesty?<\/p>\n","protected":false},"author":7,"featured_media":6953,"comment_status":"closed","ping_status":"closed","sticky":false,"template":"","format":"standard","meta":{"footnotes":""},"categories":[13],"tags":[],"class_list":{"0":"entry","1":"post","2":"publish","3":"author-slado89gmail-com","4":"has-excerpt","5":"has-more-link","6":"post-6952","8":"format-standard","9":"has-post-thumbnail","10":"category-oznamy"},"_links":{"self":[{"href":"https:\/\/www.farakostolna.sk\/index.php?rest_route=\/wp\/v2\/posts\/6952","targetHints":{"allow":["GET"]}}],"collection":[{"href":"https:\/\/www.farakostolna.sk\/index.php?rest_route=\/wp\/v2\/posts"}],"about":[{"href":"https:\/\/www.farakostolna.sk\/index.php?rest_route=\/wp\/v2\/types\/post"}],"author":[{"embeddable":true,"href":"https:\/\/www.farakostolna.sk\/index.php?rest_route=\/wp\/v2\/users\/7"}],"replies":[{"embeddable":true,"href":"https:\/\/www.farakostolna.sk\/index.php?rest_route=%2Fwp%2Fv2%2Fcomments&post=6952"}],"version-history":[{"count":0,"href":"https:\/\/www.farakostolna.sk\/index.php?rest_route=\/wp\/v2\/posts\/6952\/revisions"}],"wp:featuredmedia":[{"embeddable":true,"href":"https:\/\/www.farakostolna.sk\/index.php?rest_route=\/"}],"wp:attachment":[{"href":"https:\/\/www.farakostolna.sk\/index.php?rest_route=%2Fwp%2Fv2%2Fmedia&parent=6952"}],"wp:term":[{"taxonomy":"category","embeddable":true,"href":"https:\/\/www.farakostolna.sk\/index.php?rest_route=%2Fwp%2Fv2%2Fcategories&post=6952"},{"taxonomy":"post_tag","embeddable":true,"href":"https:\/\/www.farakostolna.sk\/index.php?rest_route=%2Fwp%2Fv2%2Ftags&post=6952"}],"curies":[{"name":"wp","href":"https:\/\/api.w.org\/{rel}","templated":true}]}}