{"id":6946,"date":"2023-02-04T00:39:43","date_gmt":"2023-02-04T00:39:43","guid":{"rendered":"http:\/\/kostolna.fara.sk\/?p=6946"},"modified":"2023-02-04T00:39:43","modified_gmt":"2023-02-04T00:39:43","slug":"farske-oznamy-a-zamyslenie-05-02-2023","status":"publish","type":"post","link":"https:\/\/www.farakostolna.sk\/?p=6946","title":{"rendered":"Farsk\u00e9 oznamy a zamyslenie (05.02.2023)"},"content":{"rendered":"\n\t\t\t\t\n\t\t\t\t\n<div class=\"wp-block-image\"><figure class=\"aligncenter\"><img decoding=\"async\" src=\"https:\/\/www.farakostolna.sk\/wp-content\/uploads\/2023\/02\/C31CC0D9-36DB-4711-B144-7161CADDC349-1-1.jpeg\" alt=\"\" class=\"wp-image-6945\"\/><\/figure><\/div>\n\n\n\n<p>Svetlo sveta, tak seba nazval Je\u017ei\u0161, a teraz tak naz\u00fdva svojich nasledovn\u00edkov &#8211; pravda, ak s\u00fa zap\u00e1len\u00ed od Neho. M\u00e1me aj my v sebe Bo\u017eie svetlo alebo m\u00e1rne h\u013ead\u00e1me pravdu v tme tohto sveta?<\/p>\n\n\n<p><!--more--><\/p>\n\n\n<p><strong>Sv\u00e4t\u00e9 om\u0161e u n\u00e1s:<\/strong><\/p>\n\n\n\n<p><strong>sobota 4.2. (s nede\u013enou platnos\u0165ou)<\/strong><\/p>\n\n\n\n<ul class=\"wp-block-list\"><li><strong>17:00 &#8211; Hrub\u00e1 Bor\u0161a (slov.\/ma\u010f.) <\/strong><\/li><li><strong>18:00 &#8211; Kostoln\u00e1 (slov.)<\/strong><\/li><\/ul>\n\n\n\n<p><b>nede\u013ea 5.2. <\/b><\/p>\n\n\n\n<ul class=\"wp-block-list\"><li><strong>8:00 &#8211; Hrub\u00fd \u0160\u00far (ma\u010f.)<\/strong><\/li><li><strong>9:30 &#8211; Kostoln\u00e1 (ma\u010f.)<\/strong><\/li><li><strong>11:00 &#8211; Kostoln\u00e1 (slov.-rod.)<\/strong><\/li><\/ul>\n\n\n\n<p><strong>V t\u00fato nede\u013eu bude sv\u00e4t\u00e1 om\u0161a o 11:00 tzv. &#8220;rodinn\u00e1&#8221;<\/strong>, na ktor\u00fa poz\u00fdvame v\u0161etk\u00fdch, osobitne deti a ml\u00e1de\u017e spolu s rodi\u010dmi.<\/p>\n\n\n\n<p>Tento t\u00fd\u017ede\u0148 budem v Kostolnej op\u00e4\u0165 spoveda\u0165 od utorka do piatku v\u017edy od 16:00 do 17:00 na farskom dvore. V tom \u010dase bude v kostole ador\u00e1cia. <strong>O t\u00fd\u017ede\u0148 bude v na\u0161ej farnosti mo\u017enos\u0165 prija\u0165 sviatos\u0165 pomazania chor\u00fdch, k \u010domu je tie\u017e \u017eiad\u00face by\u0165 v stave posv\u00e4cuj\u00facej milosti. <\/strong><\/p>\n\n\n\n<p>V stredu bude sv\u00e4t\u00e1 om\u0161a v Kostolnej so zrete\u013eom na deti o 18:00 v slovenskom jazyku. <\/p>\n\n\n\n<p>S \u00factou, <br>Pavol Gajdo\u0161, v\u00e1\u0161 far\u00e1r<\/p>\n\t\t\t\t","protected":false},"excerpt":{"rendered":"<p>Svetlo sveta, tak seba nazval Je\u017ei\u0161, a teraz tak naz\u00fdva svojich nasledovn\u00edkov &#8211; pravda, ak s\u00fa zap\u00e1len\u00ed od Neho. M\u00e1me aj my v sebe Bo\u017eie svetlo alebo m\u00e1rne h\u013ead\u00e1me pravdu v tme tohto sveta?<\/p>\n","protected":false},"author":7,"featured_media":6945,"comment_status":"closed","ping_status":"closed","sticky":false,"template":"","format":"standard","meta":{"footnotes":""},"categories":[13],"tags":[],"class_list":{"0":"entry","1":"post","2":"publish","3":"author-slado89gmail-com","4":"has-excerpt","5":"has-more-link","6":"post-6946","8":"format-standard","9":"has-post-thumbnail","10":"category-oznamy"},"_links":{"self":[{"href":"https:\/\/www.farakostolna.sk\/index.php?rest_route=\/wp\/v2\/posts\/6946","targetHints":{"allow":["GET"]}}],"collection":[{"href":"https:\/\/www.farakostolna.sk\/index.php?rest_route=\/wp\/v2\/posts"}],"about":[{"href":"https:\/\/www.farakostolna.sk\/index.php?rest_route=\/wp\/v2\/types\/post"}],"author":[{"embeddable":true,"href":"https:\/\/www.farakostolna.sk\/index.php?rest_route=\/wp\/v2\/users\/7"}],"replies":[{"embeddable":true,"href":"https:\/\/www.farakostolna.sk\/index.php?rest_route=%2Fwp%2Fv2%2Fcomments&post=6946"}],"version-history":[{"count":0,"href":"https:\/\/www.farakostolna.sk\/index.php?rest_route=\/wp\/v2\/posts\/6946\/revisions"}],"wp:featuredmedia":[{"embeddable":true,"href":"https:\/\/www.farakostolna.sk\/index.php?rest_route=\/"}],"wp:attachment":[{"href":"https:\/\/www.farakostolna.sk\/index.php?rest_route=%2Fwp%2Fv2%2Fmedia&parent=6946"}],"wp:term":[{"taxonomy":"category","embeddable":true,"href":"https:\/\/www.farakostolna.sk\/index.php?rest_route=%2Fwp%2Fv2%2Fcategories&post=6946"},{"taxonomy":"post_tag","embeddable":true,"href":"https:\/\/www.farakostolna.sk\/index.php?rest_route=%2Fwp%2Fv2%2Ftags&post=6946"}],"curies":[{"name":"wp","href":"https:\/\/api.w.org\/{rel}","templated":true}]}}