{"id":6867,"date":"2023-01-20T20:16:46","date_gmt":"2023-01-20T20:16:46","guid":{"rendered":"http:\/\/kostolna.fara.sk\/?p=6867"},"modified":"2023-01-20T20:16:46","modified_gmt":"2023-01-20T20:16:46","slug":"farske-oznamy-a-zamyslenie-22-01-2023","status":"publish","type":"post","link":"https:\/\/www.farakostolna.sk\/?p=6867","title":{"rendered":"Farsk\u00e9 oznamy a zamyslenie (22.01.2023)"},"content":{"rendered":"\n\t\t\t\t\n\t\t\t\t\n<div class=\"wp-block-image\"><figure class=\"aligncenter is-resized\"><img loading=\"lazy\" decoding=\"async\" src=\"https:\/\/www.farakostolna.sk\/wp-content\/uploads\/2023\/01\/WhatsApp-Image-2023-01-20-at-21.08.41-2-2.jpg\" alt=\"\" class=\"wp-image-6868\" width=\"407\" height=\"449\"\/><\/figure><\/div>\n\n\n\n<p>Je\u017ei\u0161 svojim pr\u00edchodom priniesol ve\u013ek\u00e9 svetlo. Volal \u013eud\u00ed k jednote a poz\u00fdval ich do Bo\u017eieho kr\u00e1\u013eovstva. \u010co prin\u00e1\u0161ame my? Je to svetlo a jednota alebo tma a rozdelenie? Pam\u00e4tajme na Jeho slov\u00e1, \u017ee po ovoc\u00ed n\u00e1s poznaj\u00fa.<\/p>\n\n\n<p><!--more--><\/p>\n\n\n<p><strong>Sv\u00e4t\u00e9 om\u0161e u n\u00e1s:<\/strong><\/p>\n\n\n\n<p><strong>sobota 21.1. (s nede\u013enou platnos\u0165ou)<\/strong><\/p>\n\n\n\n<ul class=\"wp-block-list\"><li><strong>17:00 &#8211; Hrub\u00e1 Bor\u0161a (slov.\/ma\u010f.) <\/strong><\/li><li><strong>18:00 &#8211; Kostoln\u00e1 (slov.)<\/strong><\/li><\/ul>\n\n\n\n<p><strong>nede\u013ea 22.1. <\/strong><\/p>\n\n\n\n<ul class=\"wp-block-list\"><li><strong>8:00 &#8211; Hrub\u00fd \u0160\u00far (ma\u010f.)<\/strong><\/li><li><strong>9:30 &#8211; Kostoln\u00e1 (ma\u010f.)<\/strong><\/li><li><strong>11:00 &#8211; Kostoln\u00e1 (slov.)<\/strong><\/li><\/ul>\n\n\n\n<p>V t\u00fato sobotu ma zastupuje vdp. Gabriel Klenko, p\u00e1n far\u00e1r z Ve\u013ek\u00e9ho Bielu a v nede\u013eu bude sv\u00e4t\u00e9 om\u0161e celebrova\u0165 vdp. Peter Kozma, OFM Conv. z bratislavskej Karlovej Vsi. V\u00fdnimo\u010dne bude preto sv\u00e4t\u00e1 om\u0161a o 11:00 op\u00e4\u0165 tzv. rodinn\u00e1, na ktor\u00fa osobitne poz\u00fdvame deti a ml\u00e1de\u017e s rodi\u010dmi. <\/p>\n\n\n\n<p>Je to u\u017e presne 10 rokov, \u010do v na\u0161ej farnosti akt\u00edvne funguje spolo\u010denstvo Modlitby Matiek. Najbli\u017e\u0161\u00ed t\u00fd\u017ede\u0148 n\u00e1s srde\u010dne poz\u00fdvaj\u00fa na <strong>Modlitbov\u00e9 trojdnie. Tentoraz v piatok 27.1. o 17:00 v Hrubom \u0160\u00fare, v sobotu 28.1. o 10:00 v Hrubej Bor\u0161i a v nede\u013eu o 15:00 v Kostolnej.<\/strong><\/p>\n\n\n\n<p>Minulo\u00fd\u017ed\u0148ov\u00e1 zbierka na opravu farsk\u00e9ho kostola a prev\u00e1dzkov\u00e9 n\u00e1klady farnosti vyniesla v Kostolnej 925,85 \u20ac, v Hrubej Bor\u0161i 172,20 \u20ac a v Hrubom \u0160\u00fare 171 \u20ac. Ve\u013ek\u00e1 v\u010faka za va\u0161u priaze\u0148. <\/p>\n\n\n\n<p>Tento t\u00fd\u017ede\u0148 ma bude zastupova\u0165 v pr\u00edpade potreby (zaopatrovanie chor\u00fdch, pohreb\u2026) vd. seneck\u00fd p\u00e1n kapl\u00e1n Andrej Bo\u0161\u0148\u00e1k (0910 648 185).<\/p>\n\n\n\n<p>Do 28.1. som odcestovan\u00fd spolu s \u010fal\u0161\u00edmi na kr\u00e1tkej misijnej ceste v Tanz\u00e1nii. Africk\u00fd z\u00e1pisn\u00edk Mons. Mari\u00e1na Gavendu s dennou aktualiz\u00e1ciou m\u00f4\u017eete sledova\u0165 na na\u0161ej farskej str\u00e1nke <a href=\"http:\/\/kostolna.fara.sk\/tanzania-2023-aktualizovane-18-01-2023\/\">kostolna.fara.sk<\/a>. <\/p>\n\n\n\n<p>S \u00factou, <br>Pavol Gajdo\u0161, v\u00e1\u0161 far\u00e1r<\/p>\n\t\t\t\t","protected":false},"excerpt":{"rendered":"<p>Je\u017ei\u0161 svojim pr\u00edchodom priniesol ve\u013ek\u00e9 svetlo. Volal \u013eud\u00ed k jednote a poz\u00fdval ich do Bo\u017eieho kr\u00e1\u013eovstva. \u010co prin\u00e1\u0161ame my? Je to svetlo a jednota alebo tma a rozdelenie? Pam\u00e4tajme na Jeho slov\u00e1, \u017ee po ovoc\u00ed n\u00e1s poznaj\u00fa.<\/p>\n","protected":false},"author":7,"featured_media":6868,"comment_status":"closed","ping_status":"closed","sticky":false,"template":"","format":"standard","meta":{"footnotes":""},"categories":[13],"tags":[],"class_list":{"0":"entry","1":"post","2":"publish","3":"author-slado89gmail-com","4":"has-excerpt","5":"has-more-link","6":"post-6867","8":"format-standard","9":"has-post-thumbnail","10":"category-oznamy"},"_links":{"self":[{"href":"https:\/\/www.farakostolna.sk\/index.php?rest_route=\/wp\/v2\/posts\/6867","targetHints":{"allow":["GET"]}}],"collection":[{"href":"https:\/\/www.farakostolna.sk\/index.php?rest_route=\/wp\/v2\/posts"}],"about":[{"href":"https:\/\/www.farakostolna.sk\/index.php?rest_route=\/wp\/v2\/types\/post"}],"author":[{"embeddable":true,"href":"https:\/\/www.farakostolna.sk\/index.php?rest_route=\/wp\/v2\/users\/7"}],"replies":[{"embeddable":true,"href":"https:\/\/www.farakostolna.sk\/index.php?rest_route=%2Fwp%2Fv2%2Fcomments&post=6867"}],"version-history":[{"count":0,"href":"https:\/\/www.farakostolna.sk\/index.php?rest_route=\/wp\/v2\/posts\/6867\/revisions"}],"wp:featuredmedia":[{"embeddable":true,"href":"https:\/\/www.farakostolna.sk\/index.php?rest_route=\/"}],"wp:attachment":[{"href":"https:\/\/www.farakostolna.sk\/index.php?rest_route=%2Fwp%2Fv2%2Fmedia&parent=6867"}],"wp:term":[{"taxonomy":"category","embeddable":true,"href":"https:\/\/www.farakostolna.sk\/index.php?rest_route=%2Fwp%2Fv2%2Fcategories&post=6867"},{"taxonomy":"post_tag","embeddable":true,"href":"https:\/\/www.farakostolna.sk\/index.php?rest_route=%2Fwp%2Fv2%2Ftags&post=6867"}],"curies":[{"name":"wp","href":"https:\/\/api.w.org\/{rel}","templated":true}]}}