{"id":6832,"date":"2023-01-21T07:43:53","date_gmt":"2023-01-21T07:43:53","guid":{"rendered":"http:\/\/kostolna.fara.sk\/?p=6832"},"modified":"2023-01-21T07:43:53","modified_gmt":"2023-01-21T07:43:53","slug":"tanzania-2023-aktualizovane-18-01-2023","status":"publish","type":"post","link":"https:\/\/www.farakostolna.sk\/?p=6832","title":{"rendered":"Tanz\u00e1nia 2023 \u2013 aktualizovan\u00e9 25.01.2023"},"content":{"rendered":"\n\t\t\t\t\n\t\t\t\t\n<p><\/p>\n\n\n\n<h3 class=\"wp-block-heading\"><strong>Z africk\u00e9ho z\u00e1pisn\u00edka otca Mari\u00e1na Gavendu.<\/strong><\/h3>\n\n\n\n<p><\/p>\n\n\n\n<figure class=\"wp-block-image\"><img decoding=\"async\" src=\"https:\/\/www.farakostolna.sk\/wp-content\/uploads\/2023\/01\/WhatsApp-Image-2023-01-19-at-12.20.35-2-1-1024x768.jpg\" alt=\"\" class=\"wp-image-6851\"\/><\/figure>\n\n\n\n<p><\/p>\n\n\n\n<h2 class=\"wp-block-heading\"> De\u0148 8 \u2014 25.01.2023  <\/h2>\n\n\n\n<p><\/p>\n\n\n\n<p>Tak dnes to neza\u010dalo ve\u013emi oddychovo, p\u00e1r min\u00fat po \u0161iestej n\u00e1s u\u017e \u010dakalo auto z farnosti a odviezlo na om\u0161u k otcovi Damazovi, ktor\u00fd sa tu star\u00e1 o mal\u00fa kres\u0165ansk\u00fa pospolitos\u0165 v moslimskom mori. <\/p>\n\n\n<p><!--more--><\/p>\n\n\n<p>Na hrubej stavbe Kostola V\u0161etk\u00fdch sv\u00e4t\u00fdch sa u\u017e pekne pokro\u010dilo, \u201cveter\u00e1ni\u201d z na\u0161ej skupiny hovoria, \u017ee pred rokom tu e\u0161te nebolo ni\u010d. Om\u0161a len pod improvizovan\u00fdm pr\u00edstre\u0161kom, p\u00e1r miestnych, \u010do pri\u0161lo e\u0161te pred pr\u00e1cou. Po om\u0161i sme im tu nechali \u201cdary bratsk\u00fdch cirkevn\u00fdch obc\u00ed\u201d: kalich, cib\u00f3rium a pixidu, ale najv\u00e4\u010d\u0161iu rados\u0165 urobil \u201czvon\u010dek\u201d, ktor\u00e9ho zvuk bude odteraz neoddelite\u013enou s\u00fa\u010das\u0165ou premenenia. Spolo\u010dne sme sa vyskladali na sumu 2850 \u20ac, \u010do e\u0161te lep\u0161ie znie v miestnych tanz\u00e1nijsk\u00fdch \u0161ilingov: sedem mili\u00f3nov\u2026 <\/p>\n\n\n\n<p>Pater Damaz p\u00f4sob\u00ed pokojn\u00fdm a dobr\u00e1ckym dojmom, pred \u0161tyrmi desa\u0165ro\u010diami \u0161tudoval v R\u00edme dogmatick\u00fa teol\u00f3giu. Postaven\u00fd je u\u017e aj trojposchodov\u00fd vodojem, p\u00f4sob\u00ed mohutne, ale tu najv\u00e4\u010d\u0161iu pr\u00e1cu nevidno: 47 metrov hlbok\u00fa do skaly ru\u010dne kopan\u00fa stud\u0148u (a to asi nemali Omara ako na tren\u010dianskom hrade\u2026). Ja som nechal aj albu, ktor\u00fa som naschv\u00e1l priviezol a pou\u017e\u00edval cez t\u00fdch p\u00e1r dn\u00ed. \u201cAko si vedel, \u017ee som si pred p\u00e1r d\u0148ami pomyslel, \u017ee by sa tu zi\u0161la e\u0161te jedna alba?\u201d, reagoval father Damaz\u2026 <\/p>\n\n\n\n<p>Dnes sa teda fakticky naplnila na\u0161a misia, zajtra e\u0161te trochu slnka a mora a vraciame sa domov. Bohu v\u010faka za v\u0161etko!<\/p>\n\n\n\n<p>V\u010dera aj predv\u010derom som mnoh\u00fdm zn\u00e1mym rozposlal kr\u00e1tke vide\u00e1 aj p\u00e1r z\u00e1berov a odk\u00e1zal ich na t\u00fato str\u00e1nku kostolnianskej farnosti. Okrem nieko\u013ek\u00fdch z n\u00e1\u0161ho poh\u013eadu naivn\u00fdch, hoci dobre myslen\u00fdch \u201ctak si e\u0161te u\u017eite zauj\u00edmav\u00fa dovolenku\u201d v\u00e4\u010d\u0161ina reakcii vyjadrovala povzbudenie z radostnej a \u017eivej Cirkvi, prianie, aby sme z nej priniesli nie\u010do aj domov (radi, len \u010di doma n\u00e1jdeme \u201cafrick\u00fdch farn\u00edkov\u201d?!). <\/p>\n\n\n\n<p>N\u00e1s tento pobyt na\u0161tartoval aj do nov\u00fdch foriem pomoci pod\u013ea potrieb, ktor\u00e9 sme tu spoznali. Z\u00e1rove\u0148 chcem po\u010fakova\u0165 v\u0161etk\u00fdm dobrodincom, lebo len v\u010faka nim sme mohli, na na\u0161ej mis\u00edjnej ceste <strong>podpori\u0165 rozli\u010dn\u00e9 projekty celkovou sumou 28 200 \u20ac a prerozdeli\u0165 300 kg materi\u00e1lnej pomoci<\/strong> (liturgick\u00e9, zdravotn\u00edcke a \u0161portov\u00e9 pom\u00f4cky, cukr\u00edky\u2026) v \u0165a\u017eko vy\u010d\u00edslitelnej hodnote. <strong>Verte, \u017ee pocit hrdosti z \u00fa\u017easnej \u0161tedrosti bol pokorne prij\u00edman\u00fd, vidiac \u00faprimn\u00fa rados\u0165 obdarovan\u00fdch\u2026\u00a0\u010eakujeme.<\/strong><\/p>\n\n\n\n<p><strong>Ak by sa chcel pripoji\u0165 aj niekto z \u010ditate\u013eov tohto n\u00e1\u0161ho priebe\u017ene zasielan\u00e9ho \u201cAfrick\u00e9ho z\u00e1pisn\u00edka\u201d, nech sa obr\u00e1ti na niekoho z n\u00e1s, \u010di eventu\u00e1lne po\u0161le pr\u00edspevok (s ozna\u010den\u00edm \u201cMisia v Tanz\u00e1nii\u201d s upresnen\u00edm na ak\u00fa konkr\u00e9tnu aktivitu) na \u00fa\u010det SK79 1100 0000 0080 1011 9693, ktor\u00fd patr\u00ed otcovi Benjam\u00ednovi Kosn\u00e1\u010dovi. <\/strong><\/p>\n\n\n\n<p>Te\u0161\u00edme sa na V\u00e1s pri nede\u013enej bohoslu\u017ebe, ur\u010dite bude ma\u0165 \u201cafrick\u00fd n\u00e1dych\u201d!<\/p>\n\n\n\n<p style=\"text-align:right\"><em>otec\u00a0Mari\u00e1n\u00a0a\u00a0spol.<\/em><\/p>\n\n\n\n<div class=\"wp-block-image\"><figure class=\"aligncenter\"><img decoding=\"async\" src=\"https:\/\/www.farakostolna.sk\/wp-content\/uploads\/2023\/01\/WhatsApp-Image-2023-01-26-at-06.43.40-1-1024x768.jpg\" alt=\"\" class=\"wp-image-6931\"\/><\/figure><\/div>\n\n\n\n<div class=\"wp-block-image\"><figure class=\"aligncenter\"><img decoding=\"async\" src=\"https:\/\/www.farakostolna.sk\/wp-content\/uploads\/2023\/01\/WhatsApp-Image-2023-01-26-at-06.45.22-1-1024x768.jpg\" alt=\"\" class=\"wp-image-6932\"\/><\/figure><\/div>\n\n\n\n<div class=\"wp-block-image\"><figure class=\"aligncenter\"><img decoding=\"async\" src=\"https:\/\/www.farakostolna.sk\/wp-content\/uploads\/2023\/01\/WhatsApp-Image-2023-01-26-at-06.45.57-1-768x1024.jpg\" alt=\"\" class=\"wp-image-6933\"\/><\/figure><\/div>\n\n\n\n<div class=\"wp-block-image\"><figure class=\"aligncenter\"><img decoding=\"async\" src=\"https:\/\/www.farakostolna.sk\/wp-content\/uploads\/2023\/01\/WhatsApp-Image-2023-01-26-at-06.46.33-1-1024x768.jpg\" alt=\"\" class=\"wp-image-6934\"\/><\/figure><\/div>\n\n\n\n<div class=\"wp-block-image\"><figure class=\"aligncenter\"><img decoding=\"async\" src=\"https:\/\/www.farakostolna.sk\/wp-content\/uploads\/2023\/01\/WhatsApp-Image-2023-01-26-at-07.02.46-1-1024x768.jpg\" alt=\"\" class=\"wp-image-6935\"\/><\/figure><\/div>\n\n\n\n<div class=\"wp-block-image\"><figure class=\"aligncenter\"><img decoding=\"async\" src=\"https:\/\/www.farakostolna.sk\/wp-content\/uploads\/2023\/01\/WhatsApp-Image-2023-01-26-at-07.02.47-1-1024x768.jpg\" alt=\"\" class=\"wp-image-6936\"\/><\/figure><\/div>\n\n\n\n<div class=\"wp-block-image\"><figure class=\"aligncenter\"><img decoding=\"async\" src=\"https:\/\/www.farakostolna.sk\/wp-content\/uploads\/2023\/01\/WhatsApp-Image-2023-01-26-at-07.32.49-1-1024x583.jpg\" alt=\"\" class=\"wp-image-6937\"\/><\/figure><\/div>\n\n\n\n<p><\/p>\n\n\n\n<hr class=\"wp-block-separator\"\/>\n\n\n\n<p><\/p>\n\n\n\n<h2 class=\"wp-block-heading\" id=\"mce_3\">De\u0148 7 \u2014 24.01.2023 <\/h2>\n\n\n\n<p><\/p>\n\n\n\n<p>Dnes bol cel\u00fd de\u0148 oddychov\u00fd, bez skor\u00e9ho vst\u00e1vania, ako prv\u00fd spolo\u010dn\u00fd program sme si dohodli sv\u00e4t\u00fa om\u0161u o 19.30. Zato spont\u00e1nne sme sa v priebehu d\u0148a postretali ve\u013eakr\u00e1t. Odpo\u010dinok fakt dobre padol (a mysl\u00edm, \u017ee bol aj ozaj zasl\u00fa\u017eil\u00fd, nielen pre na\u0161ich seniorov, ktor\u00ed podali neuverite\u013en\u00fd v\u00fdkon). <\/p>\n\n\n\n<p>A neuverite\u013ene sa zd\u00e1 aj to, \u017ee pred t\u00fd\u017ed\u0148om sme e\u0161te len leteli sem. Nesmierne pestr\u00fd a bohat\u00fd t\u00fd\u017ede\u0148\u2026 No ale ke\u010f\u017ee dne\u0161ok bol oddychov\u00fd, nech\u00e1me odpo\u010d\u00edva\u0165 od \u010d\u00edtania aj V\u00e1s v\u0161etk\u00fdch, \u010do n\u00e1s v duchu sprev\u00e1dzate a prajem V\u00e1m dobr\u00fa noc. Napokon, ostatn\u00e9 povedia foto.<\/p>\n\n\n\n<p style=\"text-align:right\"><em>\ufeffotec&nbsp;Mari\u00e1n<\/em><\/p>\n\n\n\n<div class=\"wp-block-image\"><figure class=\"aligncenter\"><img decoding=\"async\" src=\"https:\/\/www.farakostolna.sk\/wp-content\/uploads\/2023\/01\/WhatsApp-Image-2023-01-24-at-20.20.15-1-1024x768.jpg\" alt=\"\" class=\"wp-image-6920\"\/><\/figure><\/div>\n\n\n\n<div class=\"wp-block-image\"><figure class=\"aligncenter\"><img decoding=\"async\" src=\"https:\/\/www.farakostolna.sk\/wp-content\/uploads\/2023\/01\/WhatsApp-Image-2023-01-24-at-20.20.16-1-768x1024.jpg\" alt=\"\" class=\"wp-image-6921\"\/><\/figure><\/div>\n\n\n\n<div class=\"wp-block-image\"><figure class=\"aligncenter\"><img decoding=\"async\" src=\"https:\/\/www.farakostolna.sk\/wp-content\/uploads\/2023\/01\/WhatsApp-Image-2023-01-24-at-20.20.17-1-768x1024.jpg\" alt=\"\" class=\"wp-image-6922\"\/><\/figure><\/div>\n\n\n\n<div class=\"wp-block-image\"><figure class=\"aligncenter\"><img decoding=\"async\" src=\"https:\/\/www.farakostolna.sk\/wp-content\/uploads\/2023\/01\/WhatsApp-Image-2023-01-24-at-20.20.18-1-768x1024.jpg\" alt=\"\" class=\"wp-image-6923\"\/><\/figure><\/div>\n\n\n\n<div class=\"wp-block-image\"><figure class=\"aligncenter\"><img decoding=\"async\" src=\"https:\/\/www.farakostolna.sk\/wp-content\/uploads\/2023\/01\/WhatsApp-Image-2023-01-24-at-20.20.19-1-1024x768.jpg\" alt=\"\" class=\"wp-image-6924\"\/><\/figure><\/div>\n\n\n\n<div class=\"wp-block-image\"><figure class=\"aligncenter\"><img decoding=\"async\" src=\"https:\/\/www.farakostolna.sk\/wp-content\/uploads\/2023\/01\/WhatsApp-Image-2023-01-24-at-20.20.20-1-1024x768.jpg\" alt=\"\" class=\"wp-image-6925\"\/><\/figure><\/div>\n\n\n\n<div class=\"wp-block-image\"><figure class=\"aligncenter\"><img decoding=\"async\" src=\"https:\/\/www.farakostolna.sk\/wp-content\/uploads\/2023\/01\/WhatsApp-Image-2023-01-24-at-20.20.22-1-1024x768.jpg\" alt=\"\" class=\"wp-image-6926\"\/><\/figure><\/div>\n\n\n\n<p><\/p>\n\n\n\n<hr class=\"wp-block-separator\"\/>\n\n\n\n<p><\/p>\n\n\n\n<h2 class=\"wp-block-heading\" id=\"mce_3\">De\u0148 6 \u2014 23.01.2023 <\/h2>\n\n\n\n<p><\/p>\n\n\n\n<p>Dnes zas od skor\u00e9ho r\u00e1na sk\u00f4r strasti cestovania: pomerne skor\u00fd bud\u00ed\u010dek, zbali\u0165 ve\u010der otvoren\u00fa bato\u017einu, presun na letisko v Mwanze, a potom nekone\u010dn\u00e9 kontrolovanie, bato\u017einu, opasky, hodinky a e\u0161te aj top\u00e1nky\u2026 <\/p>\n\n\n\n<p>Kr\u00e1sny let nad oblakmi, pekne sa nad nimi \u010dnelo Kilimangiaro\u2026 V Dar es Salaam n\u00e1s oblial hor\u00faci vlhk\u00fd vzduch, p\u00e4\u0165 hod\u00edn \u010dakania sa v\u010faka \u010fal\u0161\u00edm kontrol\u00e1m skr\u00e1til na tri a tie u\u017e zbehli. Let na Zanzibar len 15 min\u00fat, a zasa skanery, kontroly, formul\u00e1re. <\/p>\n\n\n\n<p>Cestu na opa\u010dn\u00fa stranu ostrova, zabezpe\u010dil otec Damaz, ktor\u00fd sa v tomto moslimskom svete star\u00e1 o mal\u00fa komunitu kres\u0165anov. Autom dobr\u00fa hodinu. Pr\u00edroda tropick\u00e1, vysok\u00e1nske palmy, bananovn\u00edky\u2026 Pred mali\u010dk\u00fdmi chudobn\u00fdmi dom\u010dekmi pred\u00e1vali najm\u00e4 mango \u010di in\u00e9 ovocie. Bohat\u00e1 fl\u00f3ra, chudobn\u00fd \u017eivot. <\/p>\n\n\n\n<p>Ubytovanie, jedno s druh\u00fdm, u\u017e na pl\u00e1\u017ei obedove\u010dera a z prv\u00e9ho d\u0148a v atrakt\u00edvnom letovisku 15 min\u00fat na slnku a 30 vo vode. To keby niekto z\u00e1videl. Ale kr\u00e1sne tu je, no dnes zasl\u00fa\u017eene. Chv\u00ed\u013eami a\u017e pochybnos\u0165, \u010di to stoj\u00ed za to\u013ek\u00e9 hodiny trm\u00e1cania sa. Ale pripom\u00ednal som si, \u017ee aj z t\u00fdch p\u00e1r rokov verejn\u00e9ho p\u00f4sobenia Bo\u017e\u00ed Syn str\u00e1vil najviac \u010dasu tie\u017e trm\u00e1can\u00edm sa krajinou, v hor\u00fa\u010dave aj o hlade a sm\u00e4de. Tie kr\u00e1sne chv\u00edle boli aj pre neho, ako aj tu pre n\u00e1s sk\u00f4r svetlou v\u00fdnimkou. Misie, to nie je exotick\u00e1 dovolenka so v\u0161etk\u00fdm komfortom, ale len takto m\u00e1me naozaj \u201call inclusive\u201d, aj prach, pach, hor\u00fa\u010davu, ka\u017edodennos\u0165\u2026 <\/p>\n\n\n\n<p>A provoka\u010dn\u00e9 \u201cP.S.\u201d: tieto riadky p\u00ed\u0161em nad hu\u010diacimi vlnami Indick\u00e9ho oce\u00e1nu\u2026 Prip\u00e1jam video a v\u0161etk\u00fdch pozdravujem!<\/p>\n\n\n\n<p style=\"text-align:right\"><em>otec&nbsp;Mari\u00e1n<\/em><\/p>\n\n\n\n<div class=\"wp-block-image\"><figure class=\"aligncenter\"><img decoding=\"async\" src=\"https:\/\/www.farakostolna.sk\/wp-content\/uploads\/2023\/01\/WhatsApp-Image-2023-01-24-at-06.00.29-1-1024x768.jpg\" alt=\"\" class=\"wp-image-6914\"\/><\/figure><\/div>\n\n\n\n<div class=\"wp-block-image\"><figure class=\"aligncenter\"><img decoding=\"async\" src=\"https:\/\/www.farakostolna.sk\/wp-content\/uploads\/2023\/01\/WhatsApp-Image-2023-01-24-at-06.00.30-1-1024x768.jpg\" alt=\"\" class=\"wp-image-6913\"\/><\/figure><\/div>\n\n\n\n<div class=\"wp-block-image\"><figure class=\"aligncenter\"><img decoding=\"async\" src=\"https:\/\/www.farakostolna.sk\/wp-content\/uploads\/2023\/01\/WhatsApp-Image-2023-01-24-at-06.00.31-1-1024x768.jpg\" alt=\"\" class=\"wp-image-6912\"\/><\/figure><\/div>\n\n\n\n<div class=\"wp-block-image\"><figure class=\"aligncenter\"><a href=\"https:\/\/drive.google.com\/file\/d\/1-sILLMBza0aypBlB5bcB-TglPuYib91_\/view?usp=sharing\" target=\"_blank\" rel=\"noreferrer noopener\"><img decoding=\"async\" src=\"https:\/\/www.farakostolna.sk\/wp-content\/uploads\/2023\/01\/Screenshot-2023-01-24-063249-1-1.png\" alt=\"\" class=\"wp-image-6915\"\/><\/a><\/figure><\/div>\n\n\n\n<p><\/p>\n\n\n\n<hr class=\"wp-block-separator\"\/>\n\n\n\n<p><\/p>\n\n\n\n<h2 class=\"wp-block-heading\" id=\"mce_5\">De\u0148 5 \u2014 22.01.2023  <\/h2>\n\n\n\n<p><\/p>\n\n\n\n<p>No, to gradovanie nekon\u010d\u00ed\u2026 Dnes op\u00e4\u0165 naplno africk\u00ed &#8211; pastora\u010dn\u00e1 nede\u013ea! V\u010dera sme sa naj\u017eiv\u0161ie dot\u00fdkali chudobnej str\u00e1nky tejto krajiny, dnes dominovala rados\u0165. <\/p>\n\n\n\n<p>Od rana, po\u010das ra\u0148ajok z dos\u0165 vzdialenej katedr\u00e1ly zaznieval \u017eiv\u00fd, n\u00e1dhern\u00fd spev, nie\u010do ako Vivaldi v Redute. \u201cOby\u010dajn\u00e1\u201d nede\u013en\u00e1 om\u0161a, teda \u017ee nebola \u017eiadna v\u00fdnimo\u010dn\u00e1 udalos\u0165. \u0160iel som pozrie\u0165, aspo\u0148 k\u00fasok nahra\u0165. Sn\u00e1\u010f tis\u00edc \u013eud\u00ed spievalo pr\u00e1ve Gloriu, kr\u00e1sna mel\u00f3dia, bazilika sa triasla, aj moje srdce\u2026<\/p>\n\n\n\n<p>A to charakterizovalo po\u010dn\u00fac uv\u00edtan\u00edm n\u00e1v\u0161tevu vo farnosti Bulige, ktor\u00e1 je adopt\u00edvnou farnos\u0165ou otca Bra\u0148a \u010canigu, jeho rodiny a farn\u00edkov z Bernol\u00e1kova. Aj tu to za\u010dalo stud\u0148ou a pred \u0161tyrmi rokmi om\u0161ou pod stromom s asi 30 \u013eu\u010fmi, ale ka\u017ed\u00fdm rokom nie\u010do prib\u00fadalo. U\u017e stoja \u0161tyri samostatn\u00e9 triedy, administrat\u00edvny dom\u010dek a ve\u013ek\u00e1 s\u00e1la na r\u00f4zne stretnutia, ktor\u00e1 nateraz sl\u00fa\u017ei aj ako kostol. Spevy, tance, zaiste aj kv\u00f4li vz\u00e1cnej n\u00e1v\u0161teve a \u0161tedr\u00fdm dobrodincom, ale t\u00e1 rados\u0165 je ur\u010dite spont\u00e1nna. Z\u00e1soby cukr\u00edkov a ru\u017eencom u\u017e slabn\u00fa, u n\u00e1s si nevieme ani predstavi\u0165, ko\u013ek\u00fdm de\u0165om sprav\u00ed rados\u0165 bal\u00edk ha\u0161leriek\u2026 M\u0148a najviac dojal sprievod s evanielijom. V nabitom kostole, cez ktor\u00fd usporiadatelia robili uli\u010dku bolo fakt c\u00edti\u0165, \u017ee NIEKTO pr\u00edde, bude uprostred nich prech\u00e1dza\u0165. Nie\u010do ako ke\u010f sme \u010dakali na pr\u00edchod p\u00e1pe\u017ea. Viacer\u00ed, ktor\u00fdm som preposlal kr\u00e1tke videjko, spont\u00e1nne kon\u0161tatovali, ak\u00e1 m\u0155tva je oproti tomu \u00fa\u010das\u0165 na liturgi\u00ed u n\u00e1s. Uvedomoval som si, \u017ee aj tu to takto bude len dovtedy, k\u00fdm tu neprenikne na\u0161a civiliz\u00e1cia, ktor\u00e1 s\u00edce prin\u00e1\u0161a blahobyt a mnoh\u00e9 v\u00fdhody, ale aj pr\u00e1zdnotu, sm\u00fatok a smr\u0165. Sna\u017eme sa pom\u00e1ha\u0165 tak, aby tu nezv\u00e4dol \u017eivot. Darovali sme zas aj kalich, cib\u00f3rium a ostenz\u00f3rium, dar Dev\u00edn\u010danov a otca Lujgiho, ktor\u00fd sem poslal ozaj obdivuhodne ve\u013ea vec\u00ed. <\/p>\n\n\n\n<p>Po om\u0161i obed a dlh\u00e1 cesta s \u010fal\u0161\u00edmi \u010das\u0165ami Tanz\u00e1nie, mo\u017enos\u0165 pozorova\u0165 rozmanit\u00e9 formy ka\u017edodenn\u00e9ho \u017eivota, a rozm\u00fd\u0161\u013ea\u0165 pri tom o to\u013ek\u00fdch veciach. \u010clovek nutne porovn\u00e1va\u2026 <\/p>\n\n\n\n<p>Pred cie\u013eom, ktor\u00fdm bolo dvojmili\u00f3nove mesto Mwanza, sme sa previezli trajektom po k\u00fasku Vikt\u00f3riinho jazera. Do hostelu sv. Dominika sme dorazili u\u017e za tmy, \u010do znamen\u00e1 ozaj za tmy, lebo tu ve\u010der na uliciach nesvietia svetl\u00e1 a aut\u00e1 ich pou\u017e\u00edvaj\u00fa ve\u013emi skromne, neuverite\u013en\u00fd zm\u00e4tok, ale m\u00e1 to svoj rytmus. Po ve\u010deri, ktor\u00e1 bola v\u00fdborn\u00e1, aj ke\u010f si bolo treba poldruha hodiny po\u010dka\u0165, sme s otcom Salvatorem zrekapitulovall mo\u017en\u00e9 formy pomoci. Napr\u00edklad k\u00fapi\u0165 katech\u00e9tom bicykel a zaplati\u0165 im vzdel\u00e1vanie, \u0161koln\u00e9 de\u0165om z najchudobnej\u0161\u00edch rod\u00edn, ale aj stavbu \u0161k\u00f4lky, nav\u0155tanie \u010fal\u0161ej studne\u2026 Kl\u00e1dli sme doraz, \u017ee sa to nesmie zvrhn\u00fa\u0165 na zh\u00e1\u0148anie sponzorov a pe\u0148az\u00ed. Ale aby tu vn\u00edmali a vedeli, \u017ee ktosi v Eur\u00f3pe na nich mysli, aby pomoc bola \u010d\u00edm viac osobn\u00e1, a my, aby sme sa zas oslobodzovali z v\u00e4zenie egoizmu a unavuj\u00faceho konzumu. <\/p>\n\n\n\n<p>Vnucuje sa a\u017e  provokat\u00edvny z\u00e1ver: nemo\u017eno ma\u0165 v\u0161etko, aj blahobyt, aj rados\u0165. Ale \u201crozd\u00e1van\u00edm rados\u0165 rastie\u201d.<\/p>\n\n\n\n<p style=\"text-align:right\"><em>otec&nbsp;Mari\u00e1n<\/em><\/p>\n\n\n\n<div class=\"wp-block-image\"><figure class=\"aligncenter\"><a href=\"https:\/\/drive.google.com\/file\/d\/1YoH7L77dJibtkCJBOcnBLOfydtQ6WutH\/view?usp=sharing\" target=\"_blank\" rel=\"noreferrer noopener\"><img decoding=\"async\" src=\"https:\/\/www.farakostolna.sk\/wp-content\/uploads\/2023\/01\/Screenshot-2023-01-23-061424-1-1024x576.png\" alt=\"\" class=\"wp-image-6905\"\/><\/a><\/figure><\/div>\n\n\n\n<div class=\"wp-block-image\"><figure class=\"aligncenter\"><img decoding=\"async\" src=\"https:\/\/www.farakostolna.sk\/wp-content\/uploads\/2023\/01\/WhatsApp-Image-2023-01-23-at-02.23.34-1-768x1024.jpg\" alt=\"\" class=\"wp-image-6903\"\/><\/figure><\/div>\n\n\n\n<div class=\"wp-block-image\"><figure class=\"aligncenter\"><img decoding=\"async\" src=\"https:\/\/www.farakostolna.sk\/wp-content\/uploads\/2023\/01\/WhatsApp-Image-2023-01-23-at-02.24.17-1-1024x768.jpg\" alt=\"\" class=\"wp-image-6904\"\/><\/figure><\/div>\n\n\n\n<div class=\"wp-block-image\"><figure class=\"aligncenter\"><img decoding=\"async\" src=\"https:\/\/www.farakostolna.sk\/wp-content\/uploads\/2023\/01\/WhatsApp-Image-2023-01-23-at-02.24.41-1-768x1024.jpg\" alt=\"\" class=\"wp-image-6901\"\/><\/figure><\/div>\n\n\n\n<div class=\"wp-block-image\"><figure class=\"aligncenter\"><img decoding=\"async\" src=\"https:\/\/www.farakostolna.sk\/wp-content\/uploads\/2023\/01\/WhatsApp-Image-2023-01-23-at-02.27.22-1-607x1024.jpg\" alt=\"\" class=\"wp-image-6900\"\/><\/figure><\/div>\n\n\n\n<figure class=\"wp-block-image\"><a href=\"https:\/\/drive.google.com\/file\/d\/1hHOTBfcsPBmjw87SeO0H_ycmTXQMl2O9\/view?usp=sharing\" target=\"_blank\" rel=\"noreferrer noopener\"><img decoding=\"async\" src=\"https:\/\/www.farakostolna.sk\/wp-content\/uploads\/2023\/01\/Screenshot-2023-01-23-061630-1-1024x577.png\" alt=\"\" class=\"wp-image-6907\"\/><\/a><\/figure>\n\n\n\n<figure class=\"wp-block-image\"><img decoding=\"async\" src=\"https:\/\/www.farakostolna.sk\/wp-content\/uploads\/2023\/01\/WhatsApp-Image-2023-01-23-at-02.30.23-1-1024x768.jpg\" alt=\"\" class=\"wp-image-6899\"\/><\/figure>\n\n\n\n<p><\/p>\n\n\n\n<hr class=\"wp-block-separator\"\/>\n\n\n\n<p><\/p>\n\n\n\n<h2 class=\"wp-block-heading\">De\u0148 4 \u2014 21.01.2023  <\/h2>\n\n\n\n<p><\/p>\n\n\n\n<p>Asi najmisijnej\u0161\u00ed de\u0148, malo to grad\u00e1ciu. Po\u010dn\u00fac cestami, ktor\u00e9 boli e\u0161te hrbo\u013eatej\u0161ie. Typick\u00e9 ve\u013ek\u00e9 stromy uprostred savany, mal\u00e9 dom\u010deky z nep\u00e1lenej tehly, oby\u010dajne sa okolo nich mot\u00e1 alebo sed\u00ed pod stromom strapec det\u00ed a p\u00e1r dospel\u00fdch, ve\u013emi \u010dasto st\u00e1da kr\u00e1v, b\u00fdkov, k\u00f4z, ove\u010diek r\u00f4znych ve\u013ekost\u00ed a farieb. Oby\u010dajne ich maj\u00fa na starosti mal\u00e9 deti. <\/p>\n\n\n\n<p>Najdlh\u0161ie sme sa zdr\u017eali v Mwabusuke, \u201cGavendovej farnosti\u201d. \u010cakal n\u00e1s strapec miestnych, hne\u010f dostali ve\u013ek\u00fa slovensk\u00fa z\u00e1stavu, postupne ich prib\u00fadalo. Najsk\u00f4r sme i\u0161li k \u201cStudni Malika\u201d, teda na po\u010des\u0165 mojej mamy. Matka d\u00e1va \u017eivot &#8211; voda d\u00e1va \u017eivot &#8211; matka d\u00e1va vodu\u2026 Tu v istom zmysle \u017eije na\u010falej aj tu na zemi\u2026 Za zr\u00facaninami predch\u00e1dzaj\u00faceho kostol\u00edka sa u\u017e na kame\u0148och a dreve varila ry\u017ea, fazu\u013ea, ved\u013ea polo\u017een\u00e9 \u010derstvo zarezan\u00e9 sliepky &#8211; o chv\u00ed\u013eu u\u017e boli o\u010disten\u00e9 a po om\u0161i aj uvaren\u00e9\u2026 <\/p>\n\n\n\n<p>Om\u0161a, lie\u010dba \u0161okom\u2026 a\u017e ke\u010f za\u010dala, mi padre Salvatore povedal, \u017ee bude v swahil\u010dine, ktor\u00fa som \u010d\u00edtal prv\u00fdkr\u00e1t v \u017eivote. A rovno spojen\u00e1 s krstom \u00f4smych det\u00ed, \u010do mi tie\u017e pripadlo. Ve\u013emi siln\u00fd z\u00e1\u017eitok! \u013dudia sedeli na kusoch igelitov na pra\u0161nej zemi, olt\u00e1r zatia\u013e zbit\u00fd len z dos\u00e1k a prikryt\u00fd plachtou\u2026 jednoducho, ba biedne, ale nad\u0161ene. Pred rokom tu st\u00e1li len m\u00fary kostola. Zaplatil som strechu (3000,- EUR), ale sl\u00fa\u017ei\u0165 pod \u0148ou om\u0161u, to je siln\u00fd z\u00e1\u017eitok. Charita je \u00faplne in\u00e1, ke\u010f s\u00fa za peniazmi konkr\u00e9tni \u017eiv\u00ed \u013eudia\u2026 A potom hostina pod stromami okolo kostola. Ak by som nezabudol, na z\u00e1ver om\u0161e sme zas odovzdali na\u0161e dary a podporu, m\u0148a obdarili aj \u017eivou kozou. Ale nem\u00e1m pre \u0148u letenku, tak ju op\u00e4\u0165 priviazali za kostol. Ve\u013ekej pozornosti sa te\u0161il aj Filipov dron. My sa zas te\u0161\u00edme na jeho z\u00e1bery. <\/p>\n\n\n\n<p>Potom sme sa e\u0161te hrbo\u013eatej\u0161ou cestou presunuli do dedinky Jomu, ktor\u00e1 zas patr\u00ed pod farnos\u0165 Dev\u00edn. Tu sme im dali vyv\u0155ta\u0165 tie\u017e stud\u0148u. Pri nej bolo doj\u00edmav\u00e9 ako padre Salvatore um\u00fdva de\u0165om nohy a pobozk\u00e1 im ich, aj ku\u010derav\u00e9 hl\u00e1vky. Teraj\u0161\u00ed kostol\u00edk z nep\u00e1lenej hliny, najskromnej\u0161\u00ed, ale mal\u00e1 komunita sa mi zdala najviac zbo\u017en\u00e1 a rodinn\u00e1. Stud\u0148a je na rovnom priestranstve, kde Salvatore pl\u00e1nuje postavi\u0165 v\u00e4\u010d\u0161\u00ed kostol. V\u010faka Dev\u00ednu? <\/p>\n\n\n\n<p>A e\u0161te sl\u00e1vnostn\u00e1 ve\u010dera zas u Salvatoreho, aj sestry, biskup, \u201cdiskot\u00e9ka\u201d, rozl\u00fa\u010dkov\u00e9 re\u010di, po\u017eehnania i skuto\u010dn\u00e9 l\u00fa\u010denie\u2026A u\u017e je aj nede\u013ea (0.13). Usiku mwema&nbsp;&#8211;&nbsp;Dobr\u00fa&nbsp;noc!<\/p>\n\n\n\n<p style=\"text-align:right\"><em>otec&nbsp;Mari\u00e1n<\/em><\/p>\n\n\n\n<div class=\"wp-block-image\"><figure class=\"aligncenter\"><img decoding=\"async\" src=\"https:\/\/www.farakostolna.sk\/wp-content\/uploads\/2023\/01\/WhatsApp-Image-2023-01-21-at-22.33.58-1-1024x768.jpg\" alt=\"\" class=\"wp-image-6885\"\/><\/figure><\/div>\n\n\n\n<div class=\"wp-block-image\"><figure class=\"aligncenter\"><img decoding=\"async\" src=\"https:\/\/www.farakostolna.sk\/wp-content\/uploads\/2023\/01\/WhatsApp-Image-2023-01-21-at-22.34.17-1-1024x768.jpg\" alt=\"\" class=\"wp-image-6886\"\/><\/figure><\/div>\n\n\n\n<div class=\"wp-block-image\"><figure class=\"aligncenter\"><img decoding=\"async\" src=\"https:\/\/www.farakostolna.sk\/wp-content\/uploads\/2023\/01\/WhatsApp-Image-2023-01-21-at-22.35.07-1-768x1024.jpg\" alt=\"\" class=\"wp-image-6887\"\/><\/figure><\/div>\n\n\n\n<div class=\"wp-block-image\"><figure class=\"aligncenter\"><img decoding=\"async\" src=\"https:\/\/www.farakostolna.sk\/wp-content\/uploads\/2023\/01\/WhatsApp-Image-2023-01-21-at-22.36.53-1-768x1024.jpg\" alt=\"\" class=\"wp-image-6888\"\/><\/figure><\/div>\n\n\n\n<div class=\"wp-block-image\"><figure class=\"aligncenter\"><img decoding=\"async\" src=\"https:\/\/www.farakostolna.sk\/wp-content\/uploads\/2023\/01\/WhatsApp-Image-2023-01-21-at-22.36.54-1-1024x768.jpg\" alt=\"\" class=\"wp-image-6889\"\/><\/figure><\/div>\n\n\n\n<div class=\"wp-block-image\"><figure class=\"aligncenter\"><img decoding=\"async\" src=\"https:\/\/www.farakostolna.sk\/wp-content\/uploads\/2023\/01\/WhatsApp-Image-2023-01-21-at-22.37.41-1-1024x768.jpg\" alt=\"\" class=\"wp-image-6895\"\/><\/figure><\/div>\n\n\n\n<div class=\"wp-block-image\"><figure class=\"aligncenter\"><img decoding=\"async\" src=\"https:\/\/www.farakostolna.sk\/wp-content\/uploads\/2023\/01\/WhatsApp-Image-2023-01-21-at-22.38.49-1-1024x768.jpg\" alt=\"\" class=\"wp-image-6891\"\/><\/figure><\/div>\n\n\n\n<div class=\"wp-block-image\"><figure class=\"aligncenter\"><img decoding=\"async\" src=\"https:\/\/www.farakostolna.sk\/wp-content\/uploads\/2023\/01\/WhatsApp-Image-2023-01-21-at-22.38.50-1-768x1024.jpg\" alt=\"\" class=\"wp-image-6892\"\/><\/figure><\/div>\n\n\n\n<div class=\"wp-block-image\"><figure class=\"aligncenter\"><img decoding=\"async\" src=\"https:\/\/www.farakostolna.sk\/wp-content\/uploads\/2023\/01\/WhatsApp-Image-2023-01-21-at-22.41.37-1-1024x768.jpg\" alt=\"\" class=\"wp-image-6893\"\/><\/figure><\/div>\n\n\n\n<div class=\"wp-block-image\"><figure class=\"aligncenter\"><img decoding=\"async\" src=\"https:\/\/www.farakostolna.sk\/wp-content\/uploads\/2023\/01\/WhatsApp-Image-2023-01-21-at-22.42.25-1-1024x768.jpg\" alt=\"\" class=\"wp-image-6894\"\/><\/figure><\/div>\n\n\n\n<p><\/p>\n\n\n\n<hr class=\"wp-block-separator\"\/>\n\n\n\n<p><\/p>\n\n\n\n<h2 class=\"wp-block-heading\">De\u0148 3 \u2014 20.01.2023 <\/h2>\n\n\n\n<p><\/p>\n\n\n\n<p>Zachyti\u0165 dne\u0161n\u00fd de\u0148, \u00faloha takmer nemo\u017en\u00e1. Hoc len vymenova\u0165 miesta, kde sme boli. Hne\u010f o 8.00 r\u00e1no sv. om\u0161a v ne\u010falekej \u0161kole sv. Antona Padu\u00e1nskeho, nieko\u013eko stoviek natla\u010den\u00fdch ku\u010derav\u00fdch hl\u00e1vok, od \u0161k\u00f4lk\u00e1rov po siedmakov. M\u0148a zas fascinovala prirodzen\u00e1 zbo\u017enos\u0165 a neuverite\u013en\u00e9 ticho a poriadok. Mali nacvi\u010den\u00e9 spevy ale o\u010dividne nie iba pre \u201cvz\u00e1cnu n\u00e1v\u0161tevu\u201d. <\/p>\n\n\n\n<p>Po ra\u0148ajk\u00e1ch sme \u0161li dos\u0165 dobrou asfaltkou asi dve hodiny, pre m\u0148a v\u0161etko nov\u00e9 a zauj\u00edmav\u00e9. Ako \u013eudia pracuj\u00fa na ry\u017eov\u00fdch pol\u00ed\u010dk\u00e1ch, varia, pred\u00e1vaj\u00fa. Popri ceste st\u00e1le ve\u013ea \u013eud\u00ed, pe\u0161o, na bicykloch alebo piki pikoch a \u010di dala-dala (rik\u0161iach). Ko\u013eko \u013eud\u00ed a ak\u00fd r\u00f4zny tovar sa d\u00e1 odviez\u0165 na jedinom bicykli\u2026 Na sliepky maj\u00fa na nosi\u010d pripevnen\u00e9 zvl\u00e1\u0161tne z dreven\u00fdch pr\u00fatov vyroben\u00e9 klietky. Alebo nes\u00fa \u017eiv\u00e9 kura z trhu len tak za nohy\u2026 Stovky podrobn\u00fdch detailov, cel\u00e9 hodiny sa mo\u017eno len pozera\u0165\u2026 Ve\u013ea mlad\u00fdch \u013eud\u00ed a det\u00ed ani nehovor\u00edm. Nav\u0161t\u00edvili sme tri \u010fal\u0161ie \u0161koly, v\u0161ade sa to hem\u017e\u00ed de\u0165mi, vitality, spev, bubnovanie. Samozrejme aj form\u00e1lny program. V\u0161ade sme odovzdali nejak\u00e9 dar\u010deky, napr\u00edklad loptu. Ale aj finan\u010dn\u00fa pomoc od jednotliv\u00fdch dobrodincov. Triedy maj\u00fa oby\u010dajne ka\u017ed\u00e1 svoju budovu nazna\u010duj\u00fac niekdaj\u0161ie africk\u00e9 dom\u010deky, pekne vyma\u013eovan\u00e9 ale skromn\u00e9, jednoduchu\u010dk\u00e9. Ka\u017ed\u00e1 \u0161kola m\u00e1 svoju uniformu, \u010dlovek \u017easne ako na t\u00fdch pra\u0161n\u00fdch cest\u00e1ch dok\u00e1\u017eu ma\u0165 tak\u00e9 \u010dist\u00e9 biele pono\u017eky, ko\u0161ele\u2026 Ako sviato\u010dne oble\u010den\u00ed vych\u00e1dzaj\u00fa z t\u00fdch dom\u010dekov z hliny, pri\u010dom vodu nosia z\u010faleka na hlave\u2026 Mysl\u00edm, \u017ee to ve\u013emi zahanbuje v\u0161etk\u00fdch n\u00e1s na Slovensku. <\/p>\n\n\n\n<p>Za\u017eili sme aj chv\u00ed\u013eu hust\u00e9ho da\u017e\u010fa. Chudoba, spev, rados\u0165\u2026 P\u00e1ter Salvatore je pre n\u00e1s k\u0148azov i nek\u0148azov ve\u013ek\u00fdm pr\u00edkladom. Boli sme aj v jeho b\u00fdvalej farnosti. S\u00e1m mal na starosti 47 dediniek na rozlohe 45 x 80 kilometrov. V\u0161ade najsk\u00f4r rie\u0161il vodu, potom kostol a \u0161kolu. No ve\u010dera pred farou, aj k\u0148azi, biskup, sestri\u010dky. Menu: ako ka\u017ed\u00fd de\u0148 na obed aj ve\u010der: ry\u017ea, \u201cvy\u0161portovan\u00e9 kura\u201d, ryba, a v\u00fdborne \u010derstv\u00e9 ovocie\u2026 Do pol jeden\u00e1stej\u2026 a teraz trochu spomienky\u2026 Nesmierne dlh\u00fd&nbsp;de\u0148\u2026&nbsp;V\u010faka&nbsp;za\u0148.<\/p>\n\n\n\n<p style=\"text-align:right\"><em>otec&nbsp;Mari\u00e1n<\/em><\/p>\n\n\n\n<div class=\"wp-block-image\"><figure class=\"aligncenter\"><img decoding=\"async\" src=\"https:\/\/www.farakostolna.sk\/wp-content\/uploads\/2023\/01\/WhatsApp-Image-2023-01-20-at-21.08.41-2-1-1-1024x768.jpg\" alt=\"\" class=\"wp-image-6876\"\/><\/figure><\/div>\n\n\n\n<div class=\"wp-block-image\"><figure class=\"aligncenter\"><img decoding=\"async\" src=\"https:\/\/www.farakostolna.sk\/wp-content\/uploads\/2023\/01\/WhatsApp-Image-2023-01-20-at-21.48.49-1-1024x768.jpg\" alt=\"\" class=\"wp-image-6874\"\/><\/figure><\/div>\n\n\n\n<div class=\"wp-block-image\"><figure class=\"aligncenter\"><img decoding=\"async\" src=\"https:\/\/www.farakostolna.sk\/wp-content\/uploads\/2023\/01\/WhatsApp-Image-2023-01-20-at-21.50.14-1-1024x768.jpg\" alt=\"\" class=\"wp-image-6875\"\/><\/figure><\/div>\n\n\n\n<figure class=\"wp-block-image\"><img decoding=\"async\" src=\"https:\/\/www.farakostolna.sk\/wp-content\/uploads\/2023\/01\/WhatsApp-Image-2023-01-20-at-21.51.14-1-1024x768.jpg\" alt=\"\" class=\"wp-image-6873\"\/><\/figure>\n\n\n\n<div class=\"wp-block-image\"><figure class=\"aligncenter\"><img decoding=\"async\" src=\"https:\/\/www.farakostolna.sk\/wp-content\/uploads\/2023\/01\/WhatsApp-Image-2023-01-20-at-21.51.37-1-1024x768.jpg\" alt=\"\" class=\"wp-image-6877\"\/><\/figure><\/div>\n\n\n\n<div class=\"wp-block-image\"><figure class=\"aligncenter\"><a href=\"https:\/\/drive.google.com\/file\/d\/1nx7DizgkGqSBYY99LhlEXsjQ1P-_ag0j\/view?usp=sharing\" target=\"_blank\" rel=\"noreferrer noopener\"><img decoding=\"async\" src=\"https:\/\/www.farakostolna.sk\/wp-content\/uploads\/2023\/01\/Screenshot-2023-01-20-221019-1-1.png\" alt=\"\" class=\"wp-image-6880\"\/><\/a><\/figure><\/div>\n\n\n\n<p><\/p>\n\n\n\n<hr class=\"wp-block-separator\"\/>\n\n\n\n<p><\/p>\n\n\n\n<h3 class=\"wp-block-heading\" id=\"mce_5\">De\u0148 2 \u2014 19.01.2023<\/h3>\n\n\n\n<p>Dnes to u\u017e bol plnokrvn\u00fd africk\u00fd de\u0148. Najsk\u00f4r, asi 20 min autom do farnosti Kagongwa. Na ceste i popri ceste \u00fa\u017easn\u00e1 \u017eivotom prekypuj\u00faca zmes det\u00ed, \u013eud\u00ed na bicykli \u010di motorke (aj po dvoch \u010di troch), \u017eeny s n\u00e1kladom na hlav\u00e1ch, obchod\u00edky, ry\u017eov\u00e9 pol\u00ed\u010dka. Tu \u010dlovek vid\u00ed, \u010do myslel p\u00e1pe\u017e Franti\u0161ek, ke\u010f v \u0160trasburgu nazval Eur\u00f3pu neplodnou starenkou\u2026 <\/p>\n\n\n\n<p>Farnos\u0165 sa nach\u00e1dza k\u00fasok od hlavnej cesty, \u010do znamen\u00e1 vy\u0161\u0161iu \u017eivotn\u00fa \u00farove\u0148, ale to je ve\u013emi relat\u00edvny pojem. V Kagongwe, kde boli pred 15 rokmi len pasienky, stoj\u00ed priestrann\u00fd kostol Sv. Rodiny, fara, dom pre reho\u013en\u00e9 sestri\u010dky, \u0161k\u00f4lka a \u0161kola Sv. Cyrila a Metoda. V\u0161etko vybudovan\u00e9 najm\u00e4 z darov farnosti Sv. Cyrila a Metoda v Sterling Heights, USA, kde otec Benjam\u00edn p\u00f4sobil takmer 19 rokov. <\/p>\n\n\n\n<p>Na om\u0161u v swahilskom jazyku s hlavn\u00fdm celebrantom, otcom Just\u00ednom &#8211; far\u00e1rom, sa z\u00fa\u010dastnilo okolo 200 det\u00ed z farskej \u0161k\u00f4lky a Z\u0160. Na\u0161inca udiv\u00ed ich ticho, disciplinovanos\u0165, zmysel pre autoritu aj prirodzen\u00e1 zbo\u017enos\u0165. Kie\u017e by im to vydr\u017ealo. Farnosti sme darovali kalich a cib\u00f3rium (dar rodiny Zemanovej z Dev\u00edna), \u0161portov\u00e9 veci, banery, a aj finan\u010dne prispeli na farnos\u0165 i \u0161kolu. <\/p>\n\n\n\n<p>Po \u010fal\u0161ej \u0161tvr\u0165hodinke autom sme odbo\u010dili do farnosti Isaka. T\u00fa vedie v\u017edy usmievav\u00fd, ale aj usilovn\u00fd mlad\u00fd k\u0148az Faust\u00edn. Deti, ktor\u00e9 zaplavili priestor pred farou, sa zdravo \u201cbili\u201d o cukr\u00edky, ktor\u00e9 priehr\u0161tiami vyhadzovala do vzduchu \u201cmama Anna\u201d, k\u00fdm sa nerozbehli za novou loptou. Poh\u013ead na deti v \u0161k\u00f4lke, tvrdo spiace v \u0161tyroch radoch na zemi na jednoduchom prestieradlom vyl\u00fa\u010dil aj p\u00e1r s\u013az. Na fare \u010dakal v\u00fdborn\u00fd obed (ry\u017ea, zemiaky, \u010derstvu\u010dk\u00e9 nakr\u00e1jan\u00e9 mango, anan\u00e1sy, mel\u00f3ny, \u2026 ). <\/p>\n\n\n\n<p>Mno\u017estvo dojmov, hoci kr\u00e1snych, vy\u010derp\u00e1 viac ne\u017e n\u00e1ro\u010dn\u00e1 predn\u00e1\u0161ka. Neskor\u00e1 \u0161iesta ozaj bodla. Po nej sa k\u0148azi z na\u0161ej skupiny, padre Salvatore a sekret\u00e1r otec Abrah\u00e1m, stretli u biskupa Christofora na strategickej porade, rie\u0161ili sa pastora\u010dn\u00e9 priority, mo\u017enosti spolupr\u00e1ce, \u2026 A okrem in\u00e9ho sa uk\u00e1zalo, \u017ee otec Benjam\u00edn po 17 n\u00e1v\u0161tev\u00e1ch pozn\u00e1 viac farnost\u00ed diec\u00e9zy ne\u017e nov\u00fd biskup. Odovzdali sme aj pomoc z P\u00e1pe\u017esk\u00fdch Misijn\u00fdch Diel &#8211; 1000 om\u0161ov\u00fdch intenci\u00ed. <\/p>\n\n\n\n<p>O pol deviatej op\u00e4\u0165 ve\u010dera u biskupa, aj s miestnymi k\u0148azmi a sestrami, na\u0161a \u201cBo\u017ee n\u00e1\u0161, Ot\u010de n\u00e1\u0161 z vysok\u00e9ho neba\u201d pred modlitbou neznelo menej zvu\u010dne, ako ich spevy po om\u0161i. Biskup n\u00e1s odprevadil a\u017e k ubytovni. Druh\u00fd de\u0148 a c\u00edtime sa ako doma. A t\u00fa\u017eime spa\u0165 tak tvrdo ako deti v \u0161k\u00f4lke.<\/p>\n\n\n\n<p style=\"text-align:right\"><em>otec&nbsp;Mari\u00e1n<\/em><\/p>\n\n\n\n<div class=\"wp-block-image\"><figure class=\"aligncenter\"><img decoding=\"async\" src=\"https:\/\/www.farakostolna.sk\/wp-content\/uploads\/2023\/01\/WhatsApp-Image-2023-01-19-at-20.52.10-1-1024x768.jpg\" alt=\"\" class=\"wp-image-6854\"\/><\/figure><\/div>\n\n\n\n<div class=\"wp-block-image\"><figure class=\"aligncenter\"><img decoding=\"async\" src=\"https:\/\/www.farakostolna.sk\/wp-content\/uploads\/2023\/01\/WhatsApp-Image-2023-01-19-at-20.52.26-1-1024x768.jpg\" alt=\"\" class=\"wp-image-6855\"\/><\/figure><\/div>\n\n\n\n<div class=\"wp-block-image\"><figure class=\"aligncenter\"><img decoding=\"async\" src=\"https:\/\/www.farakostolna.sk\/wp-content\/uploads\/2023\/01\/WhatsApp-Image-2023-01-19-at-20.53.54-1-768x1024.jpg\" alt=\"\" class=\"wp-image-6857\"\/><\/figure><\/div>\n\n\n\n<div class=\"wp-block-image\"><figure class=\"aligncenter\"><img decoding=\"async\" src=\"https:\/\/www.farakostolna.sk\/wp-content\/uploads\/2023\/01\/WhatsApp-Image-2023-01-19-at-21.03.00-1-1024x768.jpg\" alt=\"\" class=\"wp-image-6858\"\/><\/figure><\/div>\n\n\n\n<div class=\"wp-block-image\"><figure class=\"aligncenter\"><img decoding=\"async\" src=\"https:\/\/www.farakostolna.sk\/wp-content\/uploads\/2023\/01\/WhatsApp-Image-2023-01-19-at-21.06.37-1-1024x768.jpg\" alt=\"\" class=\"wp-image-6856\"\/><\/figure><\/div>\n\n\n\n<figure class=\"wp-block-image\"><img decoding=\"async\" src=\"https:\/\/www.farakostolna.sk\/wp-content\/uploads\/2023\/01\/WhatsApp-Image-2023-01-19-at-21.07.43-1-1024x768.jpg\" alt=\"\" class=\"wp-image-6860\"\/><\/figure>\n\n\n\n<p><\/p>\n\n\n\n<hr class=\"wp-block-separator\"\/>\n\n\n\n<p><\/p>\n\n\n\n<h3 class=\"wp-block-heading\">De\u0148 1 \u2014 18.01.2023<\/h3>\n\n\n\n<p><strong><em>\u201e\u010coko\u013evek ste urobili jedn\u00e9mu z t\u00fdchto mojich najmen\u0161\u00edch bratov, mne ste urobili\u201c. Mat\u00fa\u0161 25,40<\/em><\/strong><\/p>\n\n\n\n<p>\u010casto rozm\u00fd\u0161\u013eam nad sp\u00f4sobom ako pom\u00f4c\u0165 t\u00fdm najzranite\u013enej\u0161\u00edm\u2026. T\u00e1 t\u00fa\u017eba vie by\u0165 niekedy neuverite\u013ene siln\u00e1, ale z\u00e1rove\u0148 sa stret\u00e1va so sk\u00fasenos\u0165ou, \u017ee niekedy \u201edobr\u00fd \u00famysel\u201c nesta\u010d\u00ed. Odmietnutie, nev\u010fa\u010dnos\u0165 a opovrhnutie vie cel\u00e9 nadchnutie s\u0165a\u017ei\u0165, ale pocit adresnej pomoci t\u00fdm, ktor\u00ed maj\u00fa tak m\u00e1lo to \u010faleko prevy\u0161uje.<\/p>\n\n\n\n<p>Viacro\u010dn\u00fd pr\u00edbeh pomoci Kostolnej pri Dunaji africk\u00fdm \u013eudom ma oslovil nato\u013eko, \u017ee aj moja farnos\u0165 (Dev\u00edn), ale aj ja osobne sme za\u010dali t\u00fdmto \u013eudom finan\u010dne pom\u00e1ha\u0165 s viacer\u00fdmi projektami, a\u017e to prirodzene vy\u00fastilo do t\u00fa\u017eby t\u00fato krajinu nav\u0161t\u00edvi\u0165.<\/p>\n\n\n\n<p>Na\u0161a 8 \u010dlenn\u00e1 skupina, ktorej som s\u00fa\u010das\u0165ou m\u00e1 spolu 484 rokov. Je zlo\u017een\u00e1 z otca Benjam\u00edna (farnos\u0165 Blument\u00e1l, Bratislava) a jeho maminky, otca Branislava (farnos\u0165 Bernol\u00e1kovo) a jeho ocina, otca Pavla (farnos\u0165 Kostoln\u00e1 pri Dunaji) a jeho maminky, jedn\u00e9ho laika Filipa a mojej mali\u010dkosti.<\/p>\n\n\n\n<p>Cesta n\u00e1m trvala presn\u00fdch 24. hod\u00edn. Jej s\u00fa\u010das\u0165ou boli \u0161tyri lety. T\u00fdm posledn\u00fdm sme sa dostali a\u017e do na\u0161ej cie\u013eovej destin\u00e1cie \u2013 mesta Kahama, kde budeme najbli\u017e\u0161\u00edch 5 dn\u00ed. Pr\u00edlet na skromn\u00e9 letisko s \u201epr\u00edrodnou prist\u00e1vacou dr\u00e1hou\u201c bol ve\u013ekou pomocou, vzh\u013eadom na mno\u017estvo bato\u017einy (550kg), ktor\u00e1 bola pln\u00e1 materi\u00e1lnej pomoci pre miestnych \u013eud\u00ed, ale aj liturgick\u00e9 predmety pre farnosti a ich k\u0148azov.<\/p>\n\n\n\n<p>Rann\u00fd pocit \u00fanavy sa r\u00fdchlo rozplynul po vrelom priv\u00edtan\u00ed miestnymi k\u0148azmi, ktor\u00ed n\u00e1s \u010dakali na letisku. Po kr\u00e1tkom odpo\u010dinku sme sa pustili do rozba\u013eovania kufrov a rozde\u013eovania vec\u00ed pre jednotliv\u00e9 miesta, ktor\u00e9 v najbli\u017e\u0161\u00edch d\u0148och nav\u0161t\u00edvime. Na ve\u010deru sme boli pozvan\u00ed k novoustanoven\u00e9mu miestnemu biskupovi Christoferovi. Po ofici\u00e1lnej \u010dasti, kedy sme mu odovzdali viacero liturgick\u00fdch predmetov (kalichy, kadidlo a dalmatiky, etc.) nasledovala ve\u010dera, ktor\u00fa preru\u0161oval radostn\u00fd, spont\u00e1nny spev. Na z\u00e1ver sme spolo\u010dne rozkrojili tortu, na znak \u010fal\u0161ej spolupr\u00e1ce.<\/p>\n\n\n\n<p>A kone\u010dne pred nami norm\u00e1lna noc\u2026. Aj z prv\u00fdch hod\u00edn sa presvied\u010dam o starej zn\u00e1mej z\u00e1sade, \u017ee \u201ckto nevid\u00ed, nepochop\u00ed a kto uvid\u00ed, nezabudne\u201d.<\/p>\n\n\n\n<p style=\"text-align:right\"><em>otec&nbsp;Mari\u00e1n<\/em><\/p>\n\n\n\n<div class=\"wp-block-image\"><figure class=\"aligncenter\"><img decoding=\"async\" src=\"https:\/\/www.farakostolna.sk\/wp-content\/uploads\/2023\/01\/WhatsApp-Image-2023-01-18-at-21.10.52-1-1024x768.jpg\" alt=\"\" class=\"wp-image-6834\"\/><\/figure><\/div>\n\n\n\n<div class=\"wp-block-image\"><figure class=\"aligncenter\"><img decoding=\"async\" src=\"https:\/\/www.farakostolna.sk\/wp-content\/uploads\/2023\/01\/WhatsApp-Image-2023-01-18-at-21.11.44-1-1024x768.jpg\" alt=\"\" class=\"wp-image-6835\"\/><\/figure><\/div>\n\n\n\n<div class=\"wp-block-image\"><figure class=\"aligncenter\"><img decoding=\"async\" src=\"https:\/\/www.farakostolna.sk\/wp-content\/uploads\/2023\/01\/WhatsApp-Image-2023-01-18-at-21.14.17-1-1024x768.jpg\" alt=\"\" class=\"wp-image-6836\"\/><\/figure><\/div>\n\n\n\n<div class=\"wp-block-image\"><figure class=\"aligncenter\"><img decoding=\"async\" src=\"https:\/\/www.farakostolna.sk\/wp-content\/uploads\/2023\/01\/WhatsApp-Image-2023-01-18-at-21.14.50-1-1024x768.jpg\" alt=\"\" class=\"wp-image-6837\"\/><\/figure><\/div>\n\n\n\n<div class=\"wp-block-image\"><figure class=\"aligncenter\"><img decoding=\"async\" src=\"https:\/\/www.farakostolna.sk\/wp-content\/uploads\/2023\/01\/WhatsApp-Image-2023-01-18-at-21.15.09-1-1024x768.jpg\" alt=\"\" class=\"wp-image-6838\"\/><\/figure><\/div>\n\n\n\n<div class=\"wp-block-image\"><figure class=\"aligncenter\"><img decoding=\"async\" src=\"https:\/\/www.farakostolna.sk\/wp-content\/uploads\/2023\/01\/WhatsApp-Image-2023-01-18-at-21.16.36-1-1-1024x768.jpg\" alt=\"\" class=\"wp-image-6839\"\/><\/figure><\/div>\n\n\n\n<div class=\"wp-block-image\"><figure class=\"aligncenter\"><img decoding=\"async\" src=\"https:\/\/www.farakostolna.sk\/wp-content\/uploads\/2023\/01\/WhatsApp-Image-2023-01-18-at-21.16.36-1-1024x768.jpg\" alt=\"\" class=\"wp-image-6833\"\/><\/figure><\/div>\n\n\n\n<div class=\"wp-block-image\"><figure class=\"aligncenter\"><img decoding=\"async\" src=\"https:\/\/www.farakostolna.sk\/wp-content\/uploads\/2023\/01\/WhatsApp-Image-2023-01-18-at-21.17.16-1-1024x768.jpg\" alt=\"\" class=\"wp-image-6840\"\/><\/figure><\/div>\n\n\n\n<div class=\"wp-block-image\"><figure class=\"aligncenter\"><img decoding=\"async\" src=\"https:\/\/www.farakostolna.sk\/wp-content\/uploads\/2023\/01\/WhatsApp-Image-2023-01-18-at-21.17.42-1-1024x768.jpg\" alt=\"\" class=\"wp-image-6841\"\/><\/figure><\/div>\n\n\n\n<div class=\"wp-block-image\"><figure class=\"aligncenter\"><img decoding=\"async\" src=\"https:\/\/www.farakostolna.sk\/wp-content\/uploads\/2023\/01\/WhatsApp-Image-2023-01-18-at-21.19.14-1-1024x768.jpg\" alt=\"\" class=\"wp-image-6842\"\/><\/figure><\/div>\n\n\n\n<div class=\"wp-block-image\"><figure class=\"aligncenter\"><img decoding=\"async\" src=\"https:\/\/www.farakostolna.sk\/wp-content\/uploads\/2023\/01\/WhatsApp-Image-2023-01-18-at-21.20.00-1-1024x768.jpg\" alt=\"\" class=\"wp-image-6843\"\/><\/figure><\/div>\n\n\n\n<div class=\"wp-block-image\"><figure class=\"aligncenter\"><img decoding=\"async\" src=\"https:\/\/www.farakostolna.sk\/wp-content\/uploads\/2023\/01\/WhatsApp-Image-2023-01-18-at-21.21.24-1-768x1024.jpg\" alt=\"\" class=\"wp-image-6844\"\/><\/figure><\/div>\n\n\n\n<div class=\"wp-block-image\"><figure class=\"aligncenter\"><img decoding=\"async\" src=\"https:\/\/www.farakostolna.sk\/wp-content\/uploads\/2023\/01\/WhatsApp-Image-2023-01-18-at-21.22.23-1-1024x768.jpg\" alt=\"\" class=\"wp-image-6845\"\/><\/figure><\/div>\n\n\n\n<div class=\"wp-block-image\"><figure class=\"aligncenter\"><img decoding=\"async\" src=\"https:\/\/www.farakostolna.sk\/wp-content\/uploads\/2023\/01\/WhatsApp-Image-2023-01-18-at-21.22.53-1-1024x768.jpg\" alt=\"\" class=\"wp-image-6846\"\/><\/figure><\/div>\n\n\n\n<div class=\"wp-block-image\"><figure class=\"aligncenter\"><img decoding=\"async\" src=\"https:\/\/www.farakostolna.sk\/wp-content\/uploads\/2023\/01\/WhatsApp-Image-2023-01-19-at-08.01.48-1-1024x768.jpg\" alt=\"\" class=\"wp-image-6847\"\/><\/figure><\/div>\n\t\t\t\t","protected":false},"excerpt":{"rendered":"<p>Z africk\u00e9ho z\u00e1pisn\u00edka otca Mari\u00e1na Gavendu. De\u0148 8 \u2014 25.01.2023 Tak dnes to neza\u010dalo ve\u013emi oddychovo, p\u00e1r min\u00fat po \u0161iestej n\u00e1s u\u017e \u010dakalo auto z farnosti a odviezlo na om\u0161u k otcovi Damazovi, ktor\u00fd sa tu star\u00e1 o mal\u00fa kres\u0165ansk\u00fa pospolitos\u0165 v moslimskom mori.<\/p>\n","protected":false},"author":7,"featured_media":6851,"comment_status":"closed","ping_status":"closed","sticky":false,"template":"","format":"standard","meta":{"footnotes":""},"categories":[3],"tags":[],"class_list":{"0":"entry","1":"post","2":"publish","3":"author-slado89gmail-com","4":"has-excerpt","5":"has-more-link","6":"post-6832","8":"format-standard","9":"has-post-thumbnail","10":"category-afrika"},"_links":{"self":[{"href":"https:\/\/www.farakostolna.sk\/index.php?rest_route=\/wp\/v2\/posts\/6832","targetHints":{"allow":["GET"]}}],"collection":[{"href":"https:\/\/www.farakostolna.sk\/index.php?rest_route=\/wp\/v2\/posts"}],"about":[{"href":"https:\/\/www.farakostolna.sk\/index.php?rest_route=\/wp\/v2\/types\/post"}],"author":[{"embeddable":true,"href":"https:\/\/www.farakostolna.sk\/index.php?rest_route=\/wp\/v2\/users\/7"}],"replies":[{"embeddable":true,"href":"https:\/\/www.farakostolna.sk\/index.php?rest_route=%2Fwp%2Fv2%2Fcomments&post=6832"}],"version-history":[{"count":0,"href":"https:\/\/www.farakostolna.sk\/index.php?rest_route=\/wp\/v2\/posts\/6832\/revisions"}],"wp:featuredmedia":[{"embeddable":true,"href":"https:\/\/www.farakostolna.sk\/index.php?rest_route=\/"}],"wp:attachment":[{"href":"https:\/\/www.farakostolna.sk\/index.php?rest_route=%2Fwp%2Fv2%2Fmedia&parent=6832"}],"wp:term":[{"taxonomy":"category","embeddable":true,"href":"https:\/\/www.farakostolna.sk\/index.php?rest_route=%2Fwp%2Fv2%2Fcategories&post=6832"},{"taxonomy":"post_tag","embeddable":true,"href":"https:\/\/www.farakostolna.sk\/index.php?rest_route=%2Fwp%2Fv2%2Ftags&post=6832"}],"curies":[{"name":"wp","href":"https:\/\/api.w.org\/{rel}","templated":true}]}}