{"id":6826,"date":"2023-01-13T21:47:39","date_gmt":"2023-01-13T21:47:39","guid":{"rendered":"http:\/\/kostolna.fara.sk\/?p=6826"},"modified":"2023-01-13T21:47:39","modified_gmt":"2023-01-13T21:47:39","slug":"farske-oznamy-a-zamyslenie-15-01-2023","status":"publish","type":"post","link":"https:\/\/www.farakostolna.sk\/?p=6826","title":{"rendered":"Farsk\u00e9 oznamy a zamyslenie (15.01.2023)"},"content":{"rendered":"\n\t\t\t\t\n\t\t\t\t\n<div class=\"wp-block-image\"><figure class=\"aligncenter\"><img decoding=\"async\" src=\"https:\/\/www.farakostolna.sk\/wp-content\/uploads\/2023\/01\/WhatsApp-Image-2023-01-13-at-22.33.22-1-1024x673.jpg\" alt=\"\" class=\"wp-image-6827\"\/><\/figure><\/div>\n\n\n\n<p>O sviatostiach m\u00e1me za\u017eit\u00e9 r\u00f4zne predstavy. Na Je\u017ei\u0161a pri krste zost\u00fapil Duch Sv\u00e4t\u00fd. Podobne sa to deje aj dnes. Berieme v\u00f4bec krst v\u00e1\u017ene alebo je to pre n\u00e1s len spolo\u010densk\u00e1 udalos\u0165 a prv\u00e1 &#8220;fajo\u010dka&#8221; na zozname kres\u0165ansk\u00fdch povinnost\u00ed?<\/p>\n\n\n<p><!--more--><\/p>\n\n\n<p><strong>Sv\u00e4t\u00e9 om\u0161e u n\u00e1s:<\/strong><\/p>\n\n\n\n<p><strong>sobota \u2013 14. janu\u00e1ra (s nede\u013enou platnos\u0165ou)<\/strong><\/p>\n\n\n\n<ul class=\"wp-block-list\"><li><strong>17:00 \u2013 Hrub\u00e1 Bor\u0161a \u2013 (slov.\/ma\u010f.)<\/strong><\/li><li><strong>18:00 \u2013 Kostoln\u00e1 \u2013 (slov.)<\/strong><\/li><\/ul>\n\n\n\n<p><strong>nede\u013ea \u2013 15. janu\u00e1ra<\/strong><\/p>\n\n\n\n<ul class=\"wp-block-list\"><li><strong>8:00 \u2013 Hrub\u00fd \u0160\u00far \u2013 (ma\u010f.)<\/strong><\/li><li><strong>9:30 \u2013 Kostoln\u00e1 \u2013 (ma\u010f.)<\/strong><\/li><li><strong>11:00 \u2013 Kostoln\u00e1 \u2013 (slov.)<\/strong><\/li><\/ul>\n\n\n\n<p>V t\u00fato nede\u013eu bude sv\u00e4t\u00e9 om\u0161e o 8:00 a 9:30 celebrova\u0165 don Jozef T\u00f3th, SDB, pre n\u00e1s dobre zn\u00e1my mision\u00e1r p\u00f4sobiaci na Sib\u00edri. <\/p>\n\n\n\n<p>O t\u00fd\u017ede\u0148, v nede\u013eu 22.1., bude v\u0161etky tri sv\u00e4t\u00e9 om\u0161e celebrova\u0165 vdp. Peter Kozma, OFM Conv., reho\u013en\u00edk p\u00f4sobiaci v bratislavskej Karlovej Vsi. V\u00fdnimo\u010dne bude preto sv\u00e4t\u00e1 om\u0161a o 11:00 op\u00e4\u0165 tzv. \u201erodinn\u00e1\u201c, na ktor\u00fa v\u00e1s v\u0161etk\u00fdch srde\u010dne poz\u00fdvame, zvl\u00e1\u0161\u0165 deti a ml\u00e1de\u017e s rodi\u010dmi.<\/p>\n\n\n\n<p>Tento v\u00edkend bude v na\u0161ej farnosti pravideln\u00e1 mesa\u010dn\u00e1 zbierka na opravu farsk\u00e9ho kostola a prev\u00e1dzkov\u00e9 n\u00e1klady farnosti. Vopred ve\u013emi pekne \u010fakujem.<\/p>\n\n\n\n<p>V najbli\u017e\u0161\u00edch d\u0148och sa po roku op\u00e4\u0165 z\u00fa\u010dastn\u00edm kr\u00e1tkej misijnej n\u00e1v\u0161tevy v africkej Tanz\u00e1nii, kde nav\u0161t\u00edvime miesta, ktor\u00e9 aj v\u010faka v\u00e1m podporujeme a rozv\u00edjame (najm\u00e4 v\u0155tanie studn\u00ed a stavba \u0161kolsk\u00fdch a zdravotn\u00edckych zariaden\u00ed). Odlietame v utorok. Cez t\u00fd\u017ede\u0148 ma v pr\u00edpade potreby (zaopatrovanie, pohreb\u2026) zast\u00fapi vdp. Gabriel Klenko (0911 811 328), p\u00e1n far\u00e1r z Ve\u013ek\u00e9ho Bielu.<\/p>\n\n\n\n<p>S \u00factou,<br>Pavol Gajdo\u0161, v\u00e1\u0161 far\u00e1r <\/p>\n\t\t\t\t","protected":false},"excerpt":{"rendered":"<p>O sviatostiach m\u00e1me za\u017eit\u00e9 r\u00f4zne predstavy. Na Je\u017ei\u0161a pri krste zost\u00fapil Duch Sv\u00e4t\u00fd. Podobne sa to deje aj dnes. Berieme v\u00f4bec krst v\u00e1\u017ene alebo je to pre n\u00e1s len spolo\u010densk\u00e1 udalos\u0165 a prv\u00e1 &#8220;fajo\u010dka&#8221; na zozname kres\u0165ansk\u00fdch povinnost\u00ed?<\/p>\n","protected":false},"author":7,"featured_media":6827,"comment_status":"closed","ping_status":"closed","sticky":false,"template":"","format":"standard","meta":{"footnotes":""},"categories":[13],"tags":[],"class_list":{"0":"entry","1":"post","2":"publish","3":"author-slado89gmail-com","4":"has-excerpt","5":"has-more-link","6":"post-6826","8":"format-standard","9":"has-post-thumbnail","10":"category-oznamy"},"_links":{"self":[{"href":"https:\/\/www.farakostolna.sk\/index.php?rest_route=\/wp\/v2\/posts\/6826","targetHints":{"allow":["GET"]}}],"collection":[{"href":"https:\/\/www.farakostolna.sk\/index.php?rest_route=\/wp\/v2\/posts"}],"about":[{"href":"https:\/\/www.farakostolna.sk\/index.php?rest_route=\/wp\/v2\/types\/post"}],"author":[{"embeddable":true,"href":"https:\/\/www.farakostolna.sk\/index.php?rest_route=\/wp\/v2\/users\/7"}],"replies":[{"embeddable":true,"href":"https:\/\/www.farakostolna.sk\/index.php?rest_route=%2Fwp%2Fv2%2Fcomments&post=6826"}],"version-history":[{"count":0,"href":"https:\/\/www.farakostolna.sk\/index.php?rest_route=\/wp\/v2\/posts\/6826\/revisions"}],"wp:featuredmedia":[{"embeddable":true,"href":"https:\/\/www.farakostolna.sk\/index.php?rest_route=\/"}],"wp:attachment":[{"href":"https:\/\/www.farakostolna.sk\/index.php?rest_route=%2Fwp%2Fv2%2Fmedia&parent=6826"}],"wp:term":[{"taxonomy":"category","embeddable":true,"href":"https:\/\/www.farakostolna.sk\/index.php?rest_route=%2Fwp%2Fv2%2Fcategories&post=6826"},{"taxonomy":"post_tag","embeddable":true,"href":"https:\/\/www.farakostolna.sk\/index.php?rest_route=%2Fwp%2Fv2%2Ftags&post=6826"}],"curies":[{"name":"wp","href":"https:\/\/api.w.org\/{rel}","templated":true}]}}