{"id":6810,"date":"2023-01-06T23:51:01","date_gmt":"2023-01-06T23:51:01","guid":{"rendered":"http:\/\/kostolna.fara.sk\/?p=6810"},"modified":"2023-01-06T23:51:01","modified_gmt":"2023-01-06T23:51:01","slug":"farske-oznamy-a-zamyslenie-08-01-2023","status":"publish","type":"post","link":"https:\/\/www.farakostolna.sk\/?p=6810","title":{"rendered":"Farsk\u00e9 oznamy a zamyslenie (08.01.2023)"},"content":{"rendered":"\n\t\t\t\t\n\t\t\t\t\n<div class=\"wp-block-image\"><figure class=\"aligncenter is-resized\"><img loading=\"lazy\" decoding=\"async\" src=\"https:\/\/www.farakostolna.sk\/wp-content\/uploads\/2023\/01\/WhatsApp-Image-2023-01-06-at-23.49.13-1-1.jpg\" alt=\"\" class=\"wp-image-6811\" width=\"271\" height=\"333\"\/><\/figure><\/div>\n\n\n\n<p>Je\u017ei\u0161 svoje \u00fa\u010dinkovanie za\u010dal krstom a p\u00f4stom. Na\u0161iel si \u010das a prejavil hlbok\u00fa pokoru. Vieme to aj my? N\u00e1jdeme si \u010das na pokrstenie svojich det\u00ed a p\u00f4st od svetsk\u00fdch vec\u00ed, ktor\u00e9 n\u00e1s odde\u013euj\u00fa od Boha? Dokedy nech\u00e1me Boha \u010daka\u0165?<\/p>\n\n\n<p><!--more--><\/p>\n\n\n<p><strong>Sv\u00e4t\u00e9 om\u0161e u n\u00e1s:<\/strong><\/p>\n\n\n\n<p><strong>sobota &#8211; 7. janu\u00e1ra (s nede\u013enou platnos\u0165ou) <\/strong><\/p>\n\n\n\n<ul class=\"wp-block-list\"><li><strong>17:00 \u2013 Hrub\u00e1 Bor\u0161a \u2013 (slov.\/ma\u010f.)<\/strong><\/li><li><strong>18:00 \u2013 Kostoln\u00e1 \u2013 (slov.)<\/strong><\/li><\/ul>\n\n\n\n<p><strong>nede\u013ea \u2013 8. janu\u00e1ra<\/strong><\/p>\n\n\n\n<ul class=\"wp-block-list\"><li><strong>8:00 \u2013 Hrub\u00fd \u0160\u00far \u2013 (ma\u010f.)<\/strong><\/li><li><strong>9:30 \u2013 Kostoln\u00e1 \u2013 (ma\u010f.)<\/strong><\/li><li><strong>11:00 \u2013 Kostoln\u00e1 \u2013 (slov.-rod.)<\/strong><\/li><\/ul>\n\n\n\n<p><strong>V t\u00fato nede\u013eu o 11:00 bude tzv. &#8220;rodinn\u00e1&#8221; sv\u00e4t\u00e1 om\u0161a, na ktor\u00fa v\u00e1s v\u0161etk\u00fdch srde\u010dne poz\u00fdvame, zvl\u00e1\u0161\u0165 deti a ml\u00e1de\u017e s rodi\u010dmi. <\/strong><\/p>\n\n\n\n<p>Sviatos\u0165 zmierenia budem tento t\u00fd\u017ede\u0148 vysluhova\u0165 v Kostolnej v utorok, \u0161tvrtok a piatok od 16:00 do 17:00. V tom \u010dase bude v kostole ador\u00e1cia. <\/p>\n\n\n\n<p>V stredu bude sv\u00e4t\u00e1 om\u0161a o 18:00 so zrete\u013eom pre deti v slovenskom jazyku. <\/p>\n\n\n\n<p><strong>V piatok bude po sv\u00e4tej om\u0161i o 18:00 vo farskom kostole &#8220;Modlitba chv\u00e1l&#8221; za doprovodu spevu a hudobn\u00fdch n\u00e1strojov, na ktor\u00fa v\u00e1s v\u0161etk\u00fdch srde\u010dne poz\u00fdvame. <\/strong><\/p>\n\n\n\n<p>Na bud\u00faci v\u00edkend, bude v na\u0161ej farnosti pravide\u013en\u00e1 mesa\u010dn\u00e1 zbierka na opravu farsk\u00e9ho kostola a prev\u00e1dzkov\u00e9 n\u00e1klady farnosti. Vopred \u010fakujem. <\/p>\n\n\n\n<p>S \u00factou, <br>Pavol Gajdo\u0161, v\u00e1\u0161 far\u00e1r<\/p>\n\t\t\t\t","protected":false},"excerpt":{"rendered":"<p>Je\u017ei\u0161 svoje \u00fa\u010dinkovanie za\u010dal krstom a p\u00f4stom. Na\u0161iel si \u010das a prejavil hlbok\u00fa pokoru. Vieme to aj my? N\u00e1jdeme si \u010das na pokrstenie svojich det\u00ed a p\u00f4st od svetsk\u00fdch vec\u00ed, ktor\u00e9 n\u00e1s odde\u013euj\u00fa od Boha? Dokedy nech\u00e1me Boha \u010daka\u0165?<\/p>\n","protected":false},"author":7,"featured_media":6811,"comment_status":"closed","ping_status":"closed","sticky":false,"template":"","format":"standard","meta":{"footnotes":""},"categories":[13],"tags":[],"class_list":{"0":"entry","1":"post","2":"publish","3":"author-slado89gmail-com","4":"has-excerpt","5":"has-more-link","6":"post-6810","8":"format-standard","9":"has-post-thumbnail","10":"category-oznamy"},"_links":{"self":[{"href":"https:\/\/www.farakostolna.sk\/index.php?rest_route=\/wp\/v2\/posts\/6810","targetHints":{"allow":["GET"]}}],"collection":[{"href":"https:\/\/www.farakostolna.sk\/index.php?rest_route=\/wp\/v2\/posts"}],"about":[{"href":"https:\/\/www.farakostolna.sk\/index.php?rest_route=\/wp\/v2\/types\/post"}],"author":[{"embeddable":true,"href":"https:\/\/www.farakostolna.sk\/index.php?rest_route=\/wp\/v2\/users\/7"}],"replies":[{"embeddable":true,"href":"https:\/\/www.farakostolna.sk\/index.php?rest_route=%2Fwp%2Fv2%2Fcomments&post=6810"}],"version-history":[{"count":0,"href":"https:\/\/www.farakostolna.sk\/index.php?rest_route=\/wp\/v2\/posts\/6810\/revisions"}],"wp:featuredmedia":[{"embeddable":true,"href":"https:\/\/www.farakostolna.sk\/index.php?rest_route=\/"}],"wp:attachment":[{"href":"https:\/\/www.farakostolna.sk\/index.php?rest_route=%2Fwp%2Fv2%2Fmedia&parent=6810"}],"wp:term":[{"taxonomy":"category","embeddable":true,"href":"https:\/\/www.farakostolna.sk\/index.php?rest_route=%2Fwp%2Fv2%2Fcategories&post=6810"},{"taxonomy":"post_tag","embeddable":true,"href":"https:\/\/www.farakostolna.sk\/index.php?rest_route=%2Fwp%2Fv2%2Ftags&post=6810"}],"curies":[{"name":"wp","href":"https:\/\/api.w.org\/{rel}","templated":true}]}}