{"id":6802,"date":"2023-01-04T22:30:14","date_gmt":"2023-01-04T22:30:14","guid":{"rendered":"http:\/\/kostolna.fara.sk\/?p=6802"},"modified":"2023-01-04T22:30:14","modified_gmt":"2023-01-04T22:30:14","slug":"farske-oznamy-a-zamyslenie-06-01-2023","status":"publish","type":"post","link":"https:\/\/www.farakostolna.sk\/?p=6802","title":{"rendered":"Farsk\u00e9 oznamy a zamyslenie (06.01.2023)"},"content":{"rendered":"\n\t\t\t\t\n\t\t\t\t\n<div class=\"wp-block-image\"><figure class=\"aligncenter\"><img decoding=\"async\" src=\"https:\/\/www.farakostolna.sk\/wp-content\/uploads\/2023\/01\/WhatsApp-Image-2023-01-04-at-23.31.47-1-1024x538.jpg\" alt=\"\" class=\"wp-image-6808\"\/><\/figure><\/div>\n\n\n\n<p>Mudrci pre\u0161li dlh\u00fa a ur\u010dite aj nebezpe\u010dn\u00fa p\u00fa\u0165, aby obdarovali, pre nich nezn\u00e1meho, kr\u00e1\u013ea. Museli v\u0161ak za\u017ei\u0165 \u0161ok, ke\u010f videli podmienky, kde b\u00fdval. To ich v\u0161ak neodradilo. Ak\u00fa n\u00e1mahu sme ochotn\u00ed obetova\u0165 my, aby sme obdarovali Boha, nie seba? Ak\u00e9 dary nesieme?<\/p>\n\n\n<p><!--more--><\/p>\n\n\n<p><strong>Sv\u00e4t\u00e9 om\u0161e u n\u00e1s:<\/strong><\/p>\n\n\n\n<p><strong>\u0161tvrtok \u2013 5. janu\u00e1ra &#8211; (s platnos\u0165ou sviatku) <\/strong><\/p>\n\n\n\n<ul class=\"wp-block-list\"><li><strong>17:00 \u2013 Hrub\u00e1 Bor\u0161a \u2013 (slov.\/ma\u010f.)<\/strong><\/li><li><strong>18:00 \u2013 Kostoln\u00e1 \u2013 (slov.)<\/strong><\/li><\/ul>\n\n\n\n<p><strong>piatok \u2013 6. janu\u00e1ra<\/strong><\/p>\n\n\n\n<ul class=\"wp-block-list\"><li><strong>8:00 \u2013 Hrub\u00fd \u0160\u00far \u2013 (ma\u010f.)<\/strong><\/li><li><strong>9:30 \u2013 Kostoln\u00e1 \u2013 (ma\u010f.)<\/strong><\/li><li><strong>11:00 \u2013 Kostoln\u00e1 \u2013 (slov.)<\/strong><\/li><\/ul>\n\n\n\n<p>Na v\u0161etk\u00fdch sv. om\u0161iach sa bude \u017eehna\u0165 &#8220;trojkr\u00e1\u013eov\u00e1 voda&#8221;, m\u00f4\u017eete si prinies\u0165 mal\u00e9 f\u013ea\u0161ky na sv\u00e4ten\u00fa vodu. T\u00ed, ktor\u00ed chcete, aby som V\u00e1m pri\u0161iel po\u017eehna\u0165 pr\u00edbytok, nahl\u00e1ste sa, pros\u00edm, v sakristii, alebo telefonicky 0902359859.<\/p>\n\n\n\n<p>S \u00factou, <br>Pavol Gajdo\u0161,&nbsp;v\u00e1\u0161&nbsp;far\u00e1r<\/p>\n\t\t\t\t","protected":false},"excerpt":{"rendered":"<p>Mudrci pre\u0161li dlh\u00fa a ur\u010dite aj nebezpe\u010dn\u00fa p\u00fa\u0165, aby obdarovali, pre nich nezn\u00e1meho, kr\u00e1\u013ea. Museli v\u0161ak za\u017ei\u0165 \u0161ok, ke\u010f videli podmienky, kde b\u00fdval. To ich v\u0161ak neodradilo. Ak\u00fa n\u00e1mahu sme ochotn\u00ed obetova\u0165 my, aby sme obdarovali Boha, nie seba? Ak\u00e9 dary nesieme?<\/p>\n","protected":false},"author":7,"featured_media":6808,"comment_status":"closed","ping_status":"closed","sticky":false,"template":"","format":"standard","meta":{"footnotes":""},"categories":[13],"tags":[],"class_list":{"0":"entry","1":"post","2":"publish","3":"author-slado89gmail-com","4":"has-excerpt","5":"has-more-link","6":"post-6802","8":"format-standard","9":"has-post-thumbnail","10":"category-oznamy"},"_links":{"self":[{"href":"https:\/\/www.farakostolna.sk\/index.php?rest_route=\/wp\/v2\/posts\/6802","targetHints":{"allow":["GET"]}}],"collection":[{"href":"https:\/\/www.farakostolna.sk\/index.php?rest_route=\/wp\/v2\/posts"}],"about":[{"href":"https:\/\/www.farakostolna.sk\/index.php?rest_route=\/wp\/v2\/types\/post"}],"author":[{"embeddable":true,"href":"https:\/\/www.farakostolna.sk\/index.php?rest_route=\/wp\/v2\/users\/7"}],"replies":[{"embeddable":true,"href":"https:\/\/www.farakostolna.sk\/index.php?rest_route=%2Fwp%2Fv2%2Fcomments&post=6802"}],"version-history":[{"count":0,"href":"https:\/\/www.farakostolna.sk\/index.php?rest_route=\/wp\/v2\/posts\/6802\/revisions"}],"wp:featuredmedia":[{"embeddable":true,"href":"https:\/\/www.farakostolna.sk\/index.php?rest_route=\/"}],"wp:attachment":[{"href":"https:\/\/www.farakostolna.sk\/index.php?rest_route=%2Fwp%2Fv2%2Fmedia&parent=6802"}],"wp:term":[{"taxonomy":"category","embeddable":true,"href":"https:\/\/www.farakostolna.sk\/index.php?rest_route=%2Fwp%2Fv2%2Fcategories&post=6802"},{"taxonomy":"post_tag","embeddable":true,"href":"https:\/\/www.farakostolna.sk\/index.php?rest_route=%2Fwp%2Fv2%2Ftags&post=6802"}],"curies":[{"name":"wp","href":"https:\/\/api.w.org\/{rel}","templated":true}]}}