{"id":6791,"date":"2022-12-30T22:53:53","date_gmt":"2022-12-30T22:53:53","guid":{"rendered":"http:\/\/kostolna.fara.sk\/?p=6791"},"modified":"2022-12-30T22:53:53","modified_gmt":"2022-12-30T22:53:53","slug":"farske-oznamy-a-zamyslenie-01-01-2023","status":"publish","type":"post","link":"https:\/\/www.farakostolna.sk\/?p=6791","title":{"rendered":"Farsk\u00e9 oznamy a zamyslenie (01.01.2023)"},"content":{"rendered":"\n\t\t\t\t\n\t\t\t\t\n<div class=\"wp-block-image\"><figure class=\"aligncenter is-resized\"><img loading=\"lazy\" decoding=\"async\" src=\"https:\/\/www.farakostolna.sk\/wp-content\/uploads\/2022\/12\/WhatsApp-Image-2022-12-30-at-23.36.35-1-1.jpeg\" alt=\"\" class=\"wp-image-6792\" width=\"244\" height=\"316\"\/><\/figure><\/div>\n\n\n\n<p>Na po\u010diatku bolo Slovo\u2026 Pri ka\u017edom d\u00f4le\u017eitom rozhodnut\u00ed v \u013eudskom \u017eivote je my\u0161lienka a nesk\u00f4r slovo &#8211; ono m\u00f4\u017ee budova\u0165, \u010di r\u00faca\u0165. Aj moje aj tvoje slovo m\u00e1 tak\u00fato moc &#8211; je len na n\u00e1s, ako ho pou\u017e\u00edvame. Boh n\u00edm vytvoril v\u0161etko\u2026<\/p>\n\n\n<p><!--more--><\/p>\n\n\n<p><strong>Sv\u00e4t\u00e9 om\u0161e u n\u00e1s:<\/strong><\/p>\n\n\n\n<p><strong>sobota \u2013 31. decembra &#8211; (s nede\u013enou platnos\u0165ou<\/strong><\/p>\n\n\n\n<ul class=\"wp-block-list\"><li><strong>17:00 \u2013 Hrub\u00e1 Bor\u0161a \u2013 (slov.\/ma\u010f.)<\/strong><\/li><li><strong>18:00 \u2013 Kostoln\u00e1 \u2013 (slov.)<\/strong><\/li><\/ul>\n\n\n\n<p><strong>nede\u013ea \u2013 1. janu\u00e1ra 2023 &#8211; sl\u00e1vnos\u0165 Panny M\u00e1rie Bohorodi\u010dky <\/strong><\/p>\n\n\n\n<ul class=\"wp-block-list\"><li><strong>8:00 \u2013 Hrub\u00fd \u0160\u00far \u2013 (ma\u010f.)<\/strong><\/li><li><strong>9:30 \u2013 Kostoln\u00e1 \u2013 (ma\u010f.)<\/strong><\/li><li><strong>11:00 \u2013 Kostoln\u00e1 \u2013 (slov.)<\/strong><\/li><\/ul>\n\n\n\n<p>Na Silvestra bude farsk\u00fd kostol otvoren\u00fd od 23:30 do 24:00. Poz\u00fdvam v\u00e1s pre\u017ei\u0165 posledn\u00e9 min\u00faty roka v st\u00ed\u0161en\u00ed pri modlitbe pred Sviatos\u0165ou Olt\u00e1rnou. Ador\u00e1cia bude aj v stredu od 16:00 do 17:00, kedy budem spoveda\u0165. <\/p>\n\n\n\n<p><strong>Na sviatok Zjavenia P\u00e1na &#8211; \u013eudovo Troch kr\u00e1\u013eov bud\u00fa sv\u00e4t\u00e9 om\u0161e ako v nedele, t.j.:<\/strong><\/p>\n\n\n\n<p><strong>\u0161tvrtok \u2013 5. janu\u00e1ra &#8211; (s platnos\u0165ou sviatku) <\/strong><\/p>\n\n\n\n<ul class=\"wp-block-list\"><li><strong>17:00 \u2013 Hrub\u00e1 Bor\u0161a \u2013 (slov.\/ma\u010f.)<\/strong><\/li><li><strong>18:00 \u2013 Kostoln\u00e1 \u2013 (slov.)<\/strong><\/li><\/ul>\n\n\n\n<p><strong>piatok \u2013 6. janu\u00e1ra<\/strong><\/p>\n\n\n\n<ul class=\"wp-block-list\"><li><strong>8:00 \u2013 Hrub\u00fd \u0160\u00far \u2013 (ma\u010f.)<\/strong><\/li><li><strong>9:30 \u2013 Kostoln\u00e1 \u2013 (ma\u010f.)<\/strong><\/li><li><strong>11:00 \u2013 Kostoln\u00e1 \u2013 (slov.)<\/strong><\/li><\/ul>\n\n\n\n<p>Od sviatku Zjavenia P\u00e1na \u2013 \u013eudovo naz\u00fdvan\u00e9ho \u201eTroch kr\u00e1\u013eov\u201c budem chodi\u0165 posviaca\u0165 domy. Z\u00e1ujemcovia sa nahl\u00e1ste u m\u0148a v sakristii.<\/p>\n\n\n\n<p>Vyprosujem v\u0161etk\u00fdm po\u017eehnan\u00fd Nov\u00fd rok! <\/p>\n\n\n\n<p>O t\u00fd\u017ede\u0148 v\u00e1s poz\u00fdvame na rodinn\u00fa sv\u00e4t\u00fa om\u0161u. <\/p>\n\n\n\n<p>S \u00factou, <br>Pavol Gajdo\u0161, v\u00e1\u0161 far\u00e1r<\/p>\n\t\t\t\t","protected":false},"excerpt":{"rendered":"<p>Na po\u010diatku bolo Slovo\u2026 Pri ka\u017edom d\u00f4le\u017eitom rozhodnut\u00ed v \u013eudskom \u017eivote je my\u0161lienka a nesk\u00f4r slovo &#8211; ono m\u00f4\u017ee budova\u0165, \u010di r\u00faca\u0165. Aj moje aj tvoje slovo m\u00e1 tak\u00fato moc &#8211; je len na n\u00e1s, ako ho pou\u017e\u00edvame. Boh n\u00edm vytvoril v\u0161etko\u2026<\/p>\n","protected":false},"author":7,"featured_media":6792,"comment_status":"closed","ping_status":"closed","sticky":false,"template":"","format":"standard","meta":{"footnotes":""},"categories":[13],"tags":[],"class_list":{"0":"entry","1":"post","2":"publish","3":"author-slado89gmail-com","4":"has-excerpt","5":"has-more-link","6":"post-6791","8":"format-standard","9":"has-post-thumbnail","10":"category-oznamy"},"_links":{"self":[{"href":"https:\/\/www.farakostolna.sk\/index.php?rest_route=\/wp\/v2\/posts\/6791","targetHints":{"allow":["GET"]}}],"collection":[{"href":"https:\/\/www.farakostolna.sk\/index.php?rest_route=\/wp\/v2\/posts"}],"about":[{"href":"https:\/\/www.farakostolna.sk\/index.php?rest_route=\/wp\/v2\/types\/post"}],"author":[{"embeddable":true,"href":"https:\/\/www.farakostolna.sk\/index.php?rest_route=\/wp\/v2\/users\/7"}],"replies":[{"embeddable":true,"href":"https:\/\/www.farakostolna.sk\/index.php?rest_route=%2Fwp%2Fv2%2Fcomments&post=6791"}],"version-history":[{"count":0,"href":"https:\/\/www.farakostolna.sk\/index.php?rest_route=\/wp\/v2\/posts\/6791\/revisions"}],"wp:featuredmedia":[{"embeddable":true,"href":"https:\/\/www.farakostolna.sk\/index.php?rest_route=\/"}],"wp:attachment":[{"href":"https:\/\/www.farakostolna.sk\/index.php?rest_route=%2Fwp%2Fv2%2Fmedia&parent=6791"}],"wp:term":[{"taxonomy":"category","embeddable":true,"href":"https:\/\/www.farakostolna.sk\/index.php?rest_route=%2Fwp%2Fv2%2Fcategories&post=6791"},{"taxonomy":"post_tag","embeddable":true,"href":"https:\/\/www.farakostolna.sk\/index.php?rest_route=%2Fwp%2Fv2%2Ftags&post=6791"}],"curies":[{"name":"wp","href":"https:\/\/api.w.org\/{rel}","templated":true}]}}