{"id":6780,"date":"2022-12-23T08:39:00","date_gmt":"2022-12-23T08:39:00","guid":{"rendered":"http:\/\/kostolna.fara.sk\/?p=6780"},"modified":"2022-12-23T08:39:00","modified_gmt":"2022-12-23T08:39:00","slug":"posledna-roratna-svata-omsa-pred-vianocami-23-12-2022","status":"publish","type":"post","link":"https:\/\/www.farakostolna.sk\/?p=6780","title":{"rendered":"Posledn\u00e1 ror\u00e1tna sv\u00e4t\u00e1 om\u0161a pred Vianocami (23.12.2022)"},"content":{"rendered":"\n\t\t\t\t\n\t\t\t\t\n<div class=\"wp-block-image\"><figure class=\"aligncenter\"><img decoding=\"async\" src=\"https:\/\/www.farakostolna.sk\/wp-content\/uploads\/2022\/12\/WhatsApp-Image-2022-12-23-at-12.23.22-1-1024x768.jpg\" alt=\"\" class=\"wp-image-6781\"\/><\/figure><\/div>\n\n\n\n<p>Posledn\u00e1 ror\u00e1tna sv\u00e4t\u00e1 om\u0161a pred Vianocami bola v prv\u00fd de\u0148 zimn\u00fdch pr\u00e1zdnin. E\u0161te pred svitan\u00edm pri\u0161lo mno\u017estvo det\u00ed aj so svojimi rodi\u010dmi a ostatn\u00fdmi veriacimi. Svetlo horiacich svie\u010dok v ruk\u00e1ch det\u00ed vy\u010daril neop\u00edsate\u013en\u00fd duchovn\u00fd z\u00e1\u017eitok v na\u0161om farskom kostole, ktor\u00e9 n\u00e1m symbolizuje Krista ako prav\u00e9 Svetlo sveta. Po skon\u010den\u00ed ror\u00e1tnej sv\u00e4tej om\u0161e sme boli pozvan\u00ed na\u0161\u00edm p\u00e1nom far\u00e1rom do pastora\u010dn\u00e9ho centra pod farou na spolo\u010dn\u00e9 ra\u0148ajky. Tepl\u00e9 kakao, \u010daj, viano\u010dka s d\u017eemom, chleb\u00ed\u010dky, ovocie, pr\u00edjemn\u00e9 posedenie a detsk\u00fd \u00fasmev tak pomali\u010dky ukon\u010dili \u010das pr\u00edprav na pr\u00edchod Bo\u017eieho die\u0165a\u0165a v na\u0161ej farnosti a v na\u0161ich srdciach.<\/p>\n\n\n<p><!--more--><\/p>\n\n\n<p style=\"text-align:right\"><br><em>Marcela Bu\u010dko, <br>Hrub\u00fd \u0160\u00far<\/em><\/p>\n\n\n\n<div class=\"wp-block-image\"><figure class=\"aligncenter\"><img decoding=\"async\" src=\"https:\/\/www.farakostolna.sk\/wp-content\/uploads\/2022\/12\/WhatsApp-Image-2022-12-23-at-12.23.21-1-1024x768.jpg\" alt=\"\" class=\"wp-image-6783\"\/><\/figure><\/div>\n\n\n\n<div class=\"wp-block-image\"><figure class=\"aligncenter\"><img decoding=\"async\" src=\"https:\/\/www.farakostolna.sk\/wp-content\/uploads\/2022\/12\/WhatsApp-Image-2022-12-23-at-12.23.23-1-1024x768.jpg\" alt=\"\" class=\"wp-image-6784\"\/><\/figure><\/div>\n\n\n\n<div class=\"wp-block-image\"><figure class=\"aligncenter\"><img decoding=\"async\" src=\"https:\/\/www.farakostolna.sk\/wp-content\/uploads\/2022\/12\/WhatsApp-Image-2022-12-23-at-12.23.24-1-1024x768.jpg\" alt=\"\" class=\"wp-image-6786\"\/><\/figure><\/div>\n\n\n\n<div class=\"wp-block-image\"><figure class=\"aligncenter\"><img decoding=\"async\" src=\"https:\/\/www.farakostolna.sk\/wp-content\/uploads\/2022\/12\/WhatsApp-Image-2022-12-23-at-12.23.25-1-1024x768.jpg\" alt=\"\" class=\"wp-image-6785\"\/><\/figure><\/div>\n\t\t\t\t","protected":false},"excerpt":{"rendered":"<p>Posledn\u00e1 ror\u00e1tna sv\u00e4t\u00e1 om\u0161a pred Vianocami bola v prv\u00fd de\u0148 zimn\u00fdch pr\u00e1zdnin. E\u0161te pred svitan\u00edm pri\u0161lo mno\u017estvo det\u00ed aj so svojimi rodi\u010dmi a ostatn\u00fdmi veriacimi. Svetlo horiacich svie\u010dok v ruk\u00e1ch det\u00ed vy\u010daril neop\u00edsate\u013en\u00fd duchovn\u00fd z\u00e1\u017eitok v na\u0161om farskom kostole, ktor\u00e9 n\u00e1m symbolizuje Krista ako prav\u00e9 Svetlo sveta. Po skon\u010den\u00ed ror\u00e1tnej sv\u00e4tej om\u0161e sme boli pozvan\u00ed &#8230; <span class=\"more\"><a class=\"more-link\" href=\"https:\/\/www.farakostolna.sk\/?p=6780\">[\u010c\u00edta\u0165 \u010falej&#8230;]<\/a><\/span><\/p>\n","protected":false},"author":7,"featured_media":6781,"comment_status":"closed","ping_status":"closed","sticky":false,"template":"","format":"standard","meta":{"footnotes":""},"categories":[17],"tags":[],"class_list":{"0":"entry","1":"post","2":"publish","3":"author-slado89gmail-com","4":"has-excerpt","5":"has-more-link","6":"post-6780","8":"format-standard","9":"has-post-thumbnail","10":"category-sv-omsa"},"_links":{"self":[{"href":"https:\/\/www.farakostolna.sk\/index.php?rest_route=\/wp\/v2\/posts\/6780","targetHints":{"allow":["GET"]}}],"collection":[{"href":"https:\/\/www.farakostolna.sk\/index.php?rest_route=\/wp\/v2\/posts"}],"about":[{"href":"https:\/\/www.farakostolna.sk\/index.php?rest_route=\/wp\/v2\/types\/post"}],"author":[{"embeddable":true,"href":"https:\/\/www.farakostolna.sk\/index.php?rest_route=\/wp\/v2\/users\/7"}],"replies":[{"embeddable":true,"href":"https:\/\/www.farakostolna.sk\/index.php?rest_route=%2Fwp%2Fv2%2Fcomments&post=6780"}],"version-history":[{"count":0,"href":"https:\/\/www.farakostolna.sk\/index.php?rest_route=\/wp\/v2\/posts\/6780\/revisions"}],"wp:featuredmedia":[{"embeddable":true,"href":"https:\/\/www.farakostolna.sk\/index.php?rest_route=\/"}],"wp:attachment":[{"href":"https:\/\/www.farakostolna.sk\/index.php?rest_route=%2Fwp%2Fv2%2Fmedia&parent=6780"}],"wp:term":[{"taxonomy":"category","embeddable":true,"href":"https:\/\/www.farakostolna.sk\/index.php?rest_route=%2Fwp%2Fv2%2Fcategories&post=6780"},{"taxonomy":"post_tag","embeddable":true,"href":"https:\/\/www.farakostolna.sk\/index.php?rest_route=%2Fwp%2Fv2%2Ftags&post=6780"}],"curies":[{"name":"wp","href":"https:\/\/api.w.org\/{rel}","templated":true}]}}