{"id":6776,"date":"2022-12-23T10:34:01","date_gmt":"2022-12-23T10:34:01","guid":{"rendered":"http:\/\/kostolna.fara.sk\/?p=6776"},"modified":"2022-12-23T10:34:01","modified_gmt":"2022-12-23T10:34:01","slug":"vianocne-farske-oznamy-a-zamyslenie-25-12-2022","status":"publish","type":"post","link":"https:\/\/www.farakostolna.sk\/?p=6776","title":{"rendered":"Viano\u010dn\u00e9 farsk\u00e9 oznamy a zamyslenie (25.12.2022)"},"content":{"rendered":"\n\t\t\t\t\n\t\t\t\t\n<div class=\"wp-block-image\"><figure class=\"alignleft is-resized\"><img loading=\"lazy\" decoding=\"async\" src=\"https:\/\/www.farakostolna.sk\/wp-content\/uploads\/2022\/12\/Screenshot-2022-12-23-112728-1-1.png\" alt=\"\" class=\"wp-image-6777\" width=\"256\" height=\"338\"\/><\/figure><\/div>\n\n\n\n<p>\u010cak\u00e1m Teba Kr\u00e1\u013e. Znie jedna piese\u0148. Ak\u00e9ho Kr\u00e1\u013ea \u010dak\u00e1me my? Politick\u00e9ho vodcu? Divotvorcu, ktor\u00fd v\u0161etk\u00fdch presved\u010d\u00ed, \u017ee On je Boh? Alebo niekoho, kto m\u00e1 moc vyk\u00fapi\u0165 hrie\u0161nika? Mo\u017eno aj teba, jeho, \u010di m\u0148a. Ne\u010dakajme u\u017e in\u00e9ho.<\/p>\n\n\n<p><!--more--><\/p>\n\n\n<p><strong>Vianoce u n\u00e1s:<\/strong><\/p>\n\n\n\n<p><strong>V sobotu, na \u0161tedr\u00fd de\u0148, bud\u00fa na\u0161i skauti od deviatej r\u00e1na v Kostolnej a Hrubom \u0160\u00fare rozn\u00e1\u0161a\u0165 po domoch Betlehemsk\u00e9 svetlo. Takisto sa bude da\u0165 vyzdvihn\u00fa\u0165 Betlemsk\u00e9 svetlo cel\u00fd de\u0148 v predsieni farsk\u00e9ho kostola a v Hrubej Bor\u0161i v kaplnke od 12:00 do 13:00.<\/strong><\/p>\n\n\n\n<p><strong>Polno\u010dn\u00e1 sv\u00e4t\u00e1 om\u0161a bude v na\u0161ej farnosti na \u0161tedr\u00fd ve\u010der v Kostolnej o 22:00. Sv\u00e4t\u00e1 om\u0161a bude trojjazy\u010dn\u00e1 &#8211; slovensko-ma\u010farsko-latinsk\u00e1.<\/strong> Tak ako po minul\u00e9 roky, sa bude preklad s\u00favisle premieta\u0165 aj na pl\u00e1tno. N\u00e1sledne po sv\u00e4tej om\u0161i v\u0161etk\u00fdch poz\u00fdvam na viano\u010dn\u00fd pun\u010d a chutn\u00fd \u010daj.<\/p>\n\n\n\n<p><strong>nede\u013ea \u2013 25. decembra &#8211; 1. sviatok viano\u010dn\u00fd <\/strong><\/p>\n\n\n\n<ul class=\"wp-block-list\"><li><strong>8:00 \u2013 Hrub\u00fd \u0160\u00far \u2013 (ma\u010f.)<\/strong><\/li><li><strong>9:30 \u2013 Kostoln\u00e1 \u2013 (ma\u010f.)<\/strong><\/li><li><strong>11:00 \u2013 Kostoln\u00e1 \u2013 (slov.)<\/strong><\/li><li><strong>17:00 \u2013 Hrub\u00e1 Bor\u0161a \u2013 (slov.\/ma\u010f.)<\/strong><\/li><\/ul>\n\n\n\n<p><strong>Po sv\u00e4tej om\u0161i o 11:00 si pre n\u00e1s deti pripravili kr\u00e1snu jasli\u010dkov\u00fa pobo\u017enos\u0165. <\/strong>Poobede medzi 13:30 a\u017e 15:00 prinesiem chor\u00fdm, ktor\u00ed nebud\u00fa m\u00f4c\u0165 pr\u00eds\u0165 do Bo\u017eieho chr\u00e1mu, \u017eiv\u00e9ho P\u00e1na Je\u017ei\u0161a v Eucharistii. Dajte mi pros\u00edm vedie\u0165.<\/p>\n\n\n\n<p><strong>Na druh\u00fd sviatok viano\u010dn\u00fd, v pondelok \u2013 26. decembra &#8211; sviatok sv. \u0160tefana, bud\u00fa sv\u00e4t\u00e9 om\u0161e ako v nede\u013eu:<\/strong><\/p>\n\n\n\n<ul class=\"wp-block-list\"><li><strong>8:00 \u2013 Hrub\u00fd \u0160\u00far \u2013 (ma\u010f.)<\/strong><\/li><li><strong>9:30 \u2013 Kostoln\u00e1 \u2013 (ma\u010f.)<\/strong><\/li><li><strong>11:00 \u2013 Kostoln\u00e1 \u2013 (slov.)<\/strong><\/li><\/ul>\n\n\n\n<p>Spoveda\u0165 budem v na\u0161ej farnosti v Kostolnej op\u00e4\u0165 v stredu, \u0161tvrtok a piatok od 16.00 do 17:00. V tom \u010dase bude v kostole ador\u00e1cia. <\/p>\n\n\n\n<p>Minulot\u00fd\u017ed\u0148ov\u00e1 pravideln\u00e1 mesa\u010dn\u00e1 zbierka na opravu farsk\u00e9ho kostola a prev\u00e1dzkov\u00e9 n\u00e1klady farnosti vyniesla v Kostolnej 1342, 61 \u20ac v Hrubej Bor\u0161i 147,50 \u20ac a v Hrubom \u0160\u00fare na potreby \u0161\u00farskej kaplnky 151 \u20ac. Ve\u013ek\u00e1 v\u010faka za va\u0161u \u0161tedros\u0165. <\/p>\n\n\n\n<p>Na vianoce 25. decembra budeme ma\u0165 mo\u017enos\u0165 prispie\u0165 na viano\u010dn\u00fa oferu, ktorou sa zav\u010fa\u010d\u00edme t\u00fdm, ktor\u00ed celoro\u010dne bezplatne konaj\u00fa slu\u017ebu pre Bo\u017e\u00ed chr\u00e1m. (kostolnici, organisti, kvetin\u00e1rky, mini\u0161tranti\u2026). Vopred \u010fakujem. <\/p>\n\n\n\n<p>V\u0161etk\u00fdm od srdca vyprosujem milostipln\u00e9 a po\u017eehnan\u00e9 viano\u010dn\u00e9 sviatky. V na\u0161ej farnosti s\u00fa pre v\u00e1s v\u0161etky kostoly vykurovan\u00e9. Te\u0161\u00edme sa na v\u00e1s. <\/p>\n\n\n\n<p>S \u00factou,<br>Pavol Gajdo\u0161, v\u00e1\u0161 far\u00e1r<\/p>\n\t\t\t\t","protected":false},"excerpt":{"rendered":"<p>\u010cak\u00e1m Teba Kr\u00e1\u013e. Znie jedna piese\u0148. Ak\u00e9ho Kr\u00e1\u013ea \u010dak\u00e1me my? Politick\u00e9ho vodcu? Divotvorcu, ktor\u00fd v\u0161etk\u00fdch presved\u010d\u00ed, \u017ee On je Boh? Alebo niekoho, kto m\u00e1 moc vyk\u00fapi\u0165 hrie\u0161nika? Mo\u017eno aj teba, jeho, \u010di m\u0148a. Ne\u010dakajme u\u017e in\u00e9ho.<\/p>\n","protected":false},"author":7,"featured_media":6777,"comment_status":"closed","ping_status":"closed","sticky":false,"template":"","format":"standard","meta":{"footnotes":""},"categories":[13],"tags":[],"class_list":{"0":"entry","1":"post","2":"publish","3":"author-slado89gmail-com","4":"has-excerpt","5":"has-more-link","6":"post-6776","8":"format-standard","9":"has-post-thumbnail","10":"category-oznamy"},"_links":{"self":[{"href":"https:\/\/www.farakostolna.sk\/index.php?rest_route=\/wp\/v2\/posts\/6776","targetHints":{"allow":["GET"]}}],"collection":[{"href":"https:\/\/www.farakostolna.sk\/index.php?rest_route=\/wp\/v2\/posts"}],"about":[{"href":"https:\/\/www.farakostolna.sk\/index.php?rest_route=\/wp\/v2\/types\/post"}],"author":[{"embeddable":true,"href":"https:\/\/www.farakostolna.sk\/index.php?rest_route=\/wp\/v2\/users\/7"}],"replies":[{"embeddable":true,"href":"https:\/\/www.farakostolna.sk\/index.php?rest_route=%2Fwp%2Fv2%2Fcomments&post=6776"}],"version-history":[{"count":0,"href":"https:\/\/www.farakostolna.sk\/index.php?rest_route=\/wp\/v2\/posts\/6776\/revisions"}],"wp:featuredmedia":[{"embeddable":true,"href":"https:\/\/www.farakostolna.sk\/index.php?rest_route=\/"}],"wp:attachment":[{"href":"https:\/\/www.farakostolna.sk\/index.php?rest_route=%2Fwp%2Fv2%2Fmedia&parent=6776"}],"wp:term":[{"taxonomy":"category","embeddable":true,"href":"https:\/\/www.farakostolna.sk\/index.php?rest_route=%2Fwp%2Fv2%2Fcategories&post=6776"},{"taxonomy":"post_tag","embeddable":true,"href":"https:\/\/www.farakostolna.sk\/index.php?rest_route=%2Fwp%2Fv2%2Ftags&post=6776"}],"curies":[{"name":"wp","href":"https:\/\/api.w.org\/{rel}","templated":true}]}}