{"id":6762,"date":"2022-12-16T22:59:56","date_gmt":"2022-12-16T22:59:56","guid":{"rendered":"http:\/\/kostolna.fara.sk\/?p=6762"},"modified":"2022-12-16T22:59:56","modified_gmt":"2022-12-16T22:59:56","slug":"farske-oznamy-a-zamyslenie-18-12-2022","status":"publish","type":"post","link":"https:\/\/www.farakostolna.sk\/?p=6762","title":{"rendered":"Farsk\u00e9 oznamy a zamyslenie (18.12.2022)"},"content":{"rendered":"\n\t\t\t\t\n\t\t\t\t\n<div class=\"wp-block-image\"><figure class=\"alignleft\"><img decoding=\"async\" src=\"https:\/\/www.farakostolna.sk\/wp-content\/uploads\/2022\/12\/WhatsApp-Image-2022-12-16-at-23.52.47-1-1.jpeg\" alt=\"\" class=\"wp-image-6763\"\/><\/figure><\/div>\n\n\n\n<p>Sloboda sa stala akoby zakl\u00ednadlom a takmer absol\u00fatnou hodnotou. Po\u010das n\u00e1\u0161ho \u017eivota sa sna\u017e\u00edme oslobodi\u0165 &#8211; od \u0161koly, rodi\u010dov, vplyvu nadriaden\u00e9ho, \u0161t\u00e1tu, dlhov,\u2026 \u010do tak oslobodi\u0165 sa od hriechov a nerest\u00ed? S t\u00fdmto sa v\u0161ak mus\u00edme obr\u00e1ti\u0165 na Je\u017ei\u0161a, lebo on <strong>vyslobod\u00ed svoj \u013eud z&nbsp;hriechov<\/strong>. Nenechajme ho \u010daka\u0165.<\/p>\n\n\n<p><!--more--><\/p>\n\n\n<p><strong>Sv\u00e4t\u00e9 om\u0161e u n\u00e1s:<\/strong><\/p>\n\n\n\n<p><strong>sobota \u2013 17. decembra (s nede\u013enou platnos\u0165ou)<\/strong><\/p>\n\n\n\n<ul class=\"wp-block-list\"><li><strong>17:00 \u2013 Hrub\u00e1 Bor\u0161a \u2013 (slov.\/ma\u010f.)<\/strong><\/li><li><strong>18:00 \u2013 Kostoln\u00e1 \u2013 (slov.)<\/strong><\/li><\/ul>\n\n\n\n<p><strong>nede\u013ea \u2013 18. decembra <\/strong><\/p>\n\n\n\n<ul class=\"wp-block-list\"><li><strong>8:00 \u2013 Hrub\u00fd \u0160\u00far \u2013 (ma\u010f.)<\/strong><\/li><li><strong>9:30 \u2013 Kostoln\u00e1 \u2013 (ma\u010f.)<\/strong><\/li><li><strong>11:00 \u2013 Kostoln\u00e1 \u2013 (slov.)<\/strong><\/li><\/ul>\n\n\n\n<p>V t\u00fato nede\u013eu spoved\u00e1m v kostole vo Ve\u013ekom Bieli od 14:00 do 16:00. <\/p>\n\n\n\n<p>Spoveda\u0165 budem v na\u0161ej farnosti v Kostolnej tento t\u00fd\u017ede\u0148 e\u0161te v stredu, \u0161tvrtok a v piatok od 16.00 do 17:00. V tom \u010dase bude v kostole ador\u00e1cia. <\/p>\n\n\n\n<p>V utorok od 10:00 budeme v Kostolnej stava\u0165 a zdobi\u0165 ve\u013ek\u00fd viano\u010dn\u00fd strom. Poz\u00fdvam osobitne chlapov. Pitn\u00fd a stravovac\u00ed re\u017eim bude zabezpe\u010den\u00fd. <\/p>\n\n\n\n<p>V stredu bude sv\u00e4t\u00e1 om\u0161a v Kostolnej so zrete\u013eom pre deti v ma\u010farskom jazyku o 18:00. <\/p>\n\n\n\n<p>V piatok poz\u00fdvam v\u0161etky deti na posledn\u00fa ror\u00e1tnu sv\u00e4t\u00fa om\u0161u o 7:00. Po nej bud\u00fa pre v\u0161etky deti a rodi\u010dov v pastora\u010dnom centre pripraven\u00e9 ra\u0148ajky. <\/p>\n\n\n\n<p>Tento v\u00edkend bude v na\u0161ej farnosti pravideln\u00e1 mesa\u010dn\u00e1 zbierka na opravu farsk\u00e9ho kostola a prev\u00e1dzkov\u00e9 n\u00e1klady farnosti. Vopred \u010fakujem. <\/p>\n\n\n\n<p><strong>V uplynul\u00fdch d\u0148och ste si mohli n\u00e1js\u0165 vo svojich po\u0161tov\u00fdch schr\u00e1nkach nov\u00e9, viano\u010dn\u00e9 \u010d\u00edslo Farsk\u00fdch nov\u00edn \u201eMi \u00dajs\u00e1g \u2013 \u010co je nov\u00e9ho\u201c.<\/strong> \u010eakujem v\u0161etk\u00fdm, ktor\u00ed pomohli pri jeho tvorbe a roznosen\u00ed. Ktor\u00ed by ste chceli finan\u010dne pokry\u0165 n\u00e1klady spojen\u00e9 s tla\u010dou, m\u00f4\u017eete tak urobi\u0165 vhoden\u00edm milodaru do pokladni\u010dky ur\u010denej na noviny. Takisto, kto si chcete e\u0161te vzia\u0165 z nov\u00edn, n\u00e1jdete ich vzadu pri v\u00fdchode z kostola. <\/p>\n\n\n\n<p style=\"color:red\"><strong>Polno\u010dn\u00e1 sv\u00e4t\u00e1 om\u0161a bude v na\u0161ej farnosti v sobotu ve\u010der o 22:00. Po nej v\u0161etk\u00fdch poz\u00fdvam na viano\u010dn\u00fd pun\u010d. <\/strong><\/p>\n\n\n\n<p>S \u00factou,<br>Pavol Gajdo\u0161, v\u00e1\u0161 far\u00e1r<\/p>\n\t\t\t\t","protected":false},"excerpt":{"rendered":"<p>Sloboda sa stala akoby zakl\u00ednadlom a takmer absol\u00fatnou hodnotou. Po\u010das n\u00e1\u0161ho \u017eivota sa sna\u017e\u00edme oslobodi\u0165 &#8211; od \u0161koly, rodi\u010dov, vplyvu nadriaden\u00e9ho, \u0161t\u00e1tu, dlhov,\u2026 \u010do tak oslobodi\u0165 sa od hriechov a nerest\u00ed? S t\u00fdmto sa v\u0161ak mus\u00edme obr\u00e1ti\u0165 na Je\u017ei\u0161a, lebo on vyslobod\u00ed svoj \u013eud z&nbsp;hriechov. Nenechajme ho \u010daka\u0165.<\/p>\n","protected":false},"author":7,"featured_media":6763,"comment_status":"closed","ping_status":"closed","sticky":false,"template":"","format":"standard","meta":{"footnotes":""},"categories":[13],"tags":[],"class_list":{"0":"entry","1":"post","2":"publish","3":"author-slado89gmail-com","4":"has-excerpt","5":"has-more-link","6":"post-6762","8":"format-standard","9":"has-post-thumbnail","10":"category-oznamy"},"_links":{"self":[{"href":"https:\/\/www.farakostolna.sk\/index.php?rest_route=\/wp\/v2\/posts\/6762","targetHints":{"allow":["GET"]}}],"collection":[{"href":"https:\/\/www.farakostolna.sk\/index.php?rest_route=\/wp\/v2\/posts"}],"about":[{"href":"https:\/\/www.farakostolna.sk\/index.php?rest_route=\/wp\/v2\/types\/post"}],"author":[{"embeddable":true,"href":"https:\/\/www.farakostolna.sk\/index.php?rest_route=\/wp\/v2\/users\/7"}],"replies":[{"embeddable":true,"href":"https:\/\/www.farakostolna.sk\/index.php?rest_route=%2Fwp%2Fv2%2Fcomments&post=6762"}],"version-history":[{"count":0,"href":"https:\/\/www.farakostolna.sk\/index.php?rest_route=\/wp\/v2\/posts\/6762\/revisions"}],"wp:featuredmedia":[{"embeddable":true,"href":"https:\/\/www.farakostolna.sk\/index.php?rest_route=\/"}],"wp:attachment":[{"href":"https:\/\/www.farakostolna.sk\/index.php?rest_route=%2Fwp%2Fv2%2Fmedia&parent=6762"}],"wp:term":[{"taxonomy":"category","embeddable":true,"href":"https:\/\/www.farakostolna.sk\/index.php?rest_route=%2Fwp%2Fv2%2Fcategories&post=6762"},{"taxonomy":"post_tag","embeddable":true,"href":"https:\/\/www.farakostolna.sk\/index.php?rest_route=%2Fwp%2Fv2%2Ftags&post=6762"}],"curies":[{"name":"wp","href":"https:\/\/api.w.org\/{rel}","templated":true}]}}