{"id":6743,"date":"2022-12-09T23:09:20","date_gmt":"2022-12-09T23:09:20","guid":{"rendered":"http:\/\/kostolna.fara.sk\/?p=6743"},"modified":"2022-12-09T23:09:20","modified_gmt":"2022-12-09T23:09:20","slug":"farske-oznamy-a-zamyslenie-11-12-2022","status":"publish","type":"post","link":"https:\/\/www.farakostolna.sk\/?p=6743","title":{"rendered":"Farsk\u00e9 oznamy a zamyslenie (11.12.2022)"},"content":{"rendered":"\n\t\t\t\t\n\t\t\t\t\n<div class=\"wp-block-image\"><figure class=\"aligncenter is-resized\"><img loading=\"lazy\" decoding=\"async\" src=\"https:\/\/www.farakostolna.sk\/wp-content\/uploads\/2022\/12\/WhatsApp-Image-2022-12-09-at-21.10.13-1-1.jpg\" alt=\"\" class=\"wp-image-6744\" width=\"451\" height=\"301\"\/><\/figure><\/div>\n\n\n\n<p>M\u00e1te radi detekt\u00edvky? Kde v\u0161etko dokonale do seba zapad\u00e1, najm\u00e4 ak dej vrchol\u00ed? &#8220;Slep\u00ed vidia, chrom\u00ed chodia,\u2026&#8221; Mesi\u00e1\u0161ske znamenia, na ktor\u00e9 \u010dakali cel\u00e9 storo\u010dia, sa naplnili. A to je len za\u010diatok spozn\u00e1vania Biblie.<\/p>\n\n\n<p><!--more--><\/p>\n\n\n<p><strong>Sv\u00e4t\u00e9 om\u0161e u n\u00e1s:<\/strong><\/p>\n\n\n\n<p><strong>sobota \u2013 10. decembra (s nede\u013enou platnos\u0165ou)<\/strong><\/p>\n\n\n\n<ul class=\"wp-block-list\"><li><strong>17:00 \u2013 Hrub\u00e1 Bor\u0161a \u2013 (slov.\/ma\u010f.)<\/strong><\/li><li><strong>18:00 \u2013 Kostoln\u00e1 \u2013 (slov.)<\/strong><\/li><\/ul>\n\n\n\n<p><strong>nede\u013ea \u2013 11. decembra <\/strong><\/p>\n\n\n\n<ul class=\"wp-block-list\"><li><strong>8:00 \u2013 Hrub\u00fd \u0160\u00far \u2013 (ma\u010f.)<\/strong><\/li><li><strong>9:30 \u2013 Kostoln\u00e1 \u2013 (ma\u010f.)<\/strong><\/li><li><strong>11:00 \u2013 Kostoln\u00e1 \u2013 (slov.)<\/strong><\/li><\/ul>\n\n\n\n<p>V advente s\u00fa v niektor\u00e9 r\u00e1na (pod\u013ea rozpisu) ror\u00e1tne sv\u00e4t\u00e9 om\u0161e o 6:00 v \u00faplnej tme len v jase zap\u00e1len\u00fdch svie\u010dok, ktor\u00e9 dostanete pri pr\u00edchode do kostola. Povzbudzujem k \u00fa\u010dasti dospel\u00fdch i deti. <\/p>\n\n\n\n<p><strong>Na\u0161a farnos\u0165 sa zapoj\u00ed do 24-hodinov\u00fdch modlitieb sv. ru\u017eenca za Slovensko. V utorok bude z na\u0161ej farnosti \u017eiv\u00fd prenos sv. om\u0161e o 18.00 hodine a n\u00e1sledne sa budeme na\u017eivo modli\u0165 od\u00a0\u202a19:00 do 20.00\u202c modlitbu sv. ru\u017eenca. Prenos m\u00f4\u017eete pozera\u0165 na Facebooku, alebo Youtube &#8211; Slovensk\u00fd dohovor za rodinu, alebo Som Katol\u00edk.<\/strong><\/p>\n\n\n\n<p>V stredu bude sv\u00e4t\u00e1 om\u0161a o 18:00 so zrete\u013eom pre deti v slovenskom jazyku. <\/p>\n\n\n\n<p><strong>V Senci sa predviano\u010dn\u00e9 spovedanie uskuto\u010dn\u00ed v\u00a0sobotu\u00a017.12.2022, 9:00-12:00 a\u00a015:00-18:00.<\/strong><\/p>\n\n\n\n<p>O t\u00fd\u017ede\u0148 bude v na\u0161ej farnosti pravideln\u00e1 mesa\u010dn\u00e1 zbierka na opravu farsk\u00e9ho kostola a prev\u00e1dzkov\u00e9 n\u00e1klady farnosti. Vopred \u010fakujem. <\/p>\n\n\n\n<p>S \u00factou,<br>Pavol Gajdo\u0161, v\u00e1\u0161 far\u00e1r<\/p>\n\t\t\t\t","protected":false},"excerpt":{"rendered":"<p>M\u00e1te radi detekt\u00edvky? Kde v\u0161etko dokonale do seba zapad\u00e1, najm\u00e4 ak dej vrchol\u00ed? &#8220;Slep\u00ed vidia, chrom\u00ed chodia,\u2026&#8221; Mesi\u00e1\u0161ske znamenia, na ktor\u00e9 \u010dakali cel\u00e9 storo\u010dia, sa naplnili. A to je len za\u010diatok spozn\u00e1vania Biblie.<\/p>\n","protected":false},"author":7,"featured_media":6744,"comment_status":"closed","ping_status":"closed","sticky":false,"template":"","format":"standard","meta":{"footnotes":""},"categories":[13],"tags":[],"class_list":{"0":"entry","1":"post","2":"publish","3":"author-slado89gmail-com","4":"has-excerpt","5":"has-more-link","6":"post-6743","8":"format-standard","9":"has-post-thumbnail","10":"category-oznamy"},"_links":{"self":[{"href":"https:\/\/www.farakostolna.sk\/index.php?rest_route=\/wp\/v2\/posts\/6743","targetHints":{"allow":["GET"]}}],"collection":[{"href":"https:\/\/www.farakostolna.sk\/index.php?rest_route=\/wp\/v2\/posts"}],"about":[{"href":"https:\/\/www.farakostolna.sk\/index.php?rest_route=\/wp\/v2\/types\/post"}],"author":[{"embeddable":true,"href":"https:\/\/www.farakostolna.sk\/index.php?rest_route=\/wp\/v2\/users\/7"}],"replies":[{"embeddable":true,"href":"https:\/\/www.farakostolna.sk\/index.php?rest_route=%2Fwp%2Fv2%2Fcomments&post=6743"}],"version-history":[{"count":0,"href":"https:\/\/www.farakostolna.sk\/index.php?rest_route=\/wp\/v2\/posts\/6743\/revisions"}],"wp:featuredmedia":[{"embeddable":true,"href":"https:\/\/www.farakostolna.sk\/index.php?rest_route=\/"}],"wp:attachment":[{"href":"https:\/\/www.farakostolna.sk\/index.php?rest_route=%2Fwp%2Fv2%2Fmedia&parent=6743"}],"wp:term":[{"taxonomy":"category","embeddable":true,"href":"https:\/\/www.farakostolna.sk\/index.php?rest_route=%2Fwp%2Fv2%2Fcategories&post=6743"},{"taxonomy":"post_tag","embeddable":true,"href":"https:\/\/www.farakostolna.sk\/index.php?rest_route=%2Fwp%2Fv2%2Ftags&post=6743"}],"curies":[{"name":"wp","href":"https:\/\/api.w.org\/{rel}","templated":true}]}}