{"id":6732,"date":"2022-11-25T22:41:03","date_gmt":"2022-11-25T22:41:03","guid":{"rendered":"http:\/\/kostolna.fara.sk\/?p=6732"},"modified":"2022-11-25T22:41:03","modified_gmt":"2022-11-25T22:41:03","slug":"farske-oznamy-a-zamyslenie-27-11-2022","status":"publish","type":"post","link":"https:\/\/www.farakostolna.sk\/?p=6732","title":{"rendered":"Farsk\u00e9 oznamy a zamyslenie (27.11.2022)"},"content":{"rendered":"\n\t\t\t\t\n\t\t\t\t\n<div class=\"wp-block-image\"><figure class=\"aligncenter\"><img decoding=\"async\" src=\"https:\/\/www.farakostolna.sk\/wp-content\/uploads\/2022\/11\/WhatsApp-Image-2022-11-25-at-23.24.33-1-1.jpg\" alt=\"\" class=\"wp-image-6733\"\/><\/figure><\/div>\n\n\n\n<p>Kedy bude uz\u00e1vierka? O t\u00fd\u017ede\u0148. J\u00e1j, tak to m\u00e1m e\u0161te \u010das. K\u00fdm nehor\u00ed, tak m\u00e1me kopec \u010dasu. A \u010do ke\u010f u\u017e hor\u00ed? Tie v\u00fdzvy a proroctv\u00e1 v P\u00edsme nie s\u00fa na okrasu.<\/p>\n\n\n<p><!--more--><\/p>\n\n\n<p><strong>Sv\u00e4t\u00e9 om\u0161e u n\u00e1s:<\/strong><\/p>\n\n\n\n<p><strong>sobota \u2013 26. novembra (s nede\u013enou platnos\u0165ou)<\/strong><\/p>\n\n\n\n<ul class=\"wp-block-list\"><li><strong>17:00 \u2013 Hrub\u00e1 Bor\u0161a \u2013 (slov.\/ma\u010f.)<\/strong><\/li><li><strong>18:00 \u2013 Kostoln\u00e1 \u2013 (slov.)<\/strong><\/li><\/ul>\n\n\n\n<p><strong>nede\u013ea \u2013 27. novembra<\/strong><\/p>\n\n\n\n<ul class=\"wp-block-list\"><li><strong>8:00 \u2013 Hrub\u00fd \u0160\u00far \u2013 (ma\u010f.)<\/strong><\/li><li><strong>9:30 \u2013 Kostoln\u00e1 \u2013 (ma\u010f.)<\/strong><\/li><li><strong>11:00 \u2013 Kostoln\u00e1 \u2013 (slov.)<\/strong><\/li><\/ul>\n\n\n\n<p>Tento t\u00fd\u017ede\u0148 budem spoveda\u0165 v utorok, \u0161tvrtok a piatok od 16:00 do 17:00 v Kostolnej pod pr\u00edstre\u0161kom na farskom dvore. V tom \u010dase bude v kostole ador\u00e1cia.<\/p>\n\n\n\n<p>V stredu bude sv\u00e4t\u00e1 om\u0161a o 18:00 so zrete\u013eom na deti v slovenskom jazyku. <\/p>\n\n\n\n<p>V advente bud\u00fa v niektor\u00e9 r\u00e1na (pod\u013ea rozpisu) ror\u00e1tne sv\u00e4t\u00e9 om\u0161e o 6:00 v \u00faplnej tme len v jase zap\u00e1len\u00fdch svie\u010dok, ktor\u00e9 dostanete pri pr\u00edchode do kostola. Povzbudzujem k \u00fa\u010dasti dospel\u00fdch i deti. <\/p>\n\n\n\n<p>Minulot\u00fd\u017ed\u0148ov\u00e1 pravideln\u00e1 mesa\u010dn\u00e1 zbierka na opravu farsk\u00e9ho kostola a prev\u00e1dzkov\u00e9 n\u00e1klady farnosti vyniesla v Kostolnej 895,45 \u20ac, v Hrubej Bor\u0161i 122 \u20ac a v Hrubom \u0160\u00fare na potreby \u0161\u00farskej kaplnky 167,30 \u20ac. \u00daprimne \u010fakujem. <\/p>\n\n\n\n<p>Tento v\u00edkend je vo v\u0161etk\u00fdch kostoloch jesenn\u00e1 zbierka na charitu. Vopred \u010fakujem. <\/p>\n\n\n\n<p>S \u00factou,<br>Pavol Gajdo\u0161, v\u00e1\u0161 far\u00e1r<\/p>\n\t\t\t\t","protected":false},"excerpt":{"rendered":"<p>Kedy bude uz\u00e1vierka? O t\u00fd\u017ede\u0148. J\u00e1j, tak to m\u00e1m e\u0161te \u010das. K\u00fdm nehor\u00ed, tak m\u00e1me kopec \u010dasu. A \u010do ke\u010f u\u017e hor\u00ed? Tie v\u00fdzvy a proroctv\u00e1 v P\u00edsme nie s\u00fa na okrasu.<\/p>\n","protected":false},"author":7,"featured_media":6733,"comment_status":"closed","ping_status":"closed","sticky":false,"template":"","format":"standard","meta":{"footnotes":""},"categories":[13],"tags":[],"class_list":{"0":"entry","1":"post","2":"publish","3":"author-slado89gmail-com","4":"has-excerpt","5":"has-more-link","6":"post-6732","8":"format-standard","9":"has-post-thumbnail","10":"category-oznamy"},"_links":{"self":[{"href":"https:\/\/www.farakostolna.sk\/index.php?rest_route=\/wp\/v2\/posts\/6732","targetHints":{"allow":["GET"]}}],"collection":[{"href":"https:\/\/www.farakostolna.sk\/index.php?rest_route=\/wp\/v2\/posts"}],"about":[{"href":"https:\/\/www.farakostolna.sk\/index.php?rest_route=\/wp\/v2\/types\/post"}],"author":[{"embeddable":true,"href":"https:\/\/www.farakostolna.sk\/index.php?rest_route=\/wp\/v2\/users\/7"}],"replies":[{"embeddable":true,"href":"https:\/\/www.farakostolna.sk\/index.php?rest_route=%2Fwp%2Fv2%2Fcomments&post=6732"}],"version-history":[{"count":0,"href":"https:\/\/www.farakostolna.sk\/index.php?rest_route=\/wp\/v2\/posts\/6732\/revisions"}],"wp:featuredmedia":[{"embeddable":true,"href":"https:\/\/www.farakostolna.sk\/index.php?rest_route=\/"}],"wp:attachment":[{"href":"https:\/\/www.farakostolna.sk\/index.php?rest_route=%2Fwp%2Fv2%2Fmedia&parent=6732"}],"wp:term":[{"taxonomy":"category","embeddable":true,"href":"https:\/\/www.farakostolna.sk\/index.php?rest_route=%2Fwp%2Fv2%2Fcategories&post=6732"},{"taxonomy":"post_tag","embeddable":true,"href":"https:\/\/www.farakostolna.sk\/index.php?rest_route=%2Fwp%2Fv2%2Ftags&post=6732"}],"curies":[{"name":"wp","href":"https:\/\/api.w.org\/{rel}","templated":true}]}}