{"id":6717,"date":"2022-11-11T21:41:14","date_gmt":"2022-11-11T21:41:14","guid":{"rendered":"http:\/\/kostolna.fara.sk\/?p=6717"},"modified":"2022-11-11T21:41:14","modified_gmt":"2022-11-11T21:41:14","slug":"farske-oznamy-a-zamyslenie-13-11-2022","status":"publish","type":"post","link":"https:\/\/www.farakostolna.sk\/?p=6717","title":{"rendered":"Farsk\u00e9 oznamy a zamyslenie (13.11.2022)"},"content":{"rendered":"\n\t\t\t\t\n\t\t\t\t\n<div class=\"wp-block-image\"><figure class=\"aligncenter\"><img decoding=\"async\" src=\"https:\/\/www.farakostolna.sk\/wp-content\/uploads\/2022\/11\/WhatsApp-Image-2022-11-11-at-22.32.42-1-1024x768.jpg\" alt=\"\" class=\"wp-image-6718\"\/><\/figure><\/div>\n\n\n\n<p>Na \u010dom v\u0161etkom je postaven\u00e1 na\u0161a viera? \u010co s \u0148ou vie zatrias\u0165? S\u00fa na\u0161e z\u00e1klady naozaj pevn\u00e9 alebo na\u0161ou vierou otriasaj\u00fa veci, pred ktor\u00fdmi n\u00e1s Je\u017ei\u0161 varoval? Nezabudnime, \u017ee nevyu\u017e\u00edvan\u00e9 talenty postupne upadaj\u00fa.<\/p>\n\n\n<p><!--more--><\/p>\n\n\n<p><strong>Sv\u00e4t\u00e9 om\u0161e u n\u00e1s:<\/strong><\/p>\n\n\n\n<p><strong>sobota \u2013 12. novembra (s nede\u013enou platnos\u0165ou)<\/strong><\/p>\n\n\n\n<ul class=\"wp-block-list\"><li><strong>17:00 \u2013 Hrub\u00e1 Bor\u0161a \u2013 (slov.\/ma\u010f.)<\/strong><\/li><li><strong>18:00 \u2013 Kostoln\u00e1 \u2013 (slov.)<\/strong><\/li><\/ul>\n\n\n\n<p><b>nede\u013ea \u2013 13. novembra<\/b><\/p>\n\n\n\n<ul class=\"wp-block-list\"><li><strong>8:00 \u2013 Hrub\u00fd \u0160\u00far \u2013 (ma\u010f.)<\/strong><\/li><li><strong>9:30 \u2013 Kostoln\u00e1 \u2013 (ma\u010f.)<\/strong><\/li><li><strong>11:00 \u2013 Kostoln\u00e1 \u2013 (slov.)<\/strong><\/li><\/ul>\n\n\n\n<p>Tento t\u00fd\u017ede\u0148 budem spoveda\u0165 v utorok, stredu, \u0161tvrtok a piatok od 16:00 do 17:00 v Kostolnej pod pr\u00edstre\u0161kom na farskom dvore. V tom \u010dase bude v kostole ador\u00e1cia.<\/p>\n\n\n\n<p>V stredu bude sv\u00e4t\u00e1 om\u0161a o 18:00 so zrete\u013eom na deti v slovenskom jazyku. <\/p>\n\n\n\n<p><strong>Tento v\u00edkend sa kon\u00e1 tradi\u010dn\u00e1 Sv\u00e4tomartinsk\u00e1 zbierka. V\u00fd\u0165a\u017eok zbierky sa v tomto roku pou\u017eije na&nbsp;n\u00e1kup nov\u00e9ho mamografu pre Onkologick\u00fd \u00fastav sv. Al\u017ebety v Bratislave a na n\u00e1kup polohovac\u00edch postel\u00ed pre Nemocnicu Milosrdn\u00fdch bratov v Bratislave. <\/strong><\/p>\n\n\n\n<p><strong>V d\u0148och od 14. do 20. novembra sa uskuto\u010dn\u00ed T\u00fd\u017ede\u0148 Cirkvi pre ml\u00e1de\u017e. <\/strong>Pri tejto pr\u00edle\u017eitosti Komisia pre ml\u00e1de\u017e Bratislavskej arcidiec\u00e9zy pripravila viacer\u00e9 aktivity, ako T\u00fd\u017ede\u0148 \u00faloh mlad\u00fdm &#8211; TUMBA a vedomostn\u00fd kv\u00edz v DOME QUO VADIS. Tie\u017e s\u00fa pozvan\u00ed mlad\u00ed do Arcidiec\u00e9zneho centra ml\u00e1de\u017ee VINICA v Bratislave pre\u017ei\u0165 bohat\u00fd program. T\u00fd\u017ede\u0148 zav\u0155\u0161i o. arcibiskup Mons. Stanislav Zvolensk\u00fd sl\u00e1ven\u00edm sv. om\u0161e pre v\u0161etk\u00fdch mlad\u00fdch na diec\u00e9zny svetov\u00fd de\u0148 ml\u00e1de\u017ee v nede\u013eu 20. novembra o 10.30 h. v Katedr\u00e1le sv. Martina v Bratislave. Viac info na str\u00e1nke&nbsp;<a href=\"http:\/\/www.mladezba.sk\">www.mladezba.sk<\/a>.<\/p>\n\n\n\n<p>Na bud\u00faci v\u00edkend bude v na\u0161ej farnosti pravideln\u00e1 mesa\u010dn\u00e1 zbierka na opravu farsk\u00e9ho kostola a prev\u00e1dzkov\u00e9 n\u00e1klady farnosti. Vopred \u010fakujem. <\/p>\n\n\n\n<p>S \u00factou,<br>Pavol Gajdo\u0161, v\u00e1\u0161 far\u00e1r<\/p>\n\t\t\t\t","protected":false},"excerpt":{"rendered":"<p>Na \u010dom v\u0161etkom je postaven\u00e1 na\u0161a viera? \u010co s \u0148ou vie zatrias\u0165? S\u00fa na\u0161e z\u00e1klady naozaj pevn\u00e9 alebo na\u0161ou vierou otriasaj\u00fa veci, pred ktor\u00fdmi n\u00e1s Je\u017ei\u0161 varoval? Nezabudnime, \u017ee nevyu\u017e\u00edvan\u00e9 talenty postupne upadaj\u00fa.<\/p>\n","protected":false},"author":7,"featured_media":6718,"comment_status":"closed","ping_status":"closed","sticky":false,"template":"","format":"standard","meta":{"footnotes":""},"categories":[13],"tags":[],"class_list":{"0":"entry","1":"post","2":"publish","3":"author-slado89gmail-com","4":"has-excerpt","5":"has-more-link","6":"post-6717","8":"format-standard","9":"has-post-thumbnail","10":"category-oznamy"},"_links":{"self":[{"href":"https:\/\/www.farakostolna.sk\/index.php?rest_route=\/wp\/v2\/posts\/6717","targetHints":{"allow":["GET"]}}],"collection":[{"href":"https:\/\/www.farakostolna.sk\/index.php?rest_route=\/wp\/v2\/posts"}],"about":[{"href":"https:\/\/www.farakostolna.sk\/index.php?rest_route=\/wp\/v2\/types\/post"}],"author":[{"embeddable":true,"href":"https:\/\/www.farakostolna.sk\/index.php?rest_route=\/wp\/v2\/users\/7"}],"replies":[{"embeddable":true,"href":"https:\/\/www.farakostolna.sk\/index.php?rest_route=%2Fwp%2Fv2%2Fcomments&post=6717"}],"version-history":[{"count":0,"href":"https:\/\/www.farakostolna.sk\/index.php?rest_route=\/wp\/v2\/posts\/6717\/revisions"}],"wp:featuredmedia":[{"embeddable":true,"href":"https:\/\/www.farakostolna.sk\/index.php?rest_route=\/"}],"wp:attachment":[{"href":"https:\/\/www.farakostolna.sk\/index.php?rest_route=%2Fwp%2Fv2%2Fmedia&parent=6717"}],"wp:term":[{"taxonomy":"category","embeddable":true,"href":"https:\/\/www.farakostolna.sk\/index.php?rest_route=%2Fwp%2Fv2%2Fcategories&post=6717"},{"taxonomy":"post_tag","embeddable":true,"href":"https:\/\/www.farakostolna.sk\/index.php?rest_route=%2Fwp%2Fv2%2Ftags&post=6717"}],"curies":[{"name":"wp","href":"https:\/\/api.w.org\/{rel}","templated":true}]}}