{"id":6710,"date":"2022-11-04T21:34:11","date_gmt":"2022-11-04T21:34:11","guid":{"rendered":"http:\/\/kostolna.fara.sk\/?p=6710"},"modified":"2022-11-04T21:34:11","modified_gmt":"2022-11-04T21:34:11","slug":"farske-oznamy-a-zamyslenie-06-11-2022","status":"publish","type":"post","link":"https:\/\/www.farakostolna.sk\/?p=6710","title":{"rendered":"Farsk\u00e9 oznamy a zamyslenie (06.11.2022)"},"content":{"rendered":"\n\t\t\t\t\n\t\t\t\t\n<div class=\"wp-block-image\"><figure class=\"aligncenter\"><img decoding=\"async\" src=\"https:\/\/www.farakostolna.sk\/wp-content\/uploads\/2022\/11\/WhatsApp-Image-2022-11-04-at-21.18.58-1-1.jpg\" alt=\"\" class=\"wp-image-6711\"\/><\/figure><\/div>\n\n\n\n<p>Kde neveriaci kon\u010dia, kres\u0165ania len za\u010d\u00ednaj\u00fa. Asi tak by sa dalo zhrn\u00fa\u0165 kres\u0165anstvo &#8211; to nie je iba viera v Boha, ale viera vo ve\u010dn\u00fd \u017eivot. A smr\u0165 je v\u00fdhybkou, ktor\u00fa ovl\u00e1dame iba za \u017eivota. Kam teraz smerujeme?<\/p>\n\n\n<p><!--more--><\/p>\n\n\n<p><strong>Sv\u00e4t\u00e9 om\u0161e u n\u00e1s:<\/strong><\/p>\n\n\n\n<p><strong>sobota \u2013 5. novembra (s nede\u013enou platnos\u0165ou)<\/strong><\/p>\n\n\n\n<ul class=\"wp-block-list\"><li><strong>17:00 \u2013 Hrub\u00e1 Bor\u0161a \u2013 (slov.\/ma\u010f.)<\/strong><\/li><li><strong>18:00 \u2013 Kostoln\u00e1 \u2013 (slov.)<\/strong><\/li><\/ul>\n\n\n\n<p><strong>nede\u013ea \u2013 6. novembra<\/strong><\/p>\n\n\n\n<ul class=\"wp-block-list\"><li><strong>8:00 \u2013 Hrub\u00fd \u0160\u00far \u2013 (ma\u010f.)<\/strong><\/li><li><strong>9:30 \u2013 Kostoln\u00e1 \u2013 (ma\u010f.)<\/strong><\/li><li><strong>11:00 \u2013 Kostoln\u00e1 \u2013 (slov.)<\/strong><\/li><\/ul>\n\n\n\n<p><strong>A\u017e do 8. novembra m\u00f4\u017eeme z\u00edskava\u0165 pre du\u0161e v o\u010distci \u00fapln\u00e9 odpustky.<\/strong> K tomu treba okrem sv\u00e4t\u00e9ho prij\u00edmania, n\u00e1v\u0161tevy cintor\u00edna a modlitieb by\u0165 v stave posv\u00e4cuj\u00facej milosti, teda by\u0165 po sv\u00e4tej spovedi a vyl\u00fa\u010di\u0165 ak\u00fako\u013evek prip\u00fatanos\u0165 k hriechu, aj k v\u0161edn\u00e9mu. Sv\u00e4t\u00e9 om\u0161e bud\u00fa v Kostolnej preto teraz aj v pondelok a utorok o 17:00 v ma\u010farskom a o 18:00 v slovenskom jazyku. <\/p>\n\n\n\n<p>Tento t\u00fd\u017ede\u0148 budem spoveda\u0165 v pondelok, utorok, stredu a piatok od 16:00 do 17:00 v Kostolnej pod pr\u00edstre\u0161kom na farskom dvore. V tom \u010dase bude v kostole ador\u00e1cia.<\/p>\n\n\n\n<p>\n\nV stredu bude sv\u00e4t\u00e1 om\u0161a o 18:00 so zrete\u013eom na deti v ma\u010farskom jazyku.<\/p>\n\n\n\n<p>Vo \u0161tvrtok tento t\u00fd\u017ede\u0148 ve\u010der sv\u00e4t\u00e9 om\u0161e nebud\u00fa, iba r\u00e1no spolo\u010dn\u00e1 o 6:30.<\/p>\n\n\n\n<p><strong>Bratislavsk\u00e1 Arcidiec\u00e9za v spolupr\u00e1ci s eRkom poz\u00fdva rodiny na Sv\u00e4tomartinsk\u00fd sprievod, ktor\u00fd sa bude kona\u0165 v Bratislave v sobotu 12. novembra. <\/strong>Za\u010dne sl\u00e1vnostnou sv. om\u0161ou o 16:00 v Katedr\u00e1le sv. Martina a po nej o 17:00 bude nasledova\u0165 kr\u00e1tke predstavenie so sv\u00e4t\u00fdm Martinom na koni. Potom bude sprievod ulicami Star\u00e9ho Mesta spolu so sv\u00e4t\u00fdm Martinom. Na sprievod si nezabudnite prinies\u0165 lampi\u00f3n. Ako prejav ve\u013ekodu\u0161nosti m\u00f4\u017eete ako obetn\u00fd dar prinies\u0165 hra\u010dky pre deti, ktor\u00fdm ch\u00fdbaj\u00fa.<\/p>\n\n\n\n<p>Z predaja svie\u010dok &#8220;za nenaroden\u00e9 deti&#8221; sme spolu pre &#8220;F\u00f3rum \u017eivota&#8221; vyzbierali v na\u0161ej farnosti v tomto roku 518,70 \u20ac. Z toho v Kostolnej 416,70 \u20ac, v Hrubej Bor\u0161i 54 \u20ac a v Hrubom \u0160\u00fare 48 \u20ac. Peniaze sa prepo\u0161l\u00fa tento t\u00fd\u017ede\u0148 na dan\u00fd \u00fa\u010det. V\u0161etk\u00fdm \u010fakujem. Osobitne t\u00fdmto \u010fakujem aj na\u0161ej koordin\u00e1torke Veronike Anderkovi\u010dovej.<\/p>\n\n\n\n<p>Na bud\u00faci v\u00edkend sa kon\u00e1 tradi\u010dn\u00e1 Sv\u00e4tomartinsk\u00e1 zbierka. V\u00fd\u0165a\u017eok zbierky by sa v tomto roku pou\u017eil na n\u00e1kup nov\u00e9ho mamografu pre Onkologick\u00fd \u00fastav sv. Al\u017ebety v Bratislave a na n\u00e1kup polohovac\u00edch postel\u00ed pre Nemocnicu Milosrdn\u00fdch bratov v Bratislave.<\/p>\n\n\n\n<p><strong>V d\u0148och od 14. do 20. novembra sa uskuto\u010dn\u00ed T\u00fd\u017ede\u0148 Cirkvi pre ml\u00e1de\u017e<\/strong>. Pri tejto pr\u00edle\u017eitosti Komisia pre ml\u00e1de\u017e Bratislavskej arcidiec\u00e9zy pripravila viacer\u00e9 aktivity, ako T\u00fd\u017ede\u0148 \u00faloh mlad\u00fdm &#8211; TUMBA a vedomostn\u00fd kv\u00edz v DOME QUO VADIS. Tie\u017e s\u00fa pozvan\u00ed mlad\u00ed do Arcidiec\u00e9zneho centra ml\u00e1de\u017ee VINICA v Bratislave pre\u017ei\u0165 bohat\u00fd program. T\u00fd\u017ede\u0148 zav\u0155\u0161i o. arcibiskup Mons. Stanislav Zvolensk\u00fd sl\u00e1ven\u00edm sv. om\u0161e pre v\u0161etk\u00fdch mlad\u00fdch na diec\u00e9zny svetov\u00fd de\u0148 ml\u00e1de\u017ee v nede\u013eu 20. novembra o 10.30 h. v Katedr\u00e1le sv. Martina v Bratislave. Viac info na str\u00e1nke\u00a0<a rel=\"noreferrer noopener\" href=\"http:\/\/www.mladezba.sk\/\" target=\"_blank\">www.mladezba.sk<\/a>.<\/p>\n\n\n\n<p>S \u00factou,<br>Pavol Gajdo\u0161, v\u00e1\u0161 far\u00e1r\n\n<\/p>\n\t\t\t\t","protected":false},"excerpt":{"rendered":"<p>Kde neveriaci kon\u010dia, kres\u0165ania len za\u010d\u00ednaj\u00fa. Asi tak by sa dalo zhrn\u00fa\u0165 kres\u0165anstvo &#8211; to nie je iba viera v Boha, ale viera vo ve\u010dn\u00fd \u017eivot. A smr\u0165 je v\u00fdhybkou, ktor\u00fa ovl\u00e1dame iba za \u017eivota. Kam teraz smerujeme?<\/p>\n","protected":false},"author":7,"featured_media":6711,"comment_status":"closed","ping_status":"closed","sticky":false,"template":"","format":"standard","meta":{"footnotes":""},"categories":[13],"tags":[],"class_list":{"0":"entry","1":"post","2":"publish","3":"author-slado89gmail-com","4":"has-excerpt","5":"has-more-link","6":"post-6710","8":"format-standard","9":"has-post-thumbnail","10":"category-oznamy"},"_links":{"self":[{"href":"https:\/\/www.farakostolna.sk\/index.php?rest_route=\/wp\/v2\/posts\/6710","targetHints":{"allow":["GET"]}}],"collection":[{"href":"https:\/\/www.farakostolna.sk\/index.php?rest_route=\/wp\/v2\/posts"}],"about":[{"href":"https:\/\/www.farakostolna.sk\/index.php?rest_route=\/wp\/v2\/types\/post"}],"author":[{"embeddable":true,"href":"https:\/\/www.farakostolna.sk\/index.php?rest_route=\/wp\/v2\/users\/7"}],"replies":[{"embeddable":true,"href":"https:\/\/www.farakostolna.sk\/index.php?rest_route=%2Fwp%2Fv2%2Fcomments&post=6710"}],"version-history":[{"count":0,"href":"https:\/\/www.farakostolna.sk\/index.php?rest_route=\/wp\/v2\/posts\/6710\/revisions"}],"wp:featuredmedia":[{"embeddable":true,"href":"https:\/\/www.farakostolna.sk\/index.php?rest_route=\/"}],"wp:attachment":[{"href":"https:\/\/www.farakostolna.sk\/index.php?rest_route=%2Fwp%2Fv2%2Fmedia&parent=6710"}],"wp:term":[{"taxonomy":"category","embeddable":true,"href":"https:\/\/www.farakostolna.sk\/index.php?rest_route=%2Fwp%2Fv2%2Fcategories&post=6710"},{"taxonomy":"post_tag","embeddable":true,"href":"https:\/\/www.farakostolna.sk\/index.php?rest_route=%2Fwp%2Fv2%2Ftags&post=6710"}],"curies":[{"name":"wp","href":"https:\/\/api.w.org\/{rel}","templated":true}]}}