{"id":6704,"date":"2022-11-01T22:14:50","date_gmt":"2022-11-01T22:14:50","guid":{"rendered":"http:\/\/kostolna.fara.sk\/?p=6704"},"modified":"2022-11-01T22:14:50","modified_gmt":"2022-11-01T22:14:50","slug":"sviatok-vsetkych-svatych-4","status":"publish","type":"post","link":"https:\/\/www.farakostolna.sk\/?p=6704","title":{"rendered":"Sviatok v\u0161etk\u00fdch sv\u00e4t\u00fdch"},"content":{"rendered":"\n\t\t\t\t\n\t\t\t\t\n<p>Sviatok v\u0161etk\u00fdch sv\u00e4t\u00fdch sme v Kostolnej osl\u00e1vili s de\u0165mi u\u017e v predve\u010der samotn\u00e9ho kr\u00e1sneho sviatku. Ve\u013ek\u00e1 v\u010faka patr\u00ed organiz\u00e1torom i v\u0161etk\u00fdm z\u00fa\u010dastnen\u00fdm. Siln\u00fdm duchovn\u00fdm z\u00e1\u017eitkom bola aj spolo\u010dn\u00e1 sv\u00e4t\u00e1 om\u0161a, po ktorej nasledoval sprievod det\u00ed&nbsp;na&nbsp;cintor\u00edn.<\/p>\n\n\n\n<div class=\"wp-block-image\"><figure class=\"aligncenter\"><img decoding=\"async\" src=\"https:\/\/www.farakostolna.sk\/wp-content\/uploads\/2022\/11\/WhatsApp-Image-2022-11-01-at-16.59.50-1-1024x768.jpg\" alt=\"\" class=\"wp-image-6706\"\/><\/figure><\/div>\n\n\n\n<div class=\"wp-block-image\"><figure class=\"aligncenter\"><img decoding=\"async\" src=\"https:\/\/www.farakostolna.sk\/wp-content\/uploads\/2022\/11\/WhatsApp-Image-2022-11-01-at-16.59.49-1-1024x576.jpg\" alt=\"\" class=\"wp-image-6705\"\/><\/figure><\/div>\n\n\n\n<div class=\"wp-block-image\"><figure class=\"aligncenter\"><img decoding=\"async\" src=\"https:\/\/www.farakostolna.sk\/wp-content\/uploads\/2022\/11\/WhatsApp-Image-2022-11-01-at-16.59.52-1-1024x682.jpg\" alt=\"\" class=\"wp-image-6707\"\/><\/figure><\/div>\n\t\t\t\t","protected":false},"excerpt":{"rendered":"<p>Sviatok v\u0161etk\u00fdch sv\u00e4t\u00fdch sme v Kostolnej osl\u00e1vili s de\u0165mi u\u017e v predve\u010der samotn\u00e9ho kr\u00e1sneho sviatku. Ve\u013ek\u00e1 v\u010faka patr\u00ed organiz\u00e1torom i v\u0161etk\u00fdm z\u00fa\u010dastnen\u00fdm. Siln\u00fdm duchovn\u00fdm z\u00e1\u017eitkom bola aj spolo\u010dn\u00e1 sv\u00e4t\u00e1 om\u0161a, po ktorej nasledoval sprievod det\u00ed&nbsp;na&nbsp;cintor\u00edn.<\/p>\n","protected":false},"author":7,"featured_media":6706,"comment_status":"closed","ping_status":"closed","sticky":false,"template":"","format":"standard","meta":{"footnotes":""},"categories":[1],"tags":[],"class_list":{"0":"entry","1":"post","2":"publish","3":"author-slado89gmail-com","4":"has-excerpt","5":"post-6704","7":"format-standard","8":"has-post-thumbnail","9":"category-uncategorized"},"_links":{"self":[{"href":"https:\/\/www.farakostolna.sk\/index.php?rest_route=\/wp\/v2\/posts\/6704","targetHints":{"allow":["GET"]}}],"collection":[{"href":"https:\/\/www.farakostolna.sk\/index.php?rest_route=\/wp\/v2\/posts"}],"about":[{"href":"https:\/\/www.farakostolna.sk\/index.php?rest_route=\/wp\/v2\/types\/post"}],"author":[{"embeddable":true,"href":"https:\/\/www.farakostolna.sk\/index.php?rest_route=\/wp\/v2\/users\/7"}],"replies":[{"embeddable":true,"href":"https:\/\/www.farakostolna.sk\/index.php?rest_route=%2Fwp%2Fv2%2Fcomments&post=6704"}],"version-history":[{"count":0,"href":"https:\/\/www.farakostolna.sk\/index.php?rest_route=\/wp\/v2\/posts\/6704\/revisions"}],"wp:featuredmedia":[{"embeddable":true,"href":"https:\/\/www.farakostolna.sk\/index.php?rest_route=\/"}],"wp:attachment":[{"href":"https:\/\/www.farakostolna.sk\/index.php?rest_route=%2Fwp%2Fv2%2Fmedia&parent=6704"}],"wp:term":[{"taxonomy":"category","embeddable":true,"href":"https:\/\/www.farakostolna.sk\/index.php?rest_route=%2Fwp%2Fv2%2Fcategories&post=6704"},{"taxonomy":"post_tag","embeddable":true,"href":"https:\/\/www.farakostolna.sk\/index.php?rest_route=%2Fwp%2Fv2%2Ftags&post=6704"}],"curies":[{"name":"wp","href":"https:\/\/api.w.org\/{rel}","templated":true}]}}