{"id":6697,"date":"2022-10-28T20:37:13","date_gmt":"2022-10-28T20:37:13","guid":{"rendered":"http:\/\/kostolna.fara.sk\/?p=6697"},"modified":"2022-10-28T20:37:13","modified_gmt":"2022-10-28T20:37:13","slug":"farske-oznamy-a-zamyslenie-30-10-2022","status":"publish","type":"post","link":"https:\/\/www.farakostolna.sk\/?p=6697","title":{"rendered":"Farsk\u00e9 oznamy a zamyslenie (30.10.2022)"},"content":{"rendered":"\n\t\t\t\t\n\t\t\t\t\n<div class=\"wp-block-image\"><figure class=\"aligncenter\"><img decoding=\"async\" src=\"https:\/\/www.farakostolna.sk\/wp-content\/uploads\/2022\/10\/C1056F56-47A3-42B9-BA08-49B06B05D1AF-1-1.jpeg\" alt=\"\" class=\"wp-image-6698\"\/><\/figure><\/div>\n\n\n\n<p>Zachej, aby aspo\u0148 videl Je\u017ei\u0161a, vyliezol na strom. Takmer minim\u00e1lna aktivita, ale \u00faprimn\u00e1. Ak\u00e1 je t\u00e1 na\u0161a aktivita? Chceme Je\u017ei\u0161a vidie\u0165 alebo sa pred n\u00edm skr\u00fdvame? Neboj\u00edme sa toho, \u017ee sa aj k n\u00e1m pozve k stolu? \u010co by sme mu pon\u00fakli?<\/p>\n\n\n<p><!--more--><\/p>\n\n\n<p><strong>Sv\u00e4t\u00e9 om\u0161e u n\u00e1s:<\/strong><\/p>\n\n\n\n<p><strong>sobota \u2013 29. okt\u00f3bra (s nede\u013enou platnos\u0165ou)<\/strong><\/p>\n\n\n\n<ul class=\"wp-block-list\"><li><strong>17:00 \u2013 Hrub\u00e1 Bor\u0161a \u2013 (slov.\/ma\u010f.)<\/strong><\/li><li><strong>18:00 \u2013 Kostoln\u00e1 \u2013 (slov.)<\/strong><\/li><\/ul>\n\n\n\n<p><b>nede\u013ea \u2013 30. okt\u00f3bra<\/b><\/p>\n\n\n\n<ul class=\"wp-block-list\"><li><b>8:00 \u2013 Hrub\u00fd \u0160\u00far \u2013 (ma\u010f.)<\/b><\/li><li><b> 9:30 \u2013 Kostoln\u00e1 \u2013 (ma\u010f.)<\/b><\/li><li><b>11:00 \u2013 Kostoln\u00e1 \u2013 (slov.)<\/b><\/li><\/ul>\n\n\n\n<p>Spoveda\u0165 budem v stredu, \u0161tvrtok a piatok od 16:00 do 17:00 v Kostolnej pod pr\u00edstre\u0161kom na farskom dvore. V tom \u010dase bude v kostole ador\u00e1cia. V Hrubej Bor\u0161i budem spoveda\u0165 v sobotu od 16:40 do 17:00 a v Hrubom \u0160\u00fare v nede\u013eu od 7:30 do 8:00. Povzbudzujem v\u00e1s k sviatosti zmierenia, aby sme v najbli\u017e\u0161\u00edch d\u0148och mohli z\u00edskava\u0165 \u00fapln\u00e9 odpustky pre na\u0161ich zomrel\u00fdch.<\/p>\n\n\n\n<p>Oslavu v\u0161etk\u00fdch sv\u00e4t\u00fdch osl\u00e1vime spolu s de\u0165mi v pondelok predve\u010der sviatku 31.10. V slovenskom jazyku o 16.00 pod farou v pastora\u010dnom centre. Pre lep\u0161iu organiz\u00e1ciu podujatia dajte o sebe vedie\u0165 pani Zuzke \u0160ina\u013eovej (0917 263 583). Ma\u010farsky hovoriace deti sa stretn\u00fa v kult\u00farnom dome v Kostolnej o 15:00, organizuje pani Ivetka \u0160illo (0907 750 151) spolu so skautmi. Treba si prinies\u0165 kost\u00fdmy, pr\u00edpadne kol\u00e1\u010diky, ktor\u00e9 bud\u00fa ako vstupn\u00e9. Na z\u00e1ver sa v\u0161etci stretneme pri spolo\u010dnej sv\u00e4tej om\u0161i o 18:00 aj v kost\u00fdmoch sv\u00e4t\u00fdch. Povzbudzujem rodi\u010dov a deti, aby sa na t\u00fato sl\u00e1vnos\u0165 dobre spolo\u010dne pripravili. <\/p>\n\n\n\n<p><strong>Na sviatok v\u0161etk\u00fdch sv\u00e4t\u00fdch bud\u00fa sv\u00e4t\u00e9 om\u0161e ako v nedele:<\/strong><\/p>\n\n\n\n<p><strong>31.10. v pondelok (predve\u010der sviatku) <\/strong><\/p>\n\n\n\n<ul class=\"wp-block-list\"><li><b>17:00 \u2013 Hrub\u00e1 Bor\u0161a \u2013 (slov.\/ma\u010f.)<\/b><\/li><li><b>18:00 \u2013 Kostoln\u00e1 \u2013 (slov.\/ma\u010f.)<\/b><\/li><\/ul>\n\n\n\n<p><strong>1.11. v utorok (v de\u0148 sviatku) <\/strong><\/p>\n\n\n\n<ul class=\"wp-block-list\"><li><b>8:00 \u2013 Hrub\u00fd \u0160\u00far \u2013 (ma\u010f.)<\/b><\/li><li><b>9:30 \u2013 Kostoln\u00e1 \u2013 (ma\u010f.)<\/b><\/li><li><b>11:00 \u2013 Kostoln\u00e1 \u2013 (slov.)<\/b><\/li><\/ul>\n\n\n\n<p>V utorok, v&nbsp;predve\u010der \u201edu\u0161i\u010diek\u201c sa stretneme na cintor\u00edne:&nbsp;v&nbsp;Hrubej Bor\u0161i&nbsp;o&nbsp;14:30,&nbsp;v&nbsp;Kostolnej &#8211; Malom \u0160\u00fare&nbsp;o&nbsp;15:00&nbsp;a&nbsp;v&nbsp;Hrubom \u0160\u00fare&nbsp;o&nbsp;15:30. Na po\u017eiadanie m\u00f4\u017eem po\u017eehna\u0165 nov\u00e9 hroby.<\/p>\n\n\n\n<p>V stredu, 2. novembra &#8220;na du\u0161i\u010dky&#8221;, v de\u0148 spomienky na vern\u00fdch zosnul\u00fdch, bud\u00fa sv\u00e4t\u00e9 om\u0161e nasledovne:<\/p>\n\n\n\n<ul class=\"wp-block-list\"><li>17:00 \u2013 Kostoln\u00e1 \u2013 (ma\u010f.)<\/li><li>18:00 \u2013 Kostoln\u00e1 \u2013 (slov.)<\/li><li>19:00 \u2013 Hrub\u00fd \u0160\u00far \u2013 (ma\u010f.)<\/li><\/ul>\n\n\n\n<p><b>Po\u010das t\u00fdchto dn\u00ed, ke\u010f viacej nav\u0161tevujeme cintor\u00edny, nezabudnime pre du\u0161e z\u00edskava\u0165 \u00fapln\u00e9 odpustky, ktor\u00e9 mo\u017eno privlastni\u0165 du\u0161iam v&nbsp;o\u010distci raz denne&nbsp;od 1. novembra do 8. novembra. K&nbsp;tomu treba okrem sv\u00e4t\u00e9ho prij\u00edmania, n\u00e1v\u0161tevy cintor\u00edna a&nbsp;modlitieb by\u0165 v&nbsp;stave posv\u00e4cuj\u00facej milosti, teda by\u0165 po sv\u00e4tej spovedi a&nbsp;vyl\u00fa\u010di\u0165 ak\u00fako\u013evek prip\u00fatanos\u0165 k&nbsp;hriechu, aj k&nbsp;v\u0161edn\u00e9mu.<\/b><\/p>\n\n\n\n<p>Na\u0161a farnos\u0165 sa aj tento rok zap\u00e1ja do celoslovenskej akcie&nbsp;Svie\u010dka za nenaroden\u00e9 deti, ktor\u00fa organizuje zdru\u017eenie F\u00f3rum \u017eivota s&nbsp;podporou a po\u017eehnan\u00edm biskupov Slovenska. V&nbsp;na\u0161ich kostoloch si m\u00f4\u017eete zak\u00fapi\u0165 origin\u00e1lnu svie\u010dku (1 \u20ac a 5 \u20ac) s&nbsp;logom kampane a takto podpori\u0165 aktivity zameran\u00e9 na ochranu \u017eivota a rodiny. Hlavnou my\u0161lienkou tejto akcie je spoji\u0165 spomienku na v\u0161etk\u00fdch vern\u00fdch zosnul\u00fdch so spomienkou na deti, ktor\u00e9 sa nemohli narodi\u0165, lebo zomreli&nbsp;pri potrate.<\/p>\n\n\n\n<p>Minulot\u00fd\u017ed\u0148ov\u00e1 zbierka na misie vyniesla v&nbsp;na\u0161ej farnosti spolu&nbsp;1102,96 \u20ac,&nbsp;z&nbsp;toho v&nbsp;Hrubom \u0160\u00fare 150 \u20ac, v&nbsp;Kostolnej 864,96 \u20ac a&nbsp;v&nbsp;Hrubej Bor\u0161i 88 \u20ac. Peniaze som u\u017e preposlal na dan\u00fd \u00fa\u010det.&nbsp;\u00daprimne \u010fakujem.<\/p>\n\n\n\n<p>S \u00factou,<br>Pavol Gajdo\u0161, v\u00e1\u0161 far\u00e1r<\/p>\n\t\t\t\t","protected":false},"excerpt":{"rendered":"<p>Zachej, aby aspo\u0148 videl Je\u017ei\u0161a, vyliezol na strom. Takmer minim\u00e1lna aktivita, ale \u00faprimn\u00e1. Ak\u00e1 je t\u00e1 na\u0161a aktivita? Chceme Je\u017ei\u0161a vidie\u0165 alebo sa pred n\u00edm skr\u00fdvame? Neboj\u00edme sa toho, \u017ee sa aj k n\u00e1m pozve k stolu? \u010co by sme mu pon\u00fakli?<\/p>\n","protected":false},"author":7,"featured_media":6700,"comment_status":"closed","ping_status":"closed","sticky":false,"template":"","format":"standard","meta":{"footnotes":""},"categories":[13],"tags":[],"class_list":{"0":"entry","1":"post","2":"publish","3":"author-slado89gmail-com","4":"has-excerpt","5":"has-more-link","6":"post-6697","8":"format-standard","9":"has-post-thumbnail","10":"category-oznamy"},"_links":{"self":[{"href":"https:\/\/www.farakostolna.sk\/index.php?rest_route=\/wp\/v2\/posts\/6697","targetHints":{"allow":["GET"]}}],"collection":[{"href":"https:\/\/www.farakostolna.sk\/index.php?rest_route=\/wp\/v2\/posts"}],"about":[{"href":"https:\/\/www.farakostolna.sk\/index.php?rest_route=\/wp\/v2\/types\/post"}],"author":[{"embeddable":true,"href":"https:\/\/www.farakostolna.sk\/index.php?rest_route=\/wp\/v2\/users\/7"}],"replies":[{"embeddable":true,"href":"https:\/\/www.farakostolna.sk\/index.php?rest_route=%2Fwp%2Fv2%2Fcomments&post=6697"}],"version-history":[{"count":0,"href":"https:\/\/www.farakostolna.sk\/index.php?rest_route=\/wp\/v2\/posts\/6697\/revisions"}],"wp:featuredmedia":[{"embeddable":true,"href":"https:\/\/www.farakostolna.sk\/index.php?rest_route=\/"}],"wp:attachment":[{"href":"https:\/\/www.farakostolna.sk\/index.php?rest_route=%2Fwp%2Fv2%2Fmedia&parent=6697"}],"wp:term":[{"taxonomy":"category","embeddable":true,"href":"https:\/\/www.farakostolna.sk\/index.php?rest_route=%2Fwp%2Fv2%2Fcategories&post=6697"},{"taxonomy":"post_tag","embeddable":true,"href":"https:\/\/www.farakostolna.sk\/index.php?rest_route=%2Fwp%2Fv2%2Ftags&post=6697"}],"curies":[{"name":"wp","href":"https:\/\/api.w.org\/{rel}","templated":true}]}}