{"id":6689,"date":"2022-10-21T20:10:47","date_gmt":"2022-10-21T20:10:47","guid":{"rendered":"http:\/\/kostolna.fara.sk\/?p=6689"},"modified":"2022-10-21T20:10:47","modified_gmt":"2022-10-21T20:10:47","slug":"farske-oznamy-a-zamyslenie-23-10-2022","status":"publish","type":"post","link":"https:\/\/www.farakostolna.sk\/?p=6689","title":{"rendered":"Farsk\u00e9 oznamy a zamyslenie (23.10.2022)"},"content":{"rendered":"\n\t\t\t\t\n\t\t\t\t\n<div class=\"wp-block-image\"><figure class=\"aligncenter is-resized\"><img loading=\"lazy\" decoding=\"async\" src=\"https:\/\/www.farakostolna.sk\/wp-content\/uploads\/2022\/10\/WhatsApp-Image-2022-10-21-at-9.41.08-PM-1-1.jpeg\" alt=\"\" class=\"wp-image-6690\" width=\"645\" height=\"337\"\/><\/figure><\/div>\n\n\n\n<p>Je\u017ei\u0161 n\u00e1m ukazuje na dve mo\u017en\u00e9 \u017eivotn\u00e9 cesty: cesta p\u00fdchy alebo pokory. Bu\u010f budeme chv\u00e1li\u0165 seba alebo Boha. Nezab\u00fadajme, \u017ee Jeho m\u00f4\u017eeme nach\u00e1dza\u0165 aj v \u013eu\u010foch, ktor\u00fdch m\u00f4\u017eeme povzbudzova\u0165 a chv\u00e1li\u0165. Koho chv\u00e1lime my?<\/p>\n\n\n<p><!--more--><\/p>\n\n\n<p><strong>Sv\u00e4t\u00e9 om\u0161e u n\u00e1s:<\/strong><\/p>\n\n\n\n<p><strong>sobota \u2013 22. okt\u00f3bra (s nede\u013enou platnos\u0165ou)<\/strong><\/p>\n\n\n\n<ul class=\"wp-block-list\"><li><strong>17:00 \u2013 Hrub\u00e1 Bor\u0161a \u2013 (slov.\/ma\u010f.)<\/strong><\/li><li><strong>18:00 \u2013 Kostoln\u00e1 \u2013 (slov.)<\/strong><\/li><\/ul>\n\n\n\n<p><strong>nede\u013ea \u2013 23. okt\u00f3bra<\/strong><\/p>\n\n\n\n<ul class=\"wp-block-list\"><li><strong>8:00 \u2013 Hrub\u00fd \u0160\u00far \u2013 (ma\u010f.)<\/strong><\/li><li><strong>9:30 \u2013 Kostoln\u00e1 \u2013 (ma\u010f.)<br><\/strong><\/li><li><strong>11:00 \u2013 Kostoln\u00e1 \u2013 (slov.)<\/strong><\/li><\/ul>\n\n\n\n<p><strong>Tento v\u00edkend m\u00e1me Misijn\u00fa nede\u013eu, v r\u00e1mci ktorej bude aj zbierka na misie, tentoraz pre Kambod\u017eu. <\/strong><\/p>\n\n\n\n<p>Spoveda\u0165 budem v stredu, \u0161tvrtok a piatok od 16:00 do 17:00 v Kostolnej pod pr\u00edstre\u0161kom na farskom dvore. V tom \u010dase bude v kostole ador\u00e1cia. Povzbudzujem v\u00e1s k sviatosti zmierenia, aby sme v najbli\u017e\u0161\u00edch d\u0148och mohli z\u00edskava\u0165 \u00fapln\u00e9 odpustky pre na\u0161ich zomrel\u00fdch.<\/p>\n\n\n\n<p>V stredu bude o 18:00 sv\u00e4t\u00e1 om\u0161a so zrete\u013eom pre deti v ma\u010farskom jazyku.<\/p>\n\n\n\n<p>O t\u00fd\u017ede\u0148 cez v\u00edkend sa men\u00ed \u010das, sp\u00edme o hodinu dlh\u0161ie. <\/p>\n\n\n\n<p>Oslavu v\u0161etk\u00fdch sv\u00e4t\u00fdch osl\u00e1vime spolu s de\u0165mi o t\u00fd\u017ede\u0148, v pondelok predve\u010der sviatku 31.10. V slovenskom jazyku o 16.00 pod farou v pastora\u010dnom centre. Pre lep\u0161iu organiz\u00e1ciu podujatia dajte o sebe vedie\u0165 pani Zuzke \u0160ina\u013eovej (0917 263 583). Ma\u010farsky hovoriace deti sa stretn\u00fa v kult\u00farnom dome v Kostolnej o 15:00, organizuje pani Ivetka \u0160illo (0907 750 151). Treba si prinies\u0165 kost\u00fdmy, pr\u00edpadne kol\u00e1\u010diky, ktor\u00e9 bud\u00fa ako vstupn\u00e9. Na z\u00e1ver sa v\u0161etci stretneme pri spolo\u010dnej sv\u00e4tej om\u0161i o 18:00 aj v kost\u00fdmoch sv\u00e4t\u00fdch. Povzbudzujem rodi\u010dov a deti, aby sa na t\u00fato sl\u00e1vnos\u0165 dobre spolo\u010dne pripravili.<\/p>\n\n\n\n<p>Minulot\u00fd\u017ed\u0148ov\u00e1 zbierka na opravu farsk\u00e9ho kostola a prev\u00e1dzkov\u00e9 n\u00e1klady farnosti vyniesla v Kostolnej 932,50 \u20ac, v Hrubej Bor\u0161i 96 \u20ac a v Hrubom \u0160\u00fare na potreby \u0161\u00farskej kaplnky 169 \u20ac. \u00daprimn\u00e1 v\u010faka za va\u0161u \u0161tedros\u0165. <\/p>\n\n\n\n<p>S \u00factou,<br>Pavol Gajdo\u0161, v\u00e1\u0161 far\u00e1r<\/p>\n\t\t\t\t","protected":false},"excerpt":{"rendered":"<p>Je\u017ei\u0161 n\u00e1m ukazuje na dve mo\u017en\u00e9 \u017eivotn\u00e9 cesty: cesta p\u00fdchy alebo pokory. Bu\u010f budeme chv\u00e1li\u0165 seba alebo Boha. Nezab\u00fadajme, \u017ee Jeho m\u00f4\u017eeme nach\u00e1dza\u0165 aj v \u013eu\u010foch, ktor\u00fdch m\u00f4\u017eeme povzbudzova\u0165 a chv\u00e1li\u0165. Koho chv\u00e1lime my?<\/p>\n","protected":false},"author":7,"featured_media":6690,"comment_status":"closed","ping_status":"closed","sticky":false,"template":"","format":"standard","meta":{"footnotes":""},"categories":[13],"tags":[],"class_list":{"0":"entry","1":"post","2":"publish","3":"author-slado89gmail-com","4":"has-excerpt","5":"has-more-link","6":"post-6689","8":"format-standard","9":"has-post-thumbnail","10":"category-oznamy"},"_links":{"self":[{"href":"https:\/\/www.farakostolna.sk\/index.php?rest_route=\/wp\/v2\/posts\/6689","targetHints":{"allow":["GET"]}}],"collection":[{"href":"https:\/\/www.farakostolna.sk\/index.php?rest_route=\/wp\/v2\/posts"}],"about":[{"href":"https:\/\/www.farakostolna.sk\/index.php?rest_route=\/wp\/v2\/types\/post"}],"author":[{"embeddable":true,"href":"https:\/\/www.farakostolna.sk\/index.php?rest_route=\/wp\/v2\/users\/7"}],"replies":[{"embeddable":true,"href":"https:\/\/www.farakostolna.sk\/index.php?rest_route=%2Fwp%2Fv2%2Fcomments&post=6689"}],"version-history":[{"count":0,"href":"https:\/\/www.farakostolna.sk\/index.php?rest_route=\/wp\/v2\/posts\/6689\/revisions"}],"wp:featuredmedia":[{"embeddable":true,"href":"https:\/\/www.farakostolna.sk\/index.php?rest_route=\/"}],"wp:attachment":[{"href":"https:\/\/www.farakostolna.sk\/index.php?rest_route=%2Fwp%2Fv2%2Fmedia&parent=6689"}],"wp:term":[{"taxonomy":"category","embeddable":true,"href":"https:\/\/www.farakostolna.sk\/index.php?rest_route=%2Fwp%2Fv2%2Fcategories&post=6689"},{"taxonomy":"post_tag","embeddable":true,"href":"https:\/\/www.farakostolna.sk\/index.php?rest_route=%2Fwp%2Fv2%2Ftags&post=6689"}],"curies":[{"name":"wp","href":"https:\/\/api.w.org\/{rel}","templated":true}]}}