{"id":6681,"date":"2022-10-14T16:34:17","date_gmt":"2022-10-14T16:34:17","guid":{"rendered":"http:\/\/kostolna.fara.sk\/?p=6681"},"modified":"2022-10-14T16:34:17","modified_gmt":"2022-10-14T16:34:17","slug":"farske-oznamy-a-zamyslenie-16-10-2022","status":"publish","type":"post","link":"https:\/\/www.farakostolna.sk\/?p=6681","title":{"rendered":"Farsk\u00e9 oznamy a zamyslenie (16.10.2022)"},"content":{"rendered":"\n\t\t\t\t\n\t\t\t\t\n<div class=\"wp-block-image\"><figure class=\"aligncenter is-resized\"><img loading=\"lazy\" decoding=\"async\" src=\"https:\/\/www.farakostolna.sk\/wp-content\/uploads\/2022\/10\/WhatsApp-Image-2022-10-14-at-6.18.17-PM-1-1024x682.jpeg\" alt=\"\" class=\"wp-image-6682\" width=\"636\" height=\"423\"\/><\/figure><\/div>\n\n\n\n<p>Proste a dostanete. Ale aj Boh n\u00e1s o nie\u010do pros\u00ed. O to, aby na\u0161iel na zemi vieru, ke\u010f pr\u00edde. \u010co by na\u0161iel u n\u00e1s dnes? Rozdelenie? Strach? Vla\u017enos\u0165? Nadradenos\u0165? Alebo \u017eiv\u00e9 odv\u00e1\u017ene sl\u00fa\u017eiace spolo\u010denstvo?<\/p>\n\n\n<p><!--more--><\/p>\n\n\n<p><strong>Sv\u00e4t\u00e9 om\u0161e u n\u00e1s:<\/strong><\/p>\n\n\n\n<p><strong>sobota \u2013 15. okt\u00f3bra (s nede\u013enou platnos\u0165ou)<\/strong><\/p>\n\n\n\n<ul class=\"wp-block-list\"><li><strong>17:00 \u2013 Hrub\u00e1 Bor\u0161a \u2013 (slov.\/ma\u010f.)<\/strong><\/li><li><strong>18:00 \u2013 Kostoln\u00e1 \u2013 (slov.)<\/strong><\/li><\/ul>\n\n\n\n<p><strong>nede\u013ea \u2013 16. okt\u00f3bra<\/strong><\/p>\n\n\n\n<ul class=\"wp-block-list\"><li><strong>8:00 \u2013 Hrub\u00fd \u0160\u00far \u2013 (ma\u010f.)<\/strong><\/li><li><strong>9:30 \u2013 Kostoln\u00e1 \u2013 (ma\u010f.)<\/strong><\/li><li><strong>11:00 \u2013 Kostoln\u00e1 \u2013 (slov.)<\/strong><\/li><\/ul>\n\n\n\n<p>Tento v\u00edkend je v na\u0161ej farnosti pravideln\u00e1 mesa\u010dn\u00e1 zbierka na opravu farsk\u00e9ho kostola a prev\u00e1dzkov\u00e9 n\u00e1klady farnosti. Vopred \u010fakujem. <\/p>\n\n\n\n<p><strong>V utorok (18.10.) sa aj na\u0161a farnos\u0165 zapoj\u00ed do akcie &#8220;Mili\u00f3n det\u00ed sa modl\u00ed ru\u017eenec&#8221;. Poz\u00fdvame v\u0161etky deti spolu s rodi\u010dmi o 18:00 do farsk\u00e9ho kostola, kde sa spolo\u010dne (dvojjazy\u010dne) pomodl\u00edme sv\u00e4t\u00fd ru\u017eenec za pokoj vo svete. <\/strong><\/p>\n\n\n\n<p>V piatok bude pribli\u017ene od 18:45 v Kostolnej vo farskom kostole Modlitba chv\u00e1l. Tie\u017e ste srde\u010dne v\u0161etci pozvan\u00ed. <\/p>\n\n\n\n<p>O t\u00fd\u017ede\u0148 m\u00e1me Misijn\u00fa nede\u013eu, v r\u00e1mci ktorej bude aj zbierka na misie<\/p>\n\n\n\n<p>Do piatku som odcestovan\u00fd, v pr\u00edpade potreby (zaopatrovanie, pohreb\u2026) kontaktujte, pros\u00edm, p\u00e1na far\u00e1ra z Ve\u013ek\u00e9ho Bielu, vdp. Gabriela Klenka &#8211; 0911811328.<\/p>\n\n\n\n<p>S \u00factou,<br>Pavol Gajdo\u0161, v\u00e1\u0161 far\u00e1r<\/p>\n\t\t\t\t","protected":false},"excerpt":{"rendered":"<p>Proste a dostanete. Ale aj Boh n\u00e1s o nie\u010do pros\u00ed. O to, aby na\u0161iel na zemi vieru, ke\u010f pr\u00edde. \u010co by na\u0161iel u n\u00e1s dnes? Rozdelenie? Strach? Vla\u017enos\u0165? Nadradenos\u0165? Alebo \u017eiv\u00e9 odv\u00e1\u017ene sl\u00fa\u017eiace spolo\u010denstvo?<\/p>\n","protected":false},"author":7,"featured_media":6682,"comment_status":"closed","ping_status":"closed","sticky":false,"template":"","format":"standard","meta":{"footnotes":""},"categories":[13],"tags":[],"class_list":{"0":"entry","1":"post","2":"publish","3":"author-slado89gmail-com","4":"has-excerpt","5":"has-more-link","6":"post-6681","8":"format-standard","9":"has-post-thumbnail","10":"category-oznamy"},"_links":{"self":[{"href":"https:\/\/www.farakostolna.sk\/index.php?rest_route=\/wp\/v2\/posts\/6681","targetHints":{"allow":["GET"]}}],"collection":[{"href":"https:\/\/www.farakostolna.sk\/index.php?rest_route=\/wp\/v2\/posts"}],"about":[{"href":"https:\/\/www.farakostolna.sk\/index.php?rest_route=\/wp\/v2\/types\/post"}],"author":[{"embeddable":true,"href":"https:\/\/www.farakostolna.sk\/index.php?rest_route=\/wp\/v2\/users\/7"}],"replies":[{"embeddable":true,"href":"https:\/\/www.farakostolna.sk\/index.php?rest_route=%2Fwp%2Fv2%2Fcomments&post=6681"}],"version-history":[{"count":0,"href":"https:\/\/www.farakostolna.sk\/index.php?rest_route=\/wp\/v2\/posts\/6681\/revisions"}],"wp:featuredmedia":[{"embeddable":true,"href":"https:\/\/www.farakostolna.sk\/index.php?rest_route=\/"}],"wp:attachment":[{"href":"https:\/\/www.farakostolna.sk\/index.php?rest_route=%2Fwp%2Fv2%2Fmedia&parent=6681"}],"wp:term":[{"taxonomy":"category","embeddable":true,"href":"https:\/\/www.farakostolna.sk\/index.php?rest_route=%2Fwp%2Fv2%2Fcategories&post=6681"},{"taxonomy":"post_tag","embeddable":true,"href":"https:\/\/www.farakostolna.sk\/index.php?rest_route=%2Fwp%2Fv2%2Ftags&post=6681"}],"curies":[{"name":"wp","href":"https:\/\/api.w.org\/{rel}","templated":true}]}}