{"id":6674,"date":"2022-10-08T05:42:29","date_gmt":"2022-10-08T05:42:29","guid":{"rendered":"http:\/\/kostolna.fara.sk\/?p=6674"},"modified":"2022-10-08T05:42:29","modified_gmt":"2022-10-08T05:42:29","slug":"farske-oznamy-a-zamyslenie-09-10-2022","status":"publish","type":"post","link":"https:\/\/www.farakostolna.sk\/?p=6674","title":{"rendered":"Farsk\u00e9 oznamy a zamyslenie (09.10.2022)"},"content":{"rendered":"\n\t\t\t\t\n\t\t\t\t\n<div class=\"wp-block-image\"><figure class=\"aligncenter\"><img decoding=\"async\" src=\"https:\/\/www.farakostolna.sk\/wp-content\/uploads\/2022\/10\/WhatsApp-Image-2022-10-07-at-10.42.29-PM-1-1.jpeg\" alt=\"\" class=\"wp-image-6675\"\/><\/figure><\/div>\n\n\n\n<p>\u010co z n\u00e1s mus\u00ed e\u0161te odpadn\u00fa\u0165, aby sme priznali pred Bohom, \u017ee sme malomocn\u00ed? Pred N\u00edm sa neskryjeme. On na n\u00e1s presne vid\u00ed to, \u010do potrebujeme uzdravi\u0165. Vol\u00e1me na Neho alebo svoje rany skr\u00fdvame, podobne, ako to robia mnoh\u00ed malomocn\u00ed v rannom \u0161t\u00e1diu?<\/p>\n\n\n<p><!--more--><\/p>\n\n\n<p><strong>Sv\u00e4t\u00e9 om\u0161e u n\u00e1s:<\/strong><\/p>\n\n\n\n<p><strong>sobota \u2013 8. okt\u00f3bra (s nede\u013enou platnos\u0165ou)<\/strong><\/p>\n\n\n\n<ul class=\"wp-block-list\"><li><strong>17:00 \u2013 Hrub\u00e1 Bor\u0161a \u2013 (slov.\/ma\u010f.)<\/strong><\/li><li><strong>18:00 \u2013 Kostoln\u00e1 \u2013 (slov.)<\/strong><\/li><\/ul>\n\n\n\n<p><strong>nede\u013ea \u2013 9. okt\u00f3bra<\/strong><\/p>\n\n\n\n<ul class=\"wp-block-list\"><li><strong>8:00 \u2013 Hrub\u00fd \u0160\u00far \u2013 (ma\u010f.)<\/strong><\/li><li><strong>9:30 \u2013 Kostoln\u00e1 \u2013 (ma\u010f.)<\/strong><\/li><li><strong>11:00 \u2013 Kostoln\u00e1 \u2013 (slov.)<\/strong><\/li><\/ul>\n\n\n\n<p>Najbli\u017e\u0161ie dni budem odcestovan\u00fd, v pr\u00edpade potreby (zaopatrovanie, pohreb\u2026) kontaktujte, pros\u00edm, p\u00e1na far\u00e1ra z Ve\u013ek\u00e9ho Bielu, vdp. Gabriela Klenka &#8211; 0911811328. Na bud\u00faci v\u00edkend bude v na\u0161ej farnosti pravideln\u00e1 mesa\u010dn\u00e1 zbierka na opravu farsk\u00e9ho kostola a prev\u00e1dzkov\u00e9 n\u00e1klady farnosti. Vopred \u010fakujem. <\/p>\n\n\n\n<p>S \u00factou,<br>Pavol Gajdo\u0161, v\u00e1\u0161 far\u00e1r<\/p>\n\t\t\t\t","protected":false},"excerpt":{"rendered":"<p>\u010co z n\u00e1s mus\u00ed e\u0161te odpadn\u00fa\u0165, aby sme priznali pred Bohom, \u017ee sme malomocn\u00ed? Pred N\u00edm sa neskryjeme. On na n\u00e1s presne vid\u00ed to, \u010do potrebujeme uzdravi\u0165. Vol\u00e1me na Neho alebo svoje rany skr\u00fdvame, podobne, ako to robia mnoh\u00ed malomocn\u00ed v rannom \u0161t\u00e1diu?<\/p>\n","protected":false},"author":7,"featured_media":6675,"comment_status":"closed","ping_status":"closed","sticky":false,"template":"","format":"standard","meta":{"footnotes":""},"categories":[13],"tags":[],"class_list":{"0":"entry","1":"post","2":"publish","3":"author-slado89gmail-com","4":"has-excerpt","5":"has-more-link","6":"post-6674","8":"format-standard","9":"has-post-thumbnail","10":"category-oznamy"},"_links":{"self":[{"href":"https:\/\/www.farakostolna.sk\/index.php?rest_route=\/wp\/v2\/posts\/6674","targetHints":{"allow":["GET"]}}],"collection":[{"href":"https:\/\/www.farakostolna.sk\/index.php?rest_route=\/wp\/v2\/posts"}],"about":[{"href":"https:\/\/www.farakostolna.sk\/index.php?rest_route=\/wp\/v2\/types\/post"}],"author":[{"embeddable":true,"href":"https:\/\/www.farakostolna.sk\/index.php?rest_route=\/wp\/v2\/users\/7"}],"replies":[{"embeddable":true,"href":"https:\/\/www.farakostolna.sk\/index.php?rest_route=%2Fwp%2Fv2%2Fcomments&post=6674"}],"version-history":[{"count":0,"href":"https:\/\/www.farakostolna.sk\/index.php?rest_route=\/wp\/v2\/posts\/6674\/revisions"}],"wp:featuredmedia":[{"embeddable":true,"href":"https:\/\/www.farakostolna.sk\/index.php?rest_route=\/"}],"wp:attachment":[{"href":"https:\/\/www.farakostolna.sk\/index.php?rest_route=%2Fwp%2Fv2%2Fmedia&parent=6674"}],"wp:term":[{"taxonomy":"category","embeddable":true,"href":"https:\/\/www.farakostolna.sk\/index.php?rest_route=%2Fwp%2Fv2%2Fcategories&post=6674"},{"taxonomy":"post_tag","embeddable":true,"href":"https:\/\/www.farakostolna.sk\/index.php?rest_route=%2Fwp%2Fv2%2Ftags&post=6674"}],"curies":[{"name":"wp","href":"https:\/\/api.w.org\/{rel}","templated":true}]}}