{"id":6667,"date":"2022-09-30T21:25:38","date_gmt":"2022-09-30T21:25:38","guid":{"rendered":"http:\/\/kostolna.fara.sk\/?p=6667"},"modified":"2022-09-30T21:25:38","modified_gmt":"2022-09-30T21:25:38","slug":"farske-oznamy-a-zamyslenie-02-10-2022","status":"publish","type":"post","link":"https:\/\/www.farakostolna.sk\/?p=6667","title":{"rendered":"Farsk\u00e9 oznamy a zamyslenie (02.10.2022)"},"content":{"rendered":"\n\t\t\t\t\n\t\t\t\t\n<div class=\"wp-block-image\"><figure class=\"aligncenter\"><img decoding=\"async\" src=\"https:\/\/www.farakostolna.sk\/wp-content\/uploads\/2022\/09\/WhatsApp-Image-2022-09-30-at-11.21.01-PM-1-1.jpeg\" alt=\"\" class=\"wp-image-6668\"\/><\/figure><\/div>\n\n\n\n<p>Ak\u00e1 ve\u013ek\u00e1 je na\u0161a viera? Tak, ako je ve\u013ek\u00e1 na\u0161a l\u00e1ska. Nie v\u0161ak iba k t\u00fdm, ktor\u00ed n\u00e1m &#8220;mastia bruch\u00e1&#8221;. Apo\u0161toli si pre seba p\u00fdtali to najd\u00f4le\u017eitej\u0161ie &#8211; v\u00e4\u010d\u0161iu vieru, aby mali aj v\u00e4\u010d\u0161iu l\u00e1sku. \u010co si my p\u00fdtame od Boha?<\/p>\n\n\n<p><!--more--><\/p>\n\n\n<p><strong>Sv\u00e4t\u00e9 om\u0161e u n\u00e1s:<\/strong><\/p>\n\n\n\n<p><strong>sobota \u2013 1. okt\u00f3bra (s nede\u013enou platnos\u0165ou)<\/strong><\/p>\n\n\n\n<ul class=\"wp-block-list\"><li><strong>17:00 \u2013 Hrub\u00e1 Bor\u0161a \u2013 (slov.\/ma\u010f.)<\/strong><\/li><li><strong>18:00 \u2013 Kostoln\u00e1 \u2013 (slov.)<\/strong><\/li><\/ul>\n\n\n\n<p><strong>nede\u013ea \u2013 2. okt\u00f3bra<\/strong><\/p>\n\n\n\n<ul class=\"wp-block-list\"><li><strong>8:00 \u2013 Hrub\u00fd \u0160\u00far \u2013 (ma\u010f.)<\/strong><\/li><li><strong>9:30 \u2013 Kostoln\u00e1 \u2013 (ma\u010f.)<\/strong><\/li><li><strong>11:00 \u2013 Kostoln\u00e1 \u2013 (slov.)<\/strong><\/li><\/ul>\n\n\n\n<p><strong>Teraz v sobotu (1.10.) od 14:00 do 16:00 m\u00e1me v Kostolnej vo farskom kostole Gospelov\u00e9 chv\u00e1ly. V nede\u013eu (2.10.) m\u00e1me v Kostolnej farsk\u00e9 hody. Sl\u00e1vnostn\u00fdm kazate\u013eom bude don J\u00e1n \u010capla, SDB. Po sv\u00e4t\u00fdch om\u0161iach o 9:30 a 11:00 v\u00e1s u\u017e tradi\u010dne poz\u00fdvam v\u0161etk\u00fdch na chutn\u00fd grinavsky bur\u010diak, deti a \u0161of\u00e9rov na sladk\u00fd mu\u0161t. <\/strong>Po sv\u00e4t\u00fdch om\u0161iach v Kostolnej bude hodov\u00e1 ofera, za ktor\u00fa vopred \u010fakujem. U\u017e vopred \u010fakujem v\u0161etk\u00fdm za ak\u00fako\u013evek pomoc pri pr\u00edprave d\u00f4stojnej oslavy t\u00fdchto dn\u00ed.<\/p>\n\n\n\n<p>V tento t\u00fd\u017ede\u0148 budem spoveda\u0165 op\u00e4\u0165 v utorok, stredu, \u0161tvrtok a piatok od 16:00 do 17:00 v&nbsp;Kostolnej pod pr\u00edstre\u0161kom. V tom istom \u010dase bude v kostole ador\u00e1cia. <\/p>\n\n\n\n<p>V stredu bude o 18:00 sv\u00e4t\u00e1 om\u0161a so zrete\u013eom pre deti v slovenskom jazyku.<\/p>\n\n\n\n<p>O t\u00fd\u017ede\u0148 v sobotu (8.10.) ideme autobusom na p\u00fa\u0165 do Marianky. Tentoraz poz\u00fdvam osobitne ma\u010farsky hovoriacich veriacich, ke\u010f\u017ee tam bude sl\u00e1vnostn\u00e1 sv\u00e4t\u00e1 om\u0161a v ma\u010farskom jazyku. Autobus p\u00f4jde z Hrubej Bor\u0161e od zast\u00e1vky 7:40, v Kostolnej 7:45, v Malom \u0160\u00fare 7:48 a 7:50 v Hrubom \u0160\u00fare pri kaplnke. Sta\u010d\u00ed \u00eds\u0165. Cena 5 \u20ac, plat\u00ed sa v autobuse. Deti a ml\u00e1de\u017e zadarmo. <br><\/p>\n\n\n\n<p>V posledn\u00fdch d\u0148och ste si mohli n\u00e1js\u0165 vo svojich po\u0161tov\u00fdch schr\u00e1nkach nov\u00e9 \u010d\u00edslo Farsk\u00fdch nov\u00edn &#8220;Mi \u00dajs\u00e1g &#8211; \u010co je nov\u00e9ho&#8221;. \u010eakujem v\u0161etk\u00fdm, ktor\u00ed pomohli pri jeho tvorbe a roznosen\u00ed. Ktor\u00ed by ste chceli finan\u010dne pokry\u0165 n\u00e1klady spojen\u00e9 s tla\u010dou, m\u00f4\u017eete tak urobi\u0165 vhoden\u00edm milodaru do pokladni\u010dky ur\u010denej na noviny. Takisto, kto si chcete e\u0161te vzia\u0165 z nov\u00edn, n\u00e1jdete ich vzadu pri v\u00fdchode z kostola.<\/p>\n\n\n\n<p>S \u00factou,<br>Pavol Gajdo\u0161, v\u00e1\u0161 far\u00e1r<\/p>\n\t\t\t\t","protected":false},"excerpt":{"rendered":"<p>Ak\u00e1 ve\u013ek\u00e1 je na\u0161a viera? Tak, ako je ve\u013ek\u00e1 na\u0161a l\u00e1ska. Nie v\u0161ak iba k t\u00fdm, ktor\u00ed n\u00e1m &#8220;mastia bruch\u00e1&#8221;. Apo\u0161toli si pre seba p\u00fdtali to najd\u00f4le\u017eitej\u0161ie &#8211; v\u00e4\u010d\u0161iu vieru, aby mali aj v\u00e4\u010d\u0161iu l\u00e1sku. \u010co si my p\u00fdtame od Boha?<\/p>\n","protected":false},"author":7,"featured_media":6668,"comment_status":"closed","ping_status":"closed","sticky":false,"template":"","format":"standard","meta":{"footnotes":""},"categories":[13],"tags":[],"class_list":{"0":"entry","1":"post","2":"publish","3":"author-slado89gmail-com","4":"has-excerpt","5":"has-more-link","6":"post-6667","8":"format-standard","9":"has-post-thumbnail","10":"category-oznamy"},"_links":{"self":[{"href":"https:\/\/www.farakostolna.sk\/index.php?rest_route=\/wp\/v2\/posts\/6667","targetHints":{"allow":["GET"]}}],"collection":[{"href":"https:\/\/www.farakostolna.sk\/index.php?rest_route=\/wp\/v2\/posts"}],"about":[{"href":"https:\/\/www.farakostolna.sk\/index.php?rest_route=\/wp\/v2\/types\/post"}],"author":[{"embeddable":true,"href":"https:\/\/www.farakostolna.sk\/index.php?rest_route=\/wp\/v2\/users\/7"}],"replies":[{"embeddable":true,"href":"https:\/\/www.farakostolna.sk\/index.php?rest_route=%2Fwp%2Fv2%2Fcomments&post=6667"}],"version-history":[{"count":0,"href":"https:\/\/www.farakostolna.sk\/index.php?rest_route=\/wp\/v2\/posts\/6667\/revisions"}],"wp:featuredmedia":[{"embeddable":true,"href":"https:\/\/www.farakostolna.sk\/index.php?rest_route=\/"}],"wp:attachment":[{"href":"https:\/\/www.farakostolna.sk\/index.php?rest_route=%2Fwp%2Fv2%2Fmedia&parent=6667"}],"wp:term":[{"taxonomy":"category","embeddable":true,"href":"https:\/\/www.farakostolna.sk\/index.php?rest_route=%2Fwp%2Fv2%2Fcategories&post=6667"},{"taxonomy":"post_tag","embeddable":true,"href":"https:\/\/www.farakostolna.sk\/index.php?rest_route=%2Fwp%2Fv2%2Ftags&post=6667"}],"curies":[{"name":"wp","href":"https:\/\/api.w.org\/{rel}","templated":true}]}}