{"id":6653,"date":"2022-09-23T21:21:57","date_gmt":"2022-09-23T21:21:57","guid":{"rendered":"http:\/\/kostolna.fara.sk\/?p=6653"},"modified":"2022-09-23T21:21:57","modified_gmt":"2022-09-23T21:21:57","slug":"farske-oznamy-a-zamyslenie-25-09-2022","status":"publish","type":"post","link":"https:\/\/www.farakostolna.sk\/?p=6653","title":{"rendered":"Farsk\u00e9 oznamy a zamyslenie (25.09.2022)"},"content":{"rendered":"\n\t\t\t\t\n\t\t\t\t\n<figure class=\"wp-block-image\"><img decoding=\"async\" src=\"https:\/\/www.farakostolna.sk\/wp-content\/uploads\/2022\/09\/WhatsApp-Image-2022-09-23-at-10.57.23-PM-1-1.jpeg\" alt=\"\" class=\"wp-image-6654\"\/><\/figure>\n\n\n\n<p>Dnes, ako nikdy predt\u00fdm, \u017eijeme v predstave, \u017ee \u010doko\u013evek m\u00f4\u017eeme vr\u00e1ti\u0165 sp\u00e4\u0165 &#8211; krok na po\u010d\u00edta\u010di, tovar v predajni, dokonca man\u017eelsk\u00e9ho partnera,\u2026 boh\u00e1\u010d z podobenstva sa o to tie\u017e pok\u00fa\u0161al. (Lk 16, 19-31) \u017divot a jeho (ne)naplnenie v\u0161ak u\u017e nevr\u00e1time.<\/p>\n\n\n<p><!--more--><\/p>\n\n\n<p><strong>Sv\u00e4t\u00e9 om\u0161e u n\u00e1s:<\/strong><\/p>\n\n\n\n<p><strong>sobota \u2013 24. septembra (s nede\u013enou platnos\u0165ou)<\/strong><\/p>\n\n\n\n<ul class=\"wp-block-list\"><li><strong>17:00 \u2013 Hrub\u00e1 Bor\u0161a \u2013 (slov.\/ma\u010f.)<\/strong><\/li><li><strong>18:00 \u2013 Kostoln\u00e1 \u2013 (slov.)<\/strong><\/li><\/ul>\n\n\n\n<p><strong>nede\u013ea \u2013 25. septembra<\/strong><\/p>\n\n\n\n<ul class=\"wp-block-list\"><li><strong>8:00 \u2013 Hrub\u00fd \u0160\u00far \u2013 (ma\u010f.)<\/strong><\/li><li><strong>9:30 \u2013 Kostoln\u00e1 \u2013 (ma\u010f.)<\/strong><\/li><li><strong>11:00 \u2013 Kostoln\u00e1 \u2013 (slov.)<\/strong><\/li><\/ul>\n\n\n\n<p>V tento t\u00fd\u017ede\u0148 budem spoveda\u0165 v utorok, stredu, \u0161tvrtok a piatok od 16:00 do 17:00 v&nbsp;Kostolnej pod pr\u00edstre\u0161kom. V tom istom \u010dase bude v kostole ador\u00e1cia. <\/p>\n\n\n\n<p>V stredu bude o 18:00 sv\u00e4t\u00e1 om\u0161a so zrete\u013eom pre deti v ma\u010farskom jazyku.<\/p>\n\n\n\n<p>Modlitbov\u00e9 trojdnie spolo\u010denstva Modlitby matiek, bude e\u0161te v t\u00fato nede\u013eu o 15:00 vo farskom kostole v Kostolnej.<\/p>\n\n\n\n<p>Deti (najmenej 3. ro\u010dn\u00edk Z\u0160), ktor\u00e9 sa chc\u00fa prihl\u00e1si\u0165 v na\u0161ej farnosti na pr\u00edpravu k prv\u00e9mu sv\u00e4t\u00e9mu prij\u00edmaniu, n\u00e1jdu prihl\u00e1\u0161ku na stiahnutie k vytla\u010deniu na na\u0161ej webovej str\u00e1nke <a href=\"https:\/\/www.farakostolna.sk\/wp-content\/uploads\/2022\/09\/PRIHLASKA-PRVE-SV-PRIJIMANIE-1.docx\">www.fara.kostolna.sk<\/a>. Vyplnen\u00fa prihl\u00e1\u0161ku treba odovzda\u0165 do konca septembra v sakristii kostola, alebo do po\u0161tovej schr\u00e1nky.<\/p>\n\n\n\n<p><strong>O t\u00fd\u017ede\u0148 m\u00e1me v Kostolnej farsk\u00e9 hody. Sl\u00e1vnostn\u00fdm kazate\u013eom bude don J\u00e1n \u010capla, SDB. Po sv\u00e4t\u00fdch om\u0161iach o 9:30 a 11:00 v\u00e1s u\u017e tradi\u010dne poz\u00fdvam v\u0161etk\u00fdch na chutn\u00fd grinavsky bur\u010diak, deti a \u0161of\u00e9rov na sladk\u00fd mu\u0161t. <\/strong><\/p>\n\n\n\n<p>S \u00factou,<br>Pavol Gajdo\u0161, v\u00e1\u0161 far\u00e1r<\/p>\n\t\t\t\t","protected":false},"excerpt":{"rendered":"<p>Dnes, ako nikdy predt\u00fdm, \u017eijeme v predstave, \u017ee \u010doko\u013evek m\u00f4\u017eeme vr\u00e1ti\u0165 sp\u00e4\u0165 &#8211; krok na po\u010d\u00edta\u010di, tovar v predajni, dokonca man\u017eelsk\u00e9ho partnera,\u2026 boh\u00e1\u010d z podobenstva sa o to tie\u017e pok\u00fa\u0161al. (Lk 16, 19-31) \u017divot a jeho (ne)naplnenie v\u0161ak u\u017e nevr\u00e1time.<\/p>\n","protected":false},"author":7,"featured_media":6654,"comment_status":"closed","ping_status":"closed","sticky":false,"template":"","format":"standard","meta":{"footnotes":""},"categories":[13],"tags":[],"class_list":{"0":"entry","1":"post","2":"publish","3":"author-slado89gmail-com","4":"has-excerpt","5":"has-more-link","6":"post-6653","8":"format-standard","9":"has-post-thumbnail","10":"category-oznamy"},"_links":{"self":[{"href":"https:\/\/www.farakostolna.sk\/index.php?rest_route=\/wp\/v2\/posts\/6653","targetHints":{"allow":["GET"]}}],"collection":[{"href":"https:\/\/www.farakostolna.sk\/index.php?rest_route=\/wp\/v2\/posts"}],"about":[{"href":"https:\/\/www.farakostolna.sk\/index.php?rest_route=\/wp\/v2\/types\/post"}],"author":[{"embeddable":true,"href":"https:\/\/www.farakostolna.sk\/index.php?rest_route=\/wp\/v2\/users\/7"}],"replies":[{"embeddable":true,"href":"https:\/\/www.farakostolna.sk\/index.php?rest_route=%2Fwp%2Fv2%2Fcomments&post=6653"}],"version-history":[{"count":0,"href":"https:\/\/www.farakostolna.sk\/index.php?rest_route=\/wp\/v2\/posts\/6653\/revisions"}],"wp:featuredmedia":[{"embeddable":true,"href":"https:\/\/www.farakostolna.sk\/index.php?rest_route=\/"}],"wp:attachment":[{"href":"https:\/\/www.farakostolna.sk\/index.php?rest_route=%2Fwp%2Fv2%2Fmedia&parent=6653"}],"wp:term":[{"taxonomy":"category","embeddable":true,"href":"https:\/\/www.farakostolna.sk\/index.php?rest_route=%2Fwp%2Fv2%2Fcategories&post=6653"},{"taxonomy":"post_tag","embeddable":true,"href":"https:\/\/www.farakostolna.sk\/index.php?rest_route=%2Fwp%2Fv2%2Ftags&post=6653"}],"curies":[{"name":"wp","href":"https:\/\/api.w.org\/{rel}","templated":true}]}}