{"id":6647,"date":"2022-09-16T19:24:00","date_gmt":"2022-09-16T19:24:00","guid":{"rendered":"http:\/\/kostolna.fara.sk\/?p=6647"},"modified":"2022-09-16T19:24:00","modified_gmt":"2022-09-16T19:24:00","slug":"farske-oznamy-a-zamyslenie-18-09-2022","status":"publish","type":"post","link":"https:\/\/www.farakostolna.sk\/?p=6647","title":{"rendered":"Farsk\u00e9 oznamy a zamyslenie (18.09.2022)"},"content":{"rendered":"\n\t\t\t\t\n\t\t\t\t\n<div class=\"wp-block-image\"><figure class=\"aligncenter is-resized\"><img loading=\"lazy\" decoding=\"async\" src=\"https:\/\/www.farakostolna.sk\/wp-content\/uploads\/2022\/09\/WhatsApp-Image-2022-09-16-at-9.15.12-PM-1-1024x1024.jpeg\" alt=\"\" class=\"wp-image-6648\" width=\"407\" height=\"407\"\/><\/figure><\/div>\n\n\n\n<p>A kde je Boh, ke\u010f m\u00e1me to\u013eko chudobn\u00fdch a biednych? A Boh sa mo\u017eno p\u00fdta: &#8220;Kde je Adam?&#8221; Ve\u010f \u010dloveku zveril vl\u00e1du na Zemi. Bude \u017eiada\u0165 odpo\u010det, a nie hocak\u00fd &#8211; On toti\u017e vid\u00ed do na\u0161ich s\u0155dc. Pam\u00e4t\u00e1me na to? <\/p>\n\n\n<p><!--more--><\/p>\n\n\n<p><strong>Sv\u00e4t\u00e9 om\u0161e u n\u00e1s:<\/strong><\/p>\n\n\n\n<p><strong>sobota \u2013 17. septembra (s nede\u013enou platnos\u0165ou)<\/strong><\/p>\n\n\n\n<ul class=\"wp-block-list\"><li><strong>17:00 \u2013 Hrub\u00e1 Bor\u0161a \u2013 (slov.\/ma\u010f.)<\/strong><\/li><li><strong>18:00 \u2013 Kostoln\u00e1 \u2013 (slov.)<\/strong><\/li><\/ul>\n\n\n\n<p><strong>nede\u013ea \u2013 18. septembra<\/strong><\/p>\n\n\n\n<ul class=\"wp-block-list\"><li><strong>8:00 \u2013 Hrub\u00fd \u0160\u00far \u2013 (ma\u010f.)<\/strong><\/li><li><strong>9:30 \u2013 Kostoln\u00e1 \u2013 (ma\u010f.)<\/strong><\/li><li><strong>11:00 \u2013 Kostoln\u00e1 \u2013 (slov.)<\/strong><\/li><\/ul>\n\n\n\n<p><strong>Teraz v t\u00fato sobotu 17.9. pr\u00edde na ve\u010dern\u00e9 sv\u00e4t\u00e9 om\u0161e (17:00 a 18:00) vz\u00e1cny hos\u0165 Fr. Jean Ikanga, SVD (verbista, k\u0148az a lek\u00e1r-chirurg) z Konga [Kon\u017esk\u00e1 Demokratick\u00e1 Republika], b\u00fdval\u00fd Zair(e). Pred troma rokmi sa aj na\u0161a farnos\u0165 malou \u010diastkou pri\u010dinila o dostavanie a otvorenie novej kliniky v jeho domovine.<\/strong><\/p>\n\n\n\n<p>V tento t\u00fd\u017ede\u0148 budem spoveda\u0165 v utorok, stredu, \u0161tvrtok a piatok od 16:00 do 17:00 v&nbsp;Kostolnej pod pr\u00edstre\u0161kom. V tom istom \u010dase bude v kostole ador\u00e1cia. <\/p>\n\n\n\n<p>V stredu bude o 18:00 sv\u00e4t\u00e1 om\u0161a so zrete\u013eom pre deti v slovenskom jazyku.<\/p>\n\n\n\n<p>Modlitbov\u00e9 trojdnie spolo\u010denstva Modlitby matiek, bude v piatok o 10:00 v Hrubom \u0160\u00fare, v sobotu o 10:00 v Hrubej Bor\u0161i a v nede\u013eu o 15:00 vo farskom kostole v Kostolnej.<\/p>\n\n\n\n<p>Deti (najmenej 3. ro\u010dn\u00edk Z\u0160), ktor\u00e9 sa chc\u00fa prihl\u00e1si\u0165 v na\u0161ej farnosti na pr\u00edpravu k prv\u00e9mu sv\u00e4t\u00e9mu prij\u00edmaniu, n\u00e1jdu prihl\u00e1\u0161ku na stiahnutie k vytla\u010deniu na na\u0161ej webovej str\u00e1nke\u00a0<a href=\"https:\/\/www.farakostolna.sk\/wp-content\/uploads\/2022\/09\/PRIHLASKA-PRVE-SV-PRIJIMANIE-1.docx\">www.fara.kostolna.sk<\/a>. Vyplnen\u00fa prihl\u00e1\u0161ku treba odovzda\u0165 do konca septembra v sakristii kostola, alebo do po\u0161tovej schr\u00e1nky.<\/p>\n\n\n\n<p>Tento v\u00edkend je pravideln\u00e1 mesa\u010dn\u00e1 zbierka na opravu farsk\u00e9ho kostola a prev\u00e1dzkov\u00e9 n\u00e1klady farnosti. Vopred \u010fakujem.<\/p>\n\n\n\n<p>S \u00factou,<br>Pavol Gajdo\u0161, v\u00e1\u0161 far\u00e1r<\/p>\n\t\t\t\t","protected":false},"excerpt":{"rendered":"<p>A kde je Boh, ke\u010f m\u00e1me to\u013eko chudobn\u00fdch a biednych? A Boh sa mo\u017eno p\u00fdta: &#8220;Kde je Adam?&#8221; Ve\u010f \u010dloveku zveril vl\u00e1du na Zemi. Bude \u017eiada\u0165 odpo\u010det, a nie hocak\u00fd &#8211; On toti\u017e vid\u00ed do na\u0161ich s\u0155dc. Pam\u00e4t\u00e1me na to?<\/p>\n","protected":false},"author":7,"featured_media":6648,"comment_status":"closed","ping_status":"closed","sticky":false,"template":"","format":"standard","meta":{"footnotes":""},"categories":[13],"tags":[],"class_list":{"0":"entry","1":"post","2":"publish","3":"author-slado89gmail-com","4":"has-excerpt","5":"has-more-link","6":"post-6647","8":"format-standard","9":"has-post-thumbnail","10":"category-oznamy"},"_links":{"self":[{"href":"https:\/\/www.farakostolna.sk\/index.php?rest_route=\/wp\/v2\/posts\/6647","targetHints":{"allow":["GET"]}}],"collection":[{"href":"https:\/\/www.farakostolna.sk\/index.php?rest_route=\/wp\/v2\/posts"}],"about":[{"href":"https:\/\/www.farakostolna.sk\/index.php?rest_route=\/wp\/v2\/types\/post"}],"author":[{"embeddable":true,"href":"https:\/\/www.farakostolna.sk\/index.php?rest_route=\/wp\/v2\/users\/7"}],"replies":[{"embeddable":true,"href":"https:\/\/www.farakostolna.sk\/index.php?rest_route=%2Fwp%2Fv2%2Fcomments&post=6647"}],"version-history":[{"count":0,"href":"https:\/\/www.farakostolna.sk\/index.php?rest_route=\/wp\/v2\/posts\/6647\/revisions"}],"wp:featuredmedia":[{"embeddable":true,"href":"https:\/\/www.farakostolna.sk\/index.php?rest_route=\/"}],"wp:attachment":[{"href":"https:\/\/www.farakostolna.sk\/index.php?rest_route=%2Fwp%2Fv2%2Fmedia&parent=6647"}],"wp:term":[{"taxonomy":"category","embeddable":true,"href":"https:\/\/www.farakostolna.sk\/index.php?rest_route=%2Fwp%2Fv2%2Fcategories&post=6647"},{"taxonomy":"post_tag","embeddable":true,"href":"https:\/\/www.farakostolna.sk\/index.php?rest_route=%2Fwp%2Fv2%2Ftags&post=6647"}],"curies":[{"name":"wp","href":"https:\/\/api.w.org\/{rel}","templated":true}]}}