{"id":6631,"date":"2022-09-09T20:49:57","date_gmt":"2022-09-09T20:49:57","guid":{"rendered":"http:\/\/kostolna.fara.sk\/?p=6631"},"modified":"2022-09-09T20:49:57","modified_gmt":"2022-09-09T20:49:57","slug":"farske-oznamy-a-zamyslenie-11-09-2022","status":"publish","type":"post","link":"https:\/\/www.farakostolna.sk\/?p=6631","title":{"rendered":"Farsk\u00e9 oznamy a zamyslenie (11.09.2022)"},"content":{"rendered":"\n\t\t\t\t\n\t\t\t\t\n<div class=\"wp-block-image\"><figure class=\"aligncenter is-resized\"><img loading=\"lazy\" decoding=\"async\" src=\"https:\/\/www.farakostolna.sk\/wp-content\/uploads\/2022\/09\/WhatsApp-Image-2022-09-09-at-10.07.50-PM-1-1.jpeg\" alt=\"\" class=\"wp-image-6632\" width=\"491\" height=\"370\"\/><\/figure><\/div>\n\n\n\n<p>Ur\u010dite z \u010dl\u00e1nkov o zdravej v\u00fd\u017eive pozn\u00e1te heslo: &#8220;Ste t\u00fdm, \u010do jete.&#8221; V duchovnej oblasti plat\u00ed \u00faplne to ist\u00e9. \u010c\u00edm k\u0155mime svojho ducha, t\u00fdm sa st\u00e1vame a to aj d\u00e1vame in\u00fdm. Ak\u00fa duchovn\u00fa stravu prij\u00edmame?<\/p>\n\n\n<p><!--more--><\/p>\n\n\n<p><strong>Sv\u00e4t\u00e9 om\u0161e u n\u00e1s:<\/strong><\/p>\n\n\n\n<p><strong>sobota \u2013 10. septembra (s nede\u013enou platnos\u0165ou)<\/strong><\/p>\n\n\n\n<ul class=\"wp-block-list\"><li><strong>17:00 \u2013 Hrub\u00e1 Bor\u0161a \u2013 (slov.\/ma\u010f.)<\/strong><\/li><li><strong>18:00 \u2013 Kostoln\u00e1 \u2013 (slov.)<\/strong><\/li><\/ul>\n\n\n\n<p><strong>nede\u013ea \u2013 11. septembra <\/strong><\/p>\n\n\n\n<ul class=\"wp-block-list\"><li><strong>8:00 \u2013 Hrub\u00fd \u0160\u00far \u2013 (ma\u010f.)<\/strong><\/li><li><strong>9:30 \u2013 Kostoln\u00e1 \u2013 (ma\u010f.)<\/strong><\/li><li><strong>11:00 \u2013 Kostoln\u00e1 \u2013 (slov.)<\/strong><\/li><\/ul>\n\n\n\n<p>V t\u00fato nede\u013eu (11.9.) poz\u00fdvam v\u0161etky \u010dakaj\u00face mami\u010dky na po\u017eehnanie pred p\u00f4rodom po\u010das sv\u00e4tej om\u0161e o 11:00. Dajte pros\u00edm vedie\u0165 aj ostatn\u00fdm mami\u010dk\u00e1m t\u00fato mo\u017enos\u0165. V pr\u00edpade potreby sa m\u00f4\u017ee \u017eehna\u0165 aj po\u010das ma\u010farskej sv. om\u0161e<\/p>\n\n\n\n<p>V tento t\u00fd\u017ede\u0148 budem spoveda\u0165 v utorok, stredu a piatok od 16:00 do 17:00 v&nbsp;Kostolnej pod pr\u00edstre\u0161kom.   <\/p>\n\n\n\n<p>Ador\u00e1cia bude tie\u017e v utorok, stredu a piatok v&nbsp;kostole od 16:00 do 17:00. <\/p>\n\n\n\n<p>V stredu bude o 18:00 sv\u00e4t\u00e1 om\u0161a so zrete\u013eom pre deti v ma\u010farskom jazyku. <\/p>\n\n\n\n<p><strong>Vo \u0161tvrtok 15. septembra 2022 ideme autobusom na p\u00fa\u0165 do \u0160a\u0161t\u00edna.<\/strong>Odchod&nbsp;bude o 7:00 zo zast\u00e1vky pri kostole v Kr\u00e1\u013eovej, 7:05 od zast\u00e1vky v Hrubej Bor\u0161i, 7:10 od kostola v Kostolnej, 7:13 v Malom \u0160\u00fare a 7:15 pri kaplnke v Hrubom \u0160\u00fare. N\u00e1vrat v poobed\u0148aj\u0161\u00edch hodin\u00e1ch. Nedajte sa dlho nahov\u00e1ra\u0165. Po\u010fme spolo\u010dne! Cena 10 \u20ac na osobu, deti a&nbsp;ml\u00e1de\u017e zadarmo.<\/p>\n\n\n\n<p>V piatok po sv\u00e4tej om\u0161i v slovenskom jazyku cca o 18:40 bude v Kostolnej modlitba chv\u00e1l. <\/p>\n\n\n\n<p><strong>V sobotu 17.9. pr\u00edde na ve\u010dern\u00e9 sv\u00e4t\u00e9 om\u0161e (17:00 a 18:00) vz\u00e1cny hos\u0165 Fr. Jean Ikanga, SVD (verbista, k\u0148az a lek\u00e1r-chirurg) z Konga [Kon\u017esk\u00e1 Demokratick\u00e1 Republika], b\u00fdval\u00fd Zair(e). Pred troma rokmi sa aj na\u0161a farnos\u0165 malou \u010diastkou pri\u010dinila o dostavanie a otvorenie novej kliniky v jeho domovine. <\/strong><\/p>\n\n\n\n<p>Deti (najmenej 3. ro\u010dn\u00edk Z\u0160), ktor\u00e9 sa chc\u00fa prihl\u00e1si\u0165 v na\u0161ej farnosti na pr\u00edpravu k prv\u00e9mu sv\u00e4t\u00e9mu prij\u00edmaniu, n\u00e1jdu prihl\u00e1\u0161ku na stiahnutie k vytla\u010deniu na na\u0161ej webovej str\u00e1nke <a href=\"https:\/\/www.farakostolna.sk\/wp-content\/uploads\/2022\/09\/PRIHLASKA-PRVE-SV-PRIJIMANIE-1.docx\">www.fara.kostolna.sk<\/a>. Vyplnen\u00fa prihl\u00e1\u0161ku treba odovzda\u0165 do konca septembra v sakristii kostola, alebo do po\u0161tovej schr\u00e1nky.<\/p>\n\n\n\n<p>Bud\u00faci v\u00edkend bude pravideln\u00e1 mesa\u010dn\u00e1 zbierka na opravu farsk\u00e9ho kostola a prev\u00e1dzkov\u00e9 n\u00e1klady farnosti. Vopred \u010fakujem. <\/p>\n\n\n\n<p>S \u00factou, <br>Pavol Gajdo\u0161, v\u00e1\u0161 far\u00e1r<\/p>\n\t\t\t\t","protected":false},"excerpt":{"rendered":"<p>Ur\u010dite z \u010dl\u00e1nkov o zdravej v\u00fd\u017eive pozn\u00e1te heslo: &#8220;Ste t\u00fdm, \u010do jete.&#8221; V duchovnej oblasti plat\u00ed \u00faplne to ist\u00e9. \u010c\u00edm k\u0155mime svojho ducha, t\u00fdm sa st\u00e1vame a to aj d\u00e1vame in\u00fdm. Ak\u00fa duchovn\u00fa stravu prij\u00edmame?<\/p>\n","protected":false},"author":7,"featured_media":6632,"comment_status":"closed","ping_status":"closed","sticky":false,"template":"","format":"standard","meta":{"footnotes":""},"categories":[13],"tags":[],"class_list":{"0":"entry","1":"post","2":"publish","3":"author-slado89gmail-com","4":"has-excerpt","5":"has-more-link","6":"post-6631","8":"format-standard","9":"has-post-thumbnail","10":"category-oznamy"},"_links":{"self":[{"href":"https:\/\/www.farakostolna.sk\/index.php?rest_route=\/wp\/v2\/posts\/6631","targetHints":{"allow":["GET"]}}],"collection":[{"href":"https:\/\/www.farakostolna.sk\/index.php?rest_route=\/wp\/v2\/posts"}],"about":[{"href":"https:\/\/www.farakostolna.sk\/index.php?rest_route=\/wp\/v2\/types\/post"}],"author":[{"embeddable":true,"href":"https:\/\/www.farakostolna.sk\/index.php?rest_route=\/wp\/v2\/users\/7"}],"replies":[{"embeddable":true,"href":"https:\/\/www.farakostolna.sk\/index.php?rest_route=%2Fwp%2Fv2%2Fcomments&post=6631"}],"version-history":[{"count":0,"href":"https:\/\/www.farakostolna.sk\/index.php?rest_route=\/wp\/v2\/posts\/6631\/revisions"}],"wp:featuredmedia":[{"embeddable":true,"href":"https:\/\/www.farakostolna.sk\/index.php?rest_route=\/"}],"wp:attachment":[{"href":"https:\/\/www.farakostolna.sk\/index.php?rest_route=%2Fwp%2Fv2%2Fmedia&parent=6631"}],"wp:term":[{"taxonomy":"category","embeddable":true,"href":"https:\/\/www.farakostolna.sk\/index.php?rest_route=%2Fwp%2Fv2%2Fcategories&post=6631"},{"taxonomy":"post_tag","embeddable":true,"href":"https:\/\/www.farakostolna.sk\/index.php?rest_route=%2Fwp%2Fv2%2Ftags&post=6631"}],"curies":[{"name":"wp","href":"https:\/\/api.w.org\/{rel}","templated":true}]}}