{"id":6625,"date":"2022-09-02T19:49:28","date_gmt":"2022-09-02T19:49:28","guid":{"rendered":"http:\/\/kostolna.fara.sk\/?p=6625"},"modified":"2022-09-02T19:49:28","modified_gmt":"2022-09-02T19:49:28","slug":"farske-oznamy-a-zamyslenie-04-09-2022","status":"publish","type":"post","link":"https:\/\/www.farakostolna.sk\/?p=6625","title":{"rendered":"Farsk\u00e9 oznamy a zamyslenie (04.09.2022)"},"content":{"rendered":"\n\t\t\t\t\n\t\t\t\t\n<div class=\"wp-block-image\"><figure class=\"alignleft is-resized\"><img loading=\"lazy\" decoding=\"async\" src=\"https:\/\/www.farakostolna.sk\/wp-content\/uploads\/2022\/09\/WhatsApp-Image-2022-09-02-at-9.20.07-PM-1-1.jpeg\" alt=\"\" class=\"wp-image-6626\" width=\"450\" height=\"283\"\/><\/figure><\/div>\n\n\n\n<p>Ak staviame dom, zrazu sa z n\u00e1s stan\u00fa odborn\u00edci na stavby, podobne sme futbalisti, ak sledujeme \u0161port. Ale aj n\u00e1\u0161 \u017eivot je stavba. Z\u00e1klad mo\u017eno u\u017e m\u00e1me &#8211; je na n\u00e1s, \u010di zmobilizujeme sily a stavbu aj &#8220;dokon\u010d\u00edme&#8221;. M\u00e1me v\u00f4bec z\u00e1ujem akt\u00edvne budova\u0165 svoj \u017eivot?<\/p>\n\n\n<p><!--more--><\/p>\n\n\n<p><strong>Sv\u00e4t\u00e9 om\u0161e u n\u00e1s:<\/strong><\/p>\n\n\n\n<p><strong>sobota \u2013 3. septembra (s nede\u013enou platnos\u0165ou)<\/strong><\/p>\n\n\n\n<ul class=\"wp-block-list\"><li><strong>17:00 \u2013 Hrub\u00e1 Bor\u0161a \u2013 (slov.\/ma\u010f.)<\/strong><\/li><li><strong>18:00 \u2013 Kostoln\u00e1 \u2013 (slov.)<\/strong><\/li><\/ul>\n\n\n\n<p><strong>nede\u013ea \u2013 4. septembra <\/strong><\/p>\n\n\n\n<ul class=\"wp-block-list\"><li><strong>8:00 \u2013 Hrub\u00fd \u0160\u00far \u2013 (ma\u010f.)<\/strong><\/li><li><strong>9:30 \u2013 Kostoln\u00e1 \u2013 (ma\u010f.)<\/strong><\/li><li><strong>11:00 \u2013 Kostoln\u00e1 \u2013 (slov.)<\/strong><\/li><\/ul>\n\n\n\n<p><strong>V t\u00fato nede\u013eu (4.9.) budeme vz\u00fdva\u0165 na v\u0161etk\u00fdch sv\u00e4t\u00fdch om\u0161iach Ducha Sv\u00e4t\u00e9ho \u2013 Veni Sancte \u2013 k za\u010diatku nov\u00e9ho \u0161kolsk\u00e9ho roka. Deti si m\u00f4\u017eu prinies\u0165 svoje \u0161kolsk\u00e9 ta\u0161ky pred olt\u00e1r na osobitn\u00e9 po\u017eehnanie. O 11:00 je tzv. \u201erodinn\u00e1\u201c sv\u00e4t\u00e1 om\u0161a, prv\u00e1 po letn\u00fdch pr\u00e1zdnin\u00e1ch. Poz\u00fdvame v\u0161etky deti, rodi\u010dov, u\u010dite\u013eov i vychov\u00e1vate\u013eov. Te\u0161\u00edme sa na V\u00c1S! <\/strong><\/p>\n\n\n\n<p>Te\u0161\u00ed ma, \u017ee mnoho det\u00ed chod\u00ed na sv\u00e4t\u00e9 om\u0161e aj vo v\u0161edn\u00e9 dni. Aby to nebolo pre nich v t\u00fdchto mesiacoch neskoro, od tohto t\u00fd\u017ed\u0148a a\u017e do marca bud\u00fa sv\u00e4t\u00e9 om\u0161e v Kostolnej posunut\u00e9 sk\u00f4r: v ma\u010farskom o 17:00 a v slovenskom o 18:00.  <\/p>\n\n\n\n<p>Taktie\u017e ma pote\u0161ilo, \u017ee v uplynul\u00fdch d\u0148och mnoh\u00ed mlad\u00ed vyu\u017eili mo\u017enos\u0165 prist\u00fapi\u0165 k sviatosti zmierenia. Aj tento t\u00fd\u017ede\u0148 budem k dispoz\u00edcii v utorok, stredu a vo \u0161tvrtok od 16:00 do 17:00 v&nbsp;Kostolnej pod pr\u00edstre\u0161kom.   <\/p>\n\n\n\n<p>Ador\u00e1cia bude tie\u017e od utorka do piatku v&nbsp;kostole od 16:00 do 17:00. <\/p>\n\n\n\n<p>V stredu bude o 18:00 sv\u00e4t\u00e1 om\u0161a so zrete\u013eom pre deti v slovenskom jazyku. <\/p>\n\n\n\n<p><strong>Na bud\u00facu nede\u013eu (11.9.) poz\u00fdvam v\u0161etky \u010dakaj\u00face mami\u010dky na po\u017eehnanie pred p\u00f4rodom po\u010das sv\u00e4tej om\u0161e o 11:00. <\/strong>Dajte pros\u00edm vedie\u0165 aj ostatn\u00fdm mami\u010dk\u00e1m t\u00fato mo\u017enos\u0165. V pr\u00edpade potreby sa m\u00f4\u017ee \u017eehna\u0165 aj po\u010das ma\u010farskej sv. om\u0161e. <\/p>\n\n\n\n<p><strong>Vo \u0161tvrtok 15. septembra 2022 ideme autobusom na p\u00fa\u0165 do \u0160a\u0161t\u00edna. Odchod bude o 7:00 zo zast\u00e1vky pri kostole v Kr\u00e1\u013eovej, 7:05 od zast\u00e1vky v Hrubej Bor\u0161i, 7:10 od kostola v Kostolnej, 7:13 v Malom \u0160\u00fare a 7:15 pri kaplnke v Hrubom \u0160\u00fare. N\u00e1vrat v poobed\u0148aj\u0161\u00edch hodin\u00e1ch. Prihlasujte sa v Kostolnej v sakristii. Cena 10 \u20ac na osobu, deti a ml\u00e1de\u017e zadarmo.<\/strong><\/p>\n\n\n\n<p>S \u00factou, <br>Pavol Gajdo\u0161, v\u00e1\u0161 far\u00e1r<\/p>\n\t\t\t\t","protected":false},"excerpt":{"rendered":"<p>Ak staviame dom, zrazu sa z n\u00e1s stan\u00fa odborn\u00edci na stavby, podobne sme futbalisti, ak sledujeme \u0161port. Ale aj n\u00e1\u0161 \u017eivot je stavba. Z\u00e1klad mo\u017eno u\u017e m\u00e1me &#8211; je na n\u00e1s, \u010di zmobilizujeme sily a stavbu aj &#8220;dokon\u010d\u00edme&#8221;. M\u00e1me v\u00f4bec z\u00e1ujem akt\u00edvne budova\u0165 svoj \u017eivot?<\/p>\n","protected":false},"author":7,"featured_media":6626,"comment_status":"closed","ping_status":"closed","sticky":false,"template":"","format":"standard","meta":{"footnotes":""},"categories":[13],"tags":[],"class_list":{"0":"entry","1":"post","2":"publish","3":"author-slado89gmail-com","4":"has-excerpt","5":"has-more-link","6":"post-6625","8":"format-standard","9":"has-post-thumbnail","10":"category-oznamy"},"_links":{"self":[{"href":"https:\/\/www.farakostolna.sk\/index.php?rest_route=\/wp\/v2\/posts\/6625","targetHints":{"allow":["GET"]}}],"collection":[{"href":"https:\/\/www.farakostolna.sk\/index.php?rest_route=\/wp\/v2\/posts"}],"about":[{"href":"https:\/\/www.farakostolna.sk\/index.php?rest_route=\/wp\/v2\/types\/post"}],"author":[{"embeddable":true,"href":"https:\/\/www.farakostolna.sk\/index.php?rest_route=\/wp\/v2\/users\/7"}],"replies":[{"embeddable":true,"href":"https:\/\/www.farakostolna.sk\/index.php?rest_route=%2Fwp%2Fv2%2Fcomments&post=6625"}],"version-history":[{"count":0,"href":"https:\/\/www.farakostolna.sk\/index.php?rest_route=\/wp\/v2\/posts\/6625\/revisions"}],"wp:featuredmedia":[{"embeddable":true,"href":"https:\/\/www.farakostolna.sk\/index.php?rest_route=\/"}],"wp:attachment":[{"href":"https:\/\/www.farakostolna.sk\/index.php?rest_route=%2Fwp%2Fv2%2Fmedia&parent=6625"}],"wp:term":[{"taxonomy":"category","embeddable":true,"href":"https:\/\/www.farakostolna.sk\/index.php?rest_route=%2Fwp%2Fv2%2Fcategories&post=6625"},{"taxonomy":"post_tag","embeddable":true,"href":"https:\/\/www.farakostolna.sk\/index.php?rest_route=%2Fwp%2Fv2%2Ftags&post=6625"}],"curies":[{"name":"wp","href":"https:\/\/api.w.org\/{rel}","templated":true}]}}