{"id":6620,"date":"2022-08-27T03:01:08","date_gmt":"2022-08-27T03:01:08","guid":{"rendered":"http:\/\/kostolna.fara.sk\/?p=6620"},"modified":"2022-08-27T03:01:08","modified_gmt":"2022-08-27T03:01:08","slug":"farske-oznamy-a-zamyslenie-28-08-2022","status":"publish","type":"post","link":"https:\/\/www.farakostolna.sk\/?p=6620","title":{"rendered":"Farsk\u00e9 oznamy a zamyslenie (28.08.2022)"},"content":{"rendered":"\n\t\t\t\t\n\t\t\t\t\n<div class=\"wp-block-image\"><figure class=\"aligncenter\"><img decoding=\"async\" src=\"https:\/\/www.farakostolna.sk\/wp-content\/uploads\/2022\/08\/BE3EADE7-D797-41CC-8392-A088AB78F8B0-1-1.jpeg\" alt=\"\" class=\"wp-image-6619\"\/><\/figure><\/div>\n\n\n\n<p>Viac, sk\u00f4r, lep\u0161ie, honosnejsie, \u2026 Neust\u00e1le preteky a prek\u00e1ra\u010dky n\u00e1\u0161ho ega vo\u010di in\u00fdm, dokonca aj vo\u010di Bohu. Nielen\u017ee sa chceme posadi\u0165 na popredn\u00e9 miesto pre hos\u0165a, ale dokonca chceme zabra\u0165 miesto Boha. \u010co n\u00e1s zastav\u00ed v t\u00fdchto pretekoch? Kedy za\u010dneme h\u013eada\u0165 skuto\u010dn\u00fa m\u00fadros\u0165?<\/p>\n\n\n<p><!--more--><\/p>\n\n\n<p><strong>Sv\u00e4t\u00e9 om\u0161e u n\u00e1s:<\/strong><\/p>\n\n\n\n<p><b>sobota \u2013 27. augusta (s nede\u013enou platnos\u0165ou)<\/b><\/p>\n\n\n\n<ul class=\"wp-block-list\"><li><b>17:00 \u2013 Hrub\u00e1 Bor\u0161a \u2013 (slov.\/ma\u010f.)<\/b><\/li><li><b>18:00 \u2013 Kostoln\u00e1 \u2013 (slov.)<\/b><\/li><\/ul>\n\n\n\n<p><b>nede\u013ea \u2013 28. augusta <\/b><\/p>\n\n\n\n<ul class=\"wp-block-list\"><li><b>8:00 \u2013 Hrub\u00fd \u0160\u00far \u2013 (ma\u010f.)<\/b><\/li><li><b>9:30 \u2013 Kostoln\u00e1 \u2013 (ma\u010f.)<\/b><\/li><li><b>11:00 \u2013 Kostoln\u00e1 \u2013 (slov.)<\/b><\/li><\/ul>\n\n\n\n<p>Tento t\u00fd\u017ede\u0148 bude v Kostolnej ador\u00e1cia v utorok, stredu, \u0161tvrtok a piatok od 17:00 do 18:00. <\/p>\n\n\n\n<p>Spoveda\u0165 budem v utorok, stredu a vo \u0161tvrtok od 17:00 do 18:00 na farskom dvore. Tentoraz k sv\u00e4tej spovedi povzbudzujem osobitne \u017eiakov a \u0161tudentov. <\/p>\n\n\n\n<p>O t\u00fd\u017ede\u0148 v nede\u013eu (4.9.) budeme vz\u00fdva\u0165 na v\u0161etk\u00fdch sv\u00e4t\u00fdch om\u0161iach Ducha Sv\u00e4t\u00e9ho &#8211;  Veni Sancte &#8211; k za\u010diatku nov\u00e9ho \u0161kolsk\u00e9ho roka. Deti si m\u00f4\u017eu prinies\u0165 svoje \u0161kolsk\u00e9 ta\u0161ky pred olt\u00e1r na osobitn\u00e9 po\u017eehnanie. O 11:00 bude aj tzv. &#8220;rodinn\u00e1&#8221;  sv\u00e4t\u00e1 om\u0161a,  prv\u00e1 po letn\u00fdch pr\u00e1zdnin\u00e1ch. Poz\u00fdvame v\u0161etky deti, rodi\u010dov, u\u010dite\u013eov i vychov\u00e1vate\u013eov. Te\u0161\u00edme sa na V\u00c1S! <\/p>\n\n\n\n<p>S \u00factou, <br>Pavol Gajdo\u0161, v\u00e1\u0161 far\u00e1r<\/p>\n\t\t\t\t","protected":false},"excerpt":{"rendered":"<p>Viac, sk\u00f4r, lep\u0161ie, honosnejsie, \u2026 Neust\u00e1le preteky a prek\u00e1ra\u010dky n\u00e1\u0161ho ega vo\u010di in\u00fdm, dokonca aj vo\u010di Bohu. Nielen\u017ee sa chceme posadi\u0165 na popredn\u00e9 miesto pre hos\u0165a, ale dokonca chceme zabra\u0165 miesto Boha. \u010co n\u00e1s zastav\u00ed v t\u00fdchto pretekoch? Kedy za\u010dneme h\u013eada\u0165 skuto\u010dn\u00fa m\u00fadros\u0165?<\/p>\n","protected":false},"author":7,"featured_media":6619,"comment_status":"closed","ping_status":"closed","sticky":false,"template":"","format":"standard","meta":{"footnotes":""},"categories":[13],"tags":[],"class_list":{"0":"entry","1":"post","2":"publish","3":"author-slado89gmail-com","4":"has-excerpt","5":"has-more-link","6":"post-6620","8":"format-standard","9":"has-post-thumbnail","10":"category-oznamy"},"_links":{"self":[{"href":"https:\/\/www.farakostolna.sk\/index.php?rest_route=\/wp\/v2\/posts\/6620","targetHints":{"allow":["GET"]}}],"collection":[{"href":"https:\/\/www.farakostolna.sk\/index.php?rest_route=\/wp\/v2\/posts"}],"about":[{"href":"https:\/\/www.farakostolna.sk\/index.php?rest_route=\/wp\/v2\/types\/post"}],"author":[{"embeddable":true,"href":"https:\/\/www.farakostolna.sk\/index.php?rest_route=\/wp\/v2\/users\/7"}],"replies":[{"embeddable":true,"href":"https:\/\/www.farakostolna.sk\/index.php?rest_route=%2Fwp%2Fv2%2Fcomments&post=6620"}],"version-history":[{"count":0,"href":"https:\/\/www.farakostolna.sk\/index.php?rest_route=\/wp\/v2\/posts\/6620\/revisions"}],"wp:featuredmedia":[{"embeddable":true,"href":"https:\/\/www.farakostolna.sk\/index.php?rest_route=\/"}],"wp:attachment":[{"href":"https:\/\/www.farakostolna.sk\/index.php?rest_route=%2Fwp%2Fv2%2Fmedia&parent=6620"}],"wp:term":[{"taxonomy":"category","embeddable":true,"href":"https:\/\/www.farakostolna.sk\/index.php?rest_route=%2Fwp%2Fv2%2Fcategories&post=6620"},{"taxonomy":"post_tag","embeddable":true,"href":"https:\/\/www.farakostolna.sk\/index.php?rest_route=%2Fwp%2Fv2%2Ftags&post=6620"}],"curies":[{"name":"wp","href":"https:\/\/api.w.org\/{rel}","templated":true}]}}