{"id":6615,"date":"2022-08-19T20:47:41","date_gmt":"2022-08-19T20:47:41","guid":{"rendered":"http:\/\/kostolna.fara.sk\/?p=6615"},"modified":"2022-08-19T20:47:41","modified_gmt":"2022-08-19T20:47:41","slug":"farske-oznamy-a-zamyslenie-21-08-2022","status":"publish","type":"post","link":"https:\/\/www.farakostolna.sk\/?p=6615","title":{"rendered":"Farsk\u00e9 oznamy a zamyslenie (21.08.2022)"},"content":{"rendered":"\n\t\t\t\t\n\t\t\t\t\n<div class=\"wp-block-image\"><figure class=\"aligncenter\"><img decoding=\"async\" src=\"https:\/\/www.farakostolna.sk\/wp-content\/uploads\/2022\/08\/461F209C-F6C9-4812-9079-9642797832A1-1-1.jpeg\" alt=\"\" class=\"wp-image-6614\"\/><\/figure><\/div>\n\n\n\n<p>Cesta do Neba nie je o pasivite &#8211; &#8220;jedli sme s Tebou a po\u010d\u00favali \u0164a&#8221;. Ak nechceme skon\u010di\u0165 pred zatvoren\u00fdmi dverami a po\u010du\u0165 podobn\u00fa odpove\u010f, \u017ee n\u00e1s Je\u017ei\u0161 nepozn\u00e1, treba n\u00e1m by\u0165 akt\u00edvni &#8211; in\u00fdch s\u00fdti\u0165 a hovori\u0165 o Bohu. L\u00e1ska sa toti\u017e prejavuje v skutkoch. Sme na to pripraven\u00ed? Nie zajtra, ale u\u017e dnes.<\/p>\n\n\n<p><!--more--><\/p>\n\n\n<p><strong>Sv\u00e4t\u00e9 om\u0161e u n\u00e1s:<\/strong><\/p>\n\n\n\n<p><strong>sobota \u2013 20. augusta (s nede\u013enou platnos\u0165ou)<\/strong><\/p>\n\n\n\n<ul class=\"wp-block-list\"><li><strong>17:00 \u2013 Hrub\u00e1 Bor\u0161a \u2013 (slov.\/ma\u010f.)<\/strong><\/li><li><strong>18:00 \u2013 Kostoln\u00e1 \u2013 (slov.)<\/strong><\/li><\/ul>\n\n\n\n<p><b>nede\u013ea \u2013 21. augusta <\/b><\/p>\n\n\n\n<ul class=\"wp-block-list\"><li><strong>8:00 \u2013 Hrub\u00fd \u0160\u00far \u2013 (ma\u010f.)<\/strong><\/li><li><strong>9:00 \u2013 Kostoln\u00e1 \u2013 (ma\u010f.)<\/strong><\/li><li><strong>10:00 \u2013 Kostoln\u00e1 \u2013 (slov.)<\/strong><\/li><\/ul>\n\n\n\n<p><span style=\"color:red\"><b>POZOR!!! V t\u00fato nede\u013eu 21.8. bud\u00fa sv\u00e4t\u00e9 om\u0161e v Kostolnej z d\u00f4vodu &#8220;D\u0148a obce&#8221; v\u00fdnimo\u010dne posunut\u00e9 vpred o 9:00 v ma\u010farskom a u\u017e o 10:00 v slovenskom jazyku. Po sv\u00e4tej om\u0161i bude o 11:00 kr\u00e1tky koncert chr\u00e1mov\u00e9ho zboru Ad Una Corda a spev\u00e1\u010dky Moniky Li\u017ebetin.<\/b><\/span> <\/p>\n\n\n\n<p>Tento t\u00fd\u017ede\u0148 bude v Kostolnej ador\u00e1cia v utorok, stredu, \u0161tvrtok a piatok od 17:00 do 18:00. Spoveda\u0165 budem v utorok, stredu a vo \u0161tvrtok od 17:00 do 18:00 na farskom dvore. <\/p>\n\n\n\n<p>Minulot\u00fd\u017ed\u0148ov\u00e1 zbierka na splatenie rekon\u0161trukcie lurdskej jaskynky v Kostolnej vyniesla 1670 \u20ac.<\/p>\n\n\n\n<p>Tento v\u00edkend je pravideln\u00e1 mesa\u010dn\u00e1 zbierka na opravu farsk\u00e9ho kostola a prev\u00e1dzkov\u00e9 n\u00e1klady farnosti. Vopred \u010fakujeme. <\/p>\n\n\n\n<p>S \u00factou, <br>Pavol Gajdo\u0161, v\u00e1\u0161 far\u00e1r<\/p>\n\t\t\t\t","protected":false},"excerpt":{"rendered":"<p>Cesta do Neba nie je o pasivite &#8211; &#8220;jedli sme s Tebou a po\u010d\u00favali \u0164a&#8221;. Ak nechceme skon\u010di\u0165 pred zatvoren\u00fdmi dverami a po\u010du\u0165 podobn\u00fa odpove\u010f, \u017ee n\u00e1s Je\u017ei\u0161 nepozn\u00e1, treba n\u00e1m by\u0165 akt\u00edvni &#8211; in\u00fdch s\u00fdti\u0165 a hovori\u0165 o Bohu. L\u00e1ska sa toti\u017e prejavuje v skutkoch. Sme na to pripraven\u00ed? Nie zajtra, ale u\u017e dnes.<\/p>\n","protected":false},"author":7,"featured_media":6614,"comment_status":"closed","ping_status":"closed","sticky":false,"template":"","format":"standard","meta":{"footnotes":""},"categories":[13],"tags":[],"class_list":{"0":"entry","1":"post","2":"publish","3":"author-slado89gmail-com","4":"has-excerpt","5":"has-more-link","6":"post-6615","8":"format-standard","9":"has-post-thumbnail","10":"category-oznamy"},"_links":{"self":[{"href":"https:\/\/www.farakostolna.sk\/index.php?rest_route=\/wp\/v2\/posts\/6615","targetHints":{"allow":["GET"]}}],"collection":[{"href":"https:\/\/www.farakostolna.sk\/index.php?rest_route=\/wp\/v2\/posts"}],"about":[{"href":"https:\/\/www.farakostolna.sk\/index.php?rest_route=\/wp\/v2\/types\/post"}],"author":[{"embeddable":true,"href":"https:\/\/www.farakostolna.sk\/index.php?rest_route=\/wp\/v2\/users\/7"}],"replies":[{"embeddable":true,"href":"https:\/\/www.farakostolna.sk\/index.php?rest_route=%2Fwp%2Fv2%2Fcomments&post=6615"}],"version-history":[{"count":0,"href":"https:\/\/www.farakostolna.sk\/index.php?rest_route=\/wp\/v2\/posts\/6615\/revisions"}],"wp:featuredmedia":[{"embeddable":true,"href":"https:\/\/www.farakostolna.sk\/index.php?rest_route=\/"}],"wp:attachment":[{"href":"https:\/\/www.farakostolna.sk\/index.php?rest_route=%2Fwp%2Fv2%2Fmedia&parent=6615"}],"wp:term":[{"taxonomy":"category","embeddable":true,"href":"https:\/\/www.farakostolna.sk\/index.php?rest_route=%2Fwp%2Fv2%2Fcategories&post=6615"},{"taxonomy":"post_tag","embeddable":true,"href":"https:\/\/www.farakostolna.sk\/index.php?rest_route=%2Fwp%2Fv2%2Ftags&post=6615"}],"curies":[{"name":"wp","href":"https:\/\/api.w.org\/{rel}","templated":true}]}}