{"id":6609,"date":"2022-08-13T05:52:32","date_gmt":"2022-08-13T05:52:32","guid":{"rendered":"http:\/\/kostolna.fara.sk\/?p=6609"},"modified":"2022-08-13T05:52:32","modified_gmt":"2022-08-13T05:52:32","slug":"farske-oznamy-a-zamyslenie-14-08-2022","status":"publish","type":"post","link":"https:\/\/www.farakostolna.sk\/?p=6609","title":{"rendered":"Farsk\u00e9 oznamy a zamyslenie (14.08.2022)"},"content":{"rendered":"\n\t\t\t\t\n\t\t\t\t\n<div class=\"wp-block-image\"><figure class=\"alignleft is-resized\"><img loading=\"lazy\" decoding=\"async\" src=\"https:\/\/www.farakostolna.sk\/wp-content\/uploads\/2022\/08\/WhatsApp-Image-2022-08-13-at-7.37.45-AM-1-1.jpeg\" alt=\"\" class=\"wp-image-6610\" width=\"431\" height=\"287\"\/><\/figure><\/div>\n\n\n\n<p>Azda ni\u010d tak \u013eud\u00ed nesp\u00e1ja, ale s\u00fa\u010dasne aj rozde\u013euje ako n\u00e1bo\u017eenstvo a politika. Trag\u00e9diou je, ke\u010f z n\u00e1bo\u017eenstva rob\u00edme politiku a z politiky n\u00e1bo\u017eenstvo. Poku\u0161enie by\u0165 ako Boh je v ka\u017edom z n\u00e1s. Sna\u017e\u00edme sa h\u013eada\u0165 to, \u010do n\u00e1s sp\u00e1ja alebo neust\u00e1le h\u013ead\u00e1me konflikty a rozdelenia?<\/p>\n\n\n<p><!--more--><\/p>\n\n\n<p><strong>Sv\u00e4t\u00e9 om\u0161e u n\u00e1s:<\/strong><\/p>\n\n\n\n<p><strong>sobota \u2013 13. augusta (s nede\u013enou platnos\u0165ou)<\/strong><\/p>\n\n\n\n<ul class=\"wp-block-list\"><li><strong>17:00 \u2013 Hrub\u00e1 Bor\u0161a \u2013 (slov.\/ma\u010f.)<\/strong><\/li><li><strong>18:00 \u2013 Kostoln\u00e1 \u2013 (slov.)<\/strong><\/li><\/ul>\n\n\n\n<p><strong>nede\u013ea \u2013 14. augusta<\/strong> <\/p>\n\n\n\n<ul class=\"wp-block-list\"><li><strong>8:00 \u2013 Hrub\u00fd \u0160\u00far \u2013 (ma\u010f.)<\/strong><\/li><li><strong>9:30 \u2013 Kostoln\u00e1 \u2013 (ma\u010f.)<\/strong><\/li><li><strong>11:00 \u2013 Kostoln\u00e1 \u2013 (slov.)<\/strong><\/li><\/ul>\n\n\n\n<p><strong>V pondelok 15.8., prik\u00e1zan\u00fd sviatok Nanebovzatia Panny M\u00e1rie, bud\u00fa v na\u0161ej farnosti sv. om\u0161e nasledovne: <\/strong><\/p>\n\n\n\n<ul class=\"wp-block-list\"><li><strong>16:00 \u2013 Hrub\u00e1 Bor\u0161a \u2013 (slov. \/ma\u010f.)<\/strong><\/li><li><strong>17:00 \u2013 Hrub\u00fd \u0160\u00far \u2013 (ma\u010f.)<\/strong><\/li><li><strong>18:00 \u2013 Kostoln\u00e1 \u2013 (ma\u010f.)<\/strong><\/li><li><strong>19:00 \u2013 Kostoln\u00e1 \u2013 (slov.)<\/strong><\/li><\/ul>\n\n\n\n<p><strong><span style=\"color:red\">POZOR!!! O t\u00fd\u017ede\u0148 v nede\u013eu 21.8. bud\u00fa sv\u00e4t\u00e9 om\u0161e v Kostolnej z d\u00f4vodu &#8220;D\u0148a obce&#8221; v\u00fdnimo\u010dne posunut\u00e9 vpred o 9:00 v ma\u010farskom a u\u017e o 10:00 v slovenskom jazyku.<\/span> Po sv\u00e4tej om\u0161i bude o 11:00 kr\u00e1tky koncert chr\u00e1mov\u00e9ho zboru Ad una corda. <\/strong><\/p>\n\n\n\n<p>Tento t\u00fd\u017ede\u0148 bude v Kostolnej ador\u00e1cia len v stredu a vo \u0161tvrtok od 17:00 do 18:00 a v tom istom \u010dase budem spoveda\u0165 na farskom dvore. <\/p>\n\n\n\n<p>V tento v\u00edkend (sobotu \/ nede\u013eu) bude v kostole zbierka na splatenie rekon\u0161trukcie lurdskej jaskynky v Kostolnej. Ost\u00e1va n\u00e1m splati\u0165 posledn\u00fdch 2450 \u20ac, ko\u0161\u00edk na tento \u00famysel bude v Kostolnej v strede kostola na stol\u00edku.<\/p>\n\n\n\n<p>O t\u00fd\u017ede\u0148 bude potom pravideln\u00e1 mesa\u010dn\u00e1 zbierka na opravu farsk\u00e9ho kostola a prev\u00e1dzkov\u00e9 n\u00e1klady farnosti. <\/p>\n\n\n\n<p>Srde\u010dne poz\u00fdvam veriacich aj\u00a0na duchovn\u00fd program po\u010das sl\u00e1venia Dn\u00ed obce nasleduj\u00faci v\u00edkend.<\/p>\n\n\n\n<ul class=\"wp-block-list\"><li>V piatok 19.8. o 16:00\u00a0budeme spolo\u010dne sl\u00e1vi\u0165 ma\u010farsko-slovensk\u00fa om\u0161u, po ktorej poz\u00fdvame najm\u00e4 seniorov na diskusiu a prezent\u00e1ciu hist\u00f3rie na\u0161ej obce.<\/li><li>V sobotu 20.8. na sviatok kr\u00e1\u013ea sv\u00e4t\u00e9ho \u0160tefana budeme\u00a0o 10:00\u00a0sl\u00e1vi\u0165 sv\u00e4t\u00fa om\u0161u v ma\u010farskom jazyku, s\u00fa\u010das\u0165ou om\u0161e bude aj po\u017eehnanie chleba. Sv\u00e4t\u00fa om\u0161u\u00a0 bude celebrova\u0165 Tom\u00e1\u0161 Moln\u00e1r duchovn\u00fd otec ma\u010farsk\u00fdch katol\u00edkov v Bratislave. Po sv\u00e4tej om\u0161i bude nasledova\u0165 koncert zmie\u0161an\u00e9ho spev\u00e1ckeho zboru Zobor Hangja.<\/li><li>V nede\u013eu 21.8. o 10:00\u00a0budeme sl\u00e1vi\u0165 sl\u00e1vnostn\u00fa sv\u00e4t\u00fa om\u0161u v slovenskom jazyku. Po sv\u00e4tej om\u0161i si m\u00f4\u017eete vypo\u010du\u0165 koncert chr\u00e1mov\u00e9ho zboru Ad Una Corda a Moniky Li\u017ebetin.\u00a0<br>Pozvite aj ostatn\u00fdch rod\u00e1kov, pr\u00edbuzn\u00fdch, priate\u013eov a zn\u00e1mych na spolo\u010dn\u00fa oslavu!<\/li><\/ul>\n\n\n\n<p>S \u00factou, <br>Pavol Gajdo\u0161, v\u00e1\u0161 far\u00e1r<\/p>\n\t\t\t\t","protected":false},"excerpt":{"rendered":"<p>Azda ni\u010d tak \u013eud\u00ed nesp\u00e1ja, ale s\u00fa\u010dasne aj rozde\u013euje ako n\u00e1bo\u017eenstvo a politika. Trag\u00e9diou je, ke\u010f z n\u00e1bo\u017eenstva rob\u00edme politiku a z politiky n\u00e1bo\u017eenstvo. Poku\u0161enie by\u0165 ako Boh je v ka\u017edom z n\u00e1s. Sna\u017e\u00edme sa h\u013eada\u0165 to, \u010do n\u00e1s sp\u00e1ja alebo neust\u00e1le h\u013ead\u00e1me konflikty a rozdelenia?<\/p>\n","protected":false},"author":7,"featured_media":6610,"comment_status":"closed","ping_status":"closed","sticky":false,"template":"","format":"standard","meta":{"footnotes":""},"categories":[13],"tags":[],"class_list":{"0":"entry","1":"post","2":"publish","3":"author-slado89gmail-com","4":"has-excerpt","5":"has-more-link","6":"post-6609","8":"format-standard","9":"has-post-thumbnail","10":"category-oznamy"},"_links":{"self":[{"href":"https:\/\/www.farakostolna.sk\/index.php?rest_route=\/wp\/v2\/posts\/6609","targetHints":{"allow":["GET"]}}],"collection":[{"href":"https:\/\/www.farakostolna.sk\/index.php?rest_route=\/wp\/v2\/posts"}],"about":[{"href":"https:\/\/www.farakostolna.sk\/index.php?rest_route=\/wp\/v2\/types\/post"}],"author":[{"embeddable":true,"href":"https:\/\/www.farakostolna.sk\/index.php?rest_route=\/wp\/v2\/users\/7"}],"replies":[{"embeddable":true,"href":"https:\/\/www.farakostolna.sk\/index.php?rest_route=%2Fwp%2Fv2%2Fcomments&post=6609"}],"version-history":[{"count":0,"href":"https:\/\/www.farakostolna.sk\/index.php?rest_route=\/wp\/v2\/posts\/6609\/revisions"}],"wp:featuredmedia":[{"embeddable":true,"href":"https:\/\/www.farakostolna.sk\/index.php?rest_route=\/"}],"wp:attachment":[{"href":"https:\/\/www.farakostolna.sk\/index.php?rest_route=%2Fwp%2Fv2%2Fmedia&parent=6609"}],"wp:term":[{"taxonomy":"category","embeddable":true,"href":"https:\/\/www.farakostolna.sk\/index.php?rest_route=%2Fwp%2Fv2%2Fcategories&post=6609"},{"taxonomy":"post_tag","embeddable":true,"href":"https:\/\/www.farakostolna.sk\/index.php?rest_route=%2Fwp%2Fv2%2Ftags&post=6609"}],"curies":[{"name":"wp","href":"https:\/\/api.w.org\/{rel}","templated":true}]}}