{"id":6599,"date":"2022-08-05T22:06:07","date_gmt":"2022-08-05T22:06:07","guid":{"rendered":"http:\/\/kostolna.fara.sk\/?p=6599"},"modified":"2022-08-05T22:06:07","modified_gmt":"2022-08-05T22:06:07","slug":"farske-oznamy-a-zamyslenie-07-08-2022","status":"publish","type":"post","link":"https:\/\/www.farakostolna.sk\/?p=6599","title":{"rendered":"Farsk\u00e9 oznamy a zamyslenie (07.08.2022)"},"content":{"rendered":"\n\t\t\t\t\n\t\t\t\t\n<div class=\"wp-block-image\"><figure class=\"aligncenter is-resized\"><img loading=\"lazy\" decoding=\"async\" src=\"https:\/\/www.farakostolna.sk\/wp-content\/uploads\/2022\/08\/WhatsApp-Image-2022-08-05-at-11.08.38-PM-1-1.jpeg\" alt=\"\" class=\"wp-image-6600\" width=\"342\" height=\"342\"\/><\/figure><\/div>\n\n\n\n<p>Ak hovor\u00edme o lenivosti, v\u00e4\u010d\u0161inou n\u00e1s napadne t\u00e1 telesn\u00e1. Zab\u00fadame v\u0161ak na du\u0161evn\u00fa a duchovn\u00fa lenivos\u0165 &#8211; tie s\u00fa e\u0161te hor\u0161ie a ich n\u00e1sledky sa pren\u00e1\u0161aj\u00fa do ve\u010dnosti.<\/p>\n\n\n<p><!--more--><\/p>\n\n\n<p><strong>Sv\u00e4t\u00e9 om\u0161e u n\u00e1s:<\/strong><\/p>\n\n\n\n<p><strong>sobota \u2013 6. augusta (s nede\u013enou platnos\u0165ou)<\/strong><\/p>\n\n\n\n<ul class=\"wp-block-list\"><li><strong>17:00 \u2013 Hrub\u00e1 Bor\u0161a \u2013 (slov.\/ma\u010f.)<\/strong><\/li><li><strong>18:00 \u2013 Kostoln\u00e1 \u2013 (slov.)<\/strong><\/li><\/ul>\n\n\n\n<p><strong>nede\u013ea \u2013 7. augusta <\/strong><\/p>\n\n\n\n<ul class=\"wp-block-list\"><li><strong>8:00 \u2013 Hrub\u00fd \u0160\u00far \u2013 (ma\u010f.)<\/strong><\/li><li><strong>9:30 \u2013 Kostoln\u00e1 \u2013 (ma\u010f.)<\/strong><\/li><li><strong>11:00 \u2013 Kostoln\u00e1 \u2013 (slov.)<\/strong><\/li><\/ul>\n\n\n\n<p>Tento t\u00fd\u017ede\u0148 bude v Kostolnej ador\u00e1cia v&nbsp;utorok, stredu, \u0161tvrtok a piatok od 17:00 do 18:00. <\/p>\n\n\n\n<p>Sviatos\u0165 zmierenia pon\u00fakam tento t\u00fd\u017ede\u0148 v&nbsp;utorok, stredu a vo \u0161tvrtok od 17:00 do 18:00 v&nbsp;Kostolnej na farskom dvore pod pr\u00edstre\u0161kom.<\/p>\n\n\n\n<p>S \u00factou, <br>Pavol Gajdo\u0161, v\u00e1\u0161 far\u00e1r<\/p>\n\t\t\t\t","protected":false},"excerpt":{"rendered":"<p>Ak hovor\u00edme o lenivosti, v\u00e4\u010d\u0161inou n\u00e1s napadne t\u00e1 telesn\u00e1. Zab\u00fadame v\u0161ak na du\u0161evn\u00fa a duchovn\u00fa lenivos\u0165 &#8211; tie s\u00fa e\u0161te hor\u0161ie a ich n\u00e1sledky sa pren\u00e1\u0161aj\u00fa do ve\u010dnosti.<\/p>\n","protected":false},"author":7,"featured_media":6600,"comment_status":"closed","ping_status":"closed","sticky":false,"template":"","format":"standard","meta":{"footnotes":""},"categories":[13],"tags":[],"class_list":{"0":"entry","1":"post","2":"publish","3":"author-slado89gmail-com","4":"has-excerpt","5":"has-more-link","6":"post-6599","8":"format-standard","9":"has-post-thumbnail","10":"category-oznamy"},"_links":{"self":[{"href":"https:\/\/www.farakostolna.sk\/index.php?rest_route=\/wp\/v2\/posts\/6599","targetHints":{"allow":["GET"]}}],"collection":[{"href":"https:\/\/www.farakostolna.sk\/index.php?rest_route=\/wp\/v2\/posts"}],"about":[{"href":"https:\/\/www.farakostolna.sk\/index.php?rest_route=\/wp\/v2\/types\/post"}],"author":[{"embeddable":true,"href":"https:\/\/www.farakostolna.sk\/index.php?rest_route=\/wp\/v2\/users\/7"}],"replies":[{"embeddable":true,"href":"https:\/\/www.farakostolna.sk\/index.php?rest_route=%2Fwp%2Fv2%2Fcomments&post=6599"}],"version-history":[{"count":0,"href":"https:\/\/www.farakostolna.sk\/index.php?rest_route=\/wp\/v2\/posts\/6599\/revisions"}],"wp:featuredmedia":[{"embeddable":true,"href":"https:\/\/www.farakostolna.sk\/index.php?rest_route=\/"}],"wp:attachment":[{"href":"https:\/\/www.farakostolna.sk\/index.php?rest_route=%2Fwp%2Fv2%2Fmedia&parent=6599"}],"wp:term":[{"taxonomy":"category","embeddable":true,"href":"https:\/\/www.farakostolna.sk\/index.php?rest_route=%2Fwp%2Fv2%2Fcategories&post=6599"},{"taxonomy":"post_tag","embeddable":true,"href":"https:\/\/www.farakostolna.sk\/index.php?rest_route=%2Fwp%2Fv2%2Ftags&post=6599"}],"curies":[{"name":"wp","href":"https:\/\/api.w.org\/{rel}","templated":true}]}}