{"id":6592,"date":"2022-07-30T06:30:25","date_gmt":"2022-07-30T06:30:25","guid":{"rendered":"http:\/\/kostolna.fara.sk\/?p=6592"},"modified":"2022-07-30T06:30:25","modified_gmt":"2022-07-30T06:30:25","slug":"farske-oznamy-a-zamyslenie-31-07-2022","status":"publish","type":"post","link":"https:\/\/www.farakostolna.sk\/?p=6592","title":{"rendered":"Farsk\u00e9 oznamy a zamyslenie (31.07.2022)"},"content":{"rendered":"\n\t\t\t\t\n\t\t\t\t\n<div class=\"wp-block-image\"><figure class=\"aligncenter is-resized\"><img loading=\"lazy\" decoding=\"async\" src=\"https:\/\/www.farakostolna.sk\/wp-content\/uploads\/2022\/07\/WhatsApp-Image-2022-07-30-at-8.03.48-AM-1-1.jpeg\" alt=\"\" class=\"wp-image-6593\" width=\"639\" height=\"425\"\/><\/figure><\/div>\n\n\n\n<p><strong>Pane, e\u0161te nie. <\/strong>E\u0161te potrebujem\u2026 Ke\u010f budem toto ma\u0165, potom\u2026 sa zoberieme, budem pom\u00e1ha\u0165 in\u00fdm, budem prispieva\u0165 na Cirkev, \u2026 budem \u0161\u0165astn\u00fd. Je\u017ei\u0161 n\u00e1s v\u0161ak bez okolkov varuje pred t\u00fdmto klamstvom \u013eudskej m\u00e1rnivosti. A vz\u00e1p\u00e4t\u00ed n\u00e1m pon\u00faka nie\u010do ove\u013ea hodnotnej\u0161ie a najm\u00e4 trvanlivej\u0161ie. Je t\u00e1to jeho ponuka pre n\u00e1s atrakt\u00edvna alebo n\u00e1s l\u00e1ka m\u00e1rnos\u0165 tohto sveta viac ako ve\u010dnos\u0165?<\/p>\n\n\n<p><!--more--><\/p>\n\n\n<p><strong>Sv\u00e4t\u00e9 om\u0161e u n\u00e1s:<\/strong><\/p>\n\n\n\n<p><strong>sobota \u2013 30. j\u00fala (s nede\u013enou platnos\u0165ou)<\/strong><\/p>\n\n\n\n<ul class=\"wp-block-list\"><li><strong>17:00 \u2013 Hrub\u00e1 Bor\u0161a \u2013 (slov.\/ma\u010f.)<\/strong><\/li><li><strong>18:00 \u2013 Kostoln\u00e1 \u2013 (slov.)<\/strong><\/li><\/ul>\n\n\n\n<p><strong>nede\u013ea \u2013 31. j\u00fala <\/strong><\/p>\n\n\n\n<ul class=\"wp-block-list\"><li><strong>8:00 \u2013 Hrub\u00fd \u0160\u00far \u2013 (ma\u010f.)<\/strong><\/li><li><strong>9:30 \u2013 Kostoln\u00e1 \u2013 (ma\u010f.)<\/strong><\/li><li><strong>11:00 \u2013 Kostoln\u00e1 \u2013 (slov.)<\/strong><\/li><\/ul>\n\n\n\n<p>Tento t\u00fd\u017ede\u0148 bude v Kostolnej ador\u00e1cia v&nbsp;utorok, stredu, \u0161tvrtok a piatok od 17:00 do 18:00. <\/p>\n\n\n\n<p>Sviatos\u0165 zmierenia pon\u00fakam tento t\u00fd\u017ede\u0148 iba v&nbsp;utorok a stredu od 17:00 do 18:00 v&nbsp;Kostolnej na farskom dvore pod pr\u00edstre\u0161kom.<\/p>\n\n\n\n<p>Pre deti ost\u00e1vaj\u00fa u\u017e len posledn\u00e9 hodiny mo\u017enos\u0165 zapoji\u0165 sa do s\u00fa\u0165a\u017ee z Farsk\u00fdch nov\u00edn. Losovanie bude v t\u00fato nede\u013eu 31. j\u00fala na sv. om\u0161i o&nbsp;11:00.<\/p>\n\n\n\n<p>Te\u0161\u00edme sa na V\u00c1S! <\/p>\n\n\n\n<p>S \u00factou, <br>Pavol Gajdo\u0161, v\u00e1\u0161 far\u00e1r<\/p>\n\t\t\t\t","protected":false},"excerpt":{"rendered":"<p>Pane, e\u0161te nie. E\u0161te potrebujem\u2026 Ke\u010f budem toto ma\u0165, potom\u2026 sa zoberieme, budem pom\u00e1ha\u0165 in\u00fdm, budem prispieva\u0165 na Cirkev, \u2026 budem \u0161\u0165astn\u00fd. Je\u017ei\u0161 n\u00e1s v\u0161ak bez okolkov varuje pred t\u00fdmto klamstvom \u013eudskej m\u00e1rnivosti. A vz\u00e1p\u00e4t\u00ed n\u00e1m pon\u00faka nie\u010do ove\u013ea hodnotnej\u0161ie a najm\u00e4 trvanlivej\u0161ie. Je t\u00e1to jeho ponuka pre n\u00e1s atrakt\u00edvna alebo n\u00e1s l\u00e1ka m\u00e1rnos\u0165 tohto &#8230; <span class=\"more\"><a class=\"more-link\" href=\"https:\/\/www.farakostolna.sk\/?p=6592\">[\u010c\u00edta\u0165 \u010falej&#8230;]<\/a><\/span><\/p>\n","protected":false},"author":7,"featured_media":6593,"comment_status":"closed","ping_status":"closed","sticky":false,"template":"","format":"standard","meta":{"footnotes":""},"categories":[13],"tags":[],"class_list":{"0":"entry","1":"post","2":"publish","3":"author-slado89gmail-com","4":"has-excerpt","5":"has-more-link","6":"post-6592","8":"format-standard","9":"has-post-thumbnail","10":"category-oznamy"},"_links":{"self":[{"href":"https:\/\/www.farakostolna.sk\/index.php?rest_route=\/wp\/v2\/posts\/6592","targetHints":{"allow":["GET"]}}],"collection":[{"href":"https:\/\/www.farakostolna.sk\/index.php?rest_route=\/wp\/v2\/posts"}],"about":[{"href":"https:\/\/www.farakostolna.sk\/index.php?rest_route=\/wp\/v2\/types\/post"}],"author":[{"embeddable":true,"href":"https:\/\/www.farakostolna.sk\/index.php?rest_route=\/wp\/v2\/users\/7"}],"replies":[{"embeddable":true,"href":"https:\/\/www.farakostolna.sk\/index.php?rest_route=%2Fwp%2Fv2%2Fcomments&post=6592"}],"version-history":[{"count":0,"href":"https:\/\/www.farakostolna.sk\/index.php?rest_route=\/wp\/v2\/posts\/6592\/revisions"}],"wp:featuredmedia":[{"embeddable":true,"href":"https:\/\/www.farakostolna.sk\/index.php?rest_route=\/"}],"wp:attachment":[{"href":"https:\/\/www.farakostolna.sk\/index.php?rest_route=%2Fwp%2Fv2%2Fmedia&parent=6592"}],"wp:term":[{"taxonomy":"category","embeddable":true,"href":"https:\/\/www.farakostolna.sk\/index.php?rest_route=%2Fwp%2Fv2%2Fcategories&post=6592"},{"taxonomy":"post_tag","embeddable":true,"href":"https:\/\/www.farakostolna.sk\/index.php?rest_route=%2Fwp%2Fv2%2Ftags&post=6592"}],"curies":[{"name":"wp","href":"https:\/\/api.w.org\/{rel}","templated":true}]}}