{"id":6587,"date":"2022-07-23T05:29:27","date_gmt":"2022-07-23T05:29:27","guid":{"rendered":"http:\/\/kostolna.fara.sk\/?p=6587"},"modified":"2022-07-23T05:29:27","modified_gmt":"2022-07-23T05:29:27","slug":"farske-oznamy-a-zamyslenie-24-07-2022","status":"publish","type":"post","link":"https:\/\/www.farakostolna.sk\/?p=6587","title":{"rendered":"Farsk\u00e9 oznamy a zamyslenie (24.07.2022)"},"content":{"rendered":"\n\t\t\t\t\n\t\t\t\t\n<figure class=\"wp-block-image\"><img decoding=\"async\" src=\"https:\/\/www.farakostolna.sk\/wp-content\/uploads\/2022\/07\/WhatsApp-Image-2022-07-23-at-7.06.24-AM-1-1.jpeg\" alt=\"\" class=\"wp-image-6588\"\/><\/figure>\n\n\n\n<p>A \u010do s t\u00fdm m\u00f4\u017eem urobi\u0165 ja? Nie ka\u017ed\u00fd m\u00e1me bezprostredn\u00fa moc ovplyv\u0148ova\u0165 ve\u013ek\u00e9 veci, ale prihov\u00e1ra\u0165 sa za ne u Boha m\u00f4\u017eeme. Chce to v\u0161ak tr\u00fafalos\u0165 a vytrvalos\u0165. M\u00e1me ich obe? Ak\u00e9 s\u00fa na\u0161e modlitby? Modl\u00edme sa v\u00f4bec? Ak \u00e1no, ako?<\/p>\n\n\n<p><!--more--><\/p>\n\n\n<p><strong>Sv\u00e4t\u00e9 om\u0161e u n\u00e1s:<\/strong><\/p>\n\n\n\n<p><strong>sobota \u2013 23. j\u00fala (s nede\u013enou platnos\u0165ou)<\/strong><\/p>\n\n\n\n<ul class=\"wp-block-list\"><li><strong>17:00 \u2013 Hrub\u00e1 Bor\u0161a \u2013 (slov.\/ma\u010f.)<\/strong><\/li><li><strong>18:00 \u2013 Kostoln\u00e1 \u2013 (slov.)<\/strong><\/li><\/ul>\n\n\n\n<p><strong>nede\u013ea \u2013 24. j\u00fala<\/strong> <\/p>\n\n\n\n<ul class=\"wp-block-list\"><li><strong>8:00 \u2013 Hrub\u00fd \u0160\u00far \u2013 (ma\u010f.)<\/strong><\/li><li><strong>9:30 \u2013 Kostoln\u00e1 \u2013 (ma\u010f.)<\/strong><\/li><li><strong>11:00 \u2013 Kostoln\u00e1 \u2013 (slov.)<\/strong><\/li><\/ul>\n\n\n\n<p>Tento t\u00fd\u017ede\u0148 bude v Kostolnej ador\u00e1cia v&nbsp;utorok, stredu, \u0161tvrtok a piatok od 17:00 do 18:00.<\/p>\n\n\n\n<p>Sviatos\u0165 zmierenia pon\u00fakam tento t\u00fd\u017ede\u0148 v&nbsp;utorok, stredu a&nbsp;vo \u0161tvrtok od 17:00 do 18:00 v&nbsp;Kostolnej na farskom dvore pod pr\u00edstre\u0161kom.<\/p>\n\n\n\n<p>Pre deti ost\u00e1va u\u017e len posledn\u00fd t\u00fd\u017ede\u0148 mo\u017enos\u0165 zapoji\u0165 sa do s\u00fa\u0165a\u017ee z Farsk\u00fdch nov\u00edn. V na\u0161ich kostoloch s\u00fa umiestnen\u00e9 krabi\u010dky s&nbsp;mot\u00fd\u013emi. Losovanie bude v nede\u013eu 31. j\u00fala na sv. om\u0161i o&nbsp;11:00.<\/p>\n\n\n\n<p>Minulot\u00fd\u017ed\u0148ov\u00e1 pravideln\u00e1 mesa\u010dn\u00e1 zbierka vyniesla v&nbsp;Kostolnej na opravu farsk\u00e9ho kostola 970,58 \u20ac, v&nbsp;Hrubej Bor\u0161i na prev\u00e1dzkov\u00e9 n\u00e1klady farnosti a opravu farsk\u00e9ho kostola 119,50 \u20ac a&nbsp;v&nbsp;Hrubom \u0160\u00fare v&nbsp;kaplnke 119 \u20ac. \u010eakujem za va\u0161u \u0161tedros\u0165.<\/p>\n\n\n\n<p>Na\u0161a farnos\u0165 st\u00e1le pom\u00e1ha ukrajinsk\u00fdm ute\u010dencom (14 rod\u00edn z UA a viacer\u00fdm chudobnej\u0161\u00edm rodin\u00e1m z farnosti) najm\u00e4 pr\u00eddelom potravinov\u00fdch bal\u00ed\u010dkov na t\u00fd\u017edennej b\u00e1ze, z ktor\u00fdch \u010das\u0165 potrav\u00edn a drog\u00e9rie sami nakupujeme. T\u00ed, ktor\u00ed sa rozhodnete prispie\u0165 finan\u010dne cez farsk\u00fd \u00fa\u010det SK28 0900 0000 0050 2969 7043, uve\u010fte \u201ePOMOC PRE OD\u00cdDENCOV\u201c. \u010eakujeme za ka\u017ed\u00fa pomoc. <\/p>\n\n\n\n<p>S \u00factou, <br>Pavol Gajdo\u0161, v\u00e1\u0161 far\u00e1r<\/p>\n\n\n\n<div class=\"wp-block-image\"><figure class=\"aligncenter\"><img decoding=\"async\" src=\"https:\/\/www.farakostolna.sk\/wp-content\/uploads\/2022\/07\/WhatsApp-Image-2022-07-23-at-12.31.07-PM-1-1024x768.jpeg\" alt=\"\" class=\"wp-image-6590\"\/><\/figure><\/div>\n\t\t\t\t","protected":false},"excerpt":{"rendered":"<p>A \u010do s t\u00fdm m\u00f4\u017eem urobi\u0165 ja? Nie ka\u017ed\u00fd m\u00e1me bezprostredn\u00fa moc ovplyv\u0148ova\u0165 ve\u013ek\u00e9 veci, ale prihov\u00e1ra\u0165 sa za ne u Boha m\u00f4\u017eeme. Chce to v\u0161ak tr\u00fafalos\u0165 a vytrvalos\u0165. M\u00e1me ich obe? Ak\u00e9 s\u00fa na\u0161e modlitby? Modl\u00edme sa v\u00f4bec? Ak \u00e1no, ako?<\/p>\n","protected":false},"author":7,"featured_media":6588,"comment_status":"closed","ping_status":"closed","sticky":false,"template":"","format":"standard","meta":{"footnotes":""},"categories":[13],"tags":[],"class_list":{"0":"entry","1":"post","2":"publish","3":"author-slado89gmail-com","4":"has-excerpt","5":"has-more-link","6":"post-6587","8":"format-standard","9":"has-post-thumbnail","10":"category-oznamy"},"_links":{"self":[{"href":"https:\/\/www.farakostolna.sk\/index.php?rest_route=\/wp\/v2\/posts\/6587","targetHints":{"allow":["GET"]}}],"collection":[{"href":"https:\/\/www.farakostolna.sk\/index.php?rest_route=\/wp\/v2\/posts"}],"about":[{"href":"https:\/\/www.farakostolna.sk\/index.php?rest_route=\/wp\/v2\/types\/post"}],"author":[{"embeddable":true,"href":"https:\/\/www.farakostolna.sk\/index.php?rest_route=\/wp\/v2\/users\/7"}],"replies":[{"embeddable":true,"href":"https:\/\/www.farakostolna.sk\/index.php?rest_route=%2Fwp%2Fv2%2Fcomments&post=6587"}],"version-history":[{"count":0,"href":"https:\/\/www.farakostolna.sk\/index.php?rest_route=\/wp\/v2\/posts\/6587\/revisions"}],"wp:featuredmedia":[{"embeddable":true,"href":"https:\/\/www.farakostolna.sk\/index.php?rest_route=\/"}],"wp:attachment":[{"href":"https:\/\/www.farakostolna.sk\/index.php?rest_route=%2Fwp%2Fv2%2Fmedia&parent=6587"}],"wp:term":[{"taxonomy":"category","embeddable":true,"href":"https:\/\/www.farakostolna.sk\/index.php?rest_route=%2Fwp%2Fv2%2Fcategories&post=6587"},{"taxonomy":"post_tag","embeddable":true,"href":"https:\/\/www.farakostolna.sk\/index.php?rest_route=%2Fwp%2Fv2%2Ftags&post=6587"}],"curies":[{"name":"wp","href":"https:\/\/api.w.org\/{rel}","templated":true}]}}