{"id":6581,"date":"2022-07-15T20:56:59","date_gmt":"2022-07-15T20:56:59","guid":{"rendered":"http:\/\/kostolna.fara.sk\/?p=6581"},"modified":"2022-07-15T20:56:59","modified_gmt":"2022-07-15T20:56:59","slug":"farske-oznamy-a-zamyslenie-17-07-2022","status":"publish","type":"post","link":"https:\/\/www.farakostolna.sk\/?p=6581","title":{"rendered":"Farsk\u00e9 oznamy a zamyslenie (17.07.2022)"},"content":{"rendered":"\n\t\t\t\t\n\t\t\t\t\n<figure class=\"wp-block-image\"><img decoding=\"async\" src=\"https:\/\/www.farakostolna.sk\/wp-content\/uploads\/2022\/07\/WhatsApp-Image-2022-07-15-at-10.48.19-PM-1-1.jpeg\" alt=\"\" class=\"wp-image-6582\"\/><\/figure>\n\n\n\n<p>V \u017eivote m\u00e1me dve hlavn\u00e9 \u00falohy &#8211; raz ako M\u00e1ria a inokedy ako Marta. Ora et labora. M\u00fadros\u0165 je vedie\u0165 n\u00e1js\u0165 nielen rovnov\u00e1hu, ale najm\u00e4 v\u0161etko robi\u0165 s Je\u017ei\u0161om a pre Je\u017ei\u0161a &#8211; podobne, ako obe Laz\u00e1rove sestry.<\/p>\n\n\n<p><!--more--><\/p>\n\n\n<p><strong>Sv\u00e4t\u00e9 om\u0161e u n\u00e1s:<\/strong><\/p>\n\n\n\n<p><strong>sobota \u2013 16. j\u00fala (s nede\u013enou platnos\u0165ou)<\/strong><\/p>\n\n\n\n<ul class=\"wp-block-list\"><li><strong>17:00 \u2013 Hrub\u00e1 Bor\u0161a \u2013 (slov.\/ma\u010f.)<\/strong><\/li><li><strong>18:00 \u2013 Kostoln\u00e1 \u2013 (slov.)<\/strong><\/li><\/ul>\n\n\n\n<p><strong>nede\u013ea \u2013 17. j\u00fala <\/strong><\/p>\n\n\n\n<ul class=\"wp-block-list\"><li><strong>8:00 \u2013 Hrub\u00fd \u0160\u00far \u2013 (ma\u010f.\/slov.)<\/strong><\/li><li><strong>9:30 \u2013 Kostoln\u00e1 \u2013 (ma\u010f.\/slov.)<br><\/strong><\/li><li><strong>11:00 \u2013 Kostoln\u00e1 \u2013 (slov.)<\/strong><\/li><\/ul>\n\n\n\n<p>Tento v\u00edkend ma pre nepredv\u00eddate\u013en\u00e9 udalosti zastupuj\u00fa viacer\u00ed k\u0148azi, za\u010do im \u00faprimne \u010fakujem. <\/p>\n\n\n\n<p>V piatok u\u017e po\u010d\u00edtam, \u017ee budem vo farnosti. Ador\u00e1cia bude v Kostolnej v piatok od 16:00 do 18:00.<\/p>\n\n\n\n<p>Sviatos\u0165 zmierenia pon\u00faknem v piatok od 16:00 do 16:30 a v sobotu od 8:30 do 9:00 v Kostolnej pod pr\u00edstre\u0161kom. <\/p>\n\n\n\n<p><strong>Tento v\u00edkend je pravideln\u00e1 mesa\u010dn\u00e1 zbierka na opravu farsk\u00e9ho kostola a prev\u00e1dzkov\u00e9 n\u00e1klady farnosti. <\/strong><\/p>\n\n\n\n<p>Poz\u00fdvame deti zapoji\u0165 sa do s\u00fa\u0165a\u017ee z posledn\u00fdch Farsk\u00fdch nov\u00edn o ceny z Mot\u00fdlej z\u00e1hrady.  V na\u0161ich kostoloch sme umiestnili krabi\u010dky s mot\u00edvom mot\u00fd\u013eov. N\u00e1sledne troch \u0161\u0165astlivcov vylosujeme 31. j\u00fala o 11:00 na sv\u00e4tej om\u0161i. <\/p>\n\n\n\n<p>S \u00factou, <br>Pavol Gajdo\u0161, v\u00e1\u0161 far\u00e1r<\/p>\n\t\t\t\t","protected":false},"excerpt":{"rendered":"<p>V \u017eivote m\u00e1me dve hlavn\u00e9 \u00falohy &#8211; raz ako M\u00e1ria a inokedy ako Marta. Ora et labora. M\u00fadros\u0165 je vedie\u0165 n\u00e1js\u0165 nielen rovnov\u00e1hu, ale najm\u00e4 v\u0161etko robi\u0165 s Je\u017ei\u0161om a pre Je\u017ei\u0161a &#8211; podobne, ako obe Laz\u00e1rove sestry.<\/p>\n","protected":false},"author":7,"featured_media":6582,"comment_status":"closed","ping_status":"closed","sticky":false,"template":"","format":"standard","meta":{"footnotes":""},"categories":[13],"tags":[],"class_list":{"0":"entry","1":"post","2":"publish","3":"author-slado89gmail-com","4":"has-excerpt","5":"has-more-link","6":"post-6581","8":"format-standard","9":"has-post-thumbnail","10":"category-oznamy"},"_links":{"self":[{"href":"https:\/\/www.farakostolna.sk\/index.php?rest_route=\/wp\/v2\/posts\/6581","targetHints":{"allow":["GET"]}}],"collection":[{"href":"https:\/\/www.farakostolna.sk\/index.php?rest_route=\/wp\/v2\/posts"}],"about":[{"href":"https:\/\/www.farakostolna.sk\/index.php?rest_route=\/wp\/v2\/types\/post"}],"author":[{"embeddable":true,"href":"https:\/\/www.farakostolna.sk\/index.php?rest_route=\/wp\/v2\/users\/7"}],"replies":[{"embeddable":true,"href":"https:\/\/www.farakostolna.sk\/index.php?rest_route=%2Fwp%2Fv2%2Fcomments&post=6581"}],"version-history":[{"count":0,"href":"https:\/\/www.farakostolna.sk\/index.php?rest_route=\/wp\/v2\/posts\/6581\/revisions"}],"wp:featuredmedia":[{"embeddable":true,"href":"https:\/\/www.farakostolna.sk\/index.php?rest_route=\/"}],"wp:attachment":[{"href":"https:\/\/www.farakostolna.sk\/index.php?rest_route=%2Fwp%2Fv2%2Fmedia&parent=6581"}],"wp:term":[{"taxonomy":"category","embeddable":true,"href":"https:\/\/www.farakostolna.sk\/index.php?rest_route=%2Fwp%2Fv2%2Fcategories&post=6581"},{"taxonomy":"post_tag","embeddable":true,"href":"https:\/\/www.farakostolna.sk\/index.php?rest_route=%2Fwp%2Fv2%2Ftags&post=6581"}],"curies":[{"name":"wp","href":"https:\/\/api.w.org\/{rel}","templated":true}]}}