{"id":6565,"date":"2022-07-02T05:18:02","date_gmt":"2022-07-02T05:18:02","guid":{"rendered":"http:\/\/kostolna.fara.sk\/?p=6565"},"modified":"2022-07-02T05:18:02","modified_gmt":"2022-07-02T05:18:02","slug":"farske-oznamy-a-zamyslenie-03-07-2022","status":"publish","type":"post","link":"https:\/\/www.farakostolna.sk\/?p=6565","title":{"rendered":"Farsk\u00e9 oznamy a zamyslenie (03.07.2022)"},"content":{"rendered":"\n\t\t\t\t\n\t\t\t\t\n<figure class=\"wp-block-image\"><img decoding=\"async\" src=\"https:\/\/www.farakostolna.sk\/wp-content\/uploads\/2022\/07\/WhatsApp-Image-2022-07-02-at-6.29.26-AM-1-1024x426.jpeg\" alt=\"\" class=\"wp-image-6566\"\/><\/figure>\n\n\n\n<p>Na mnoh\u00e9 n\u00e1ro\u010dn\u00e9 povolania sa pripravujeme dlh\u00e9 roky. Je\u017ei\u0161 v\u0161ak dnes nepovol\u00e1va do &#8220;\u017eatvy&#8221; iba zasv\u00e4ten\u00e9 osoby, ale ka\u017ed\u00e9ho z n\u00e1s. No napriek tomu, neust\u00e1le zaznievaj\u00fa Jeho slov\u00e1: &#8220;robotn\u00edkov je m\u00e1lo&#8221;. Sme pripraven\u00ed na tak\u00e9to povolanie? Po\u010d\u00favame Jeho hlas, alebo ho nech\u00e1me prehlu\u0161i\u0165 hlukom tohto sveta?<\/p>\n\n\n<p><!--more--><\/p>\n\n\n<p><strong>Sv\u00e4t\u00e9 om\u0161e u n\u00e1s:<\/strong><\/p>\n\n\n\n<p><strong>sobota \u2013 2. j\u00fala (s nede\u013enou platnos\u0165ou)<\/strong><\/p>\n\n\n\n<ul class=\"wp-block-list\"><li><strong>17:00 \u2013 Hrub\u00e1 Bor\u0161a \u2013 (slov.\/ma\u010f.)<\/strong><\/li><li><strong>18:00 \u2013 Kostoln\u00e1 \u2013 (slov.)<\/strong><\/li><\/ul>\n\n\n\n<p><strong>nede\u013ea \u2013 3. j\u00fala <\/strong><\/p>\n\n\n\n<ul class=\"wp-block-list\"><li><strong>8:00 \u2013 Hrub\u00fd \u0160\u00far \u2013 (ma\u010f.\/slov.)<\/strong><\/li><li><strong>9:30 \u2013 Kostoln\u00e1 \u2013 (ma\u010f.)<\/strong><\/li><li><strong>11:00 \u2013 Kostoln\u00e1 \u2013 (slov.)<\/strong><\/li><\/ul>\n\n\n\n<p>Tento t\u00fd\u017ede\u0148 bude v Kostolnej ador\u00e1cia v utorok, stredu, \u0161tvrtok a piatok od 17:00 do 18:00.<\/p>\n\n\n\n<p>Sviatos\u0165 zmierenia pon\u00fakam tento t\u00fd\u017ede\u0148 v utorok, stredu a vo \u0161tvrtok od 17:00 do 18:00. <\/p>\n\n\n\n<p>Tento v\u00edkend m\u00e1me ka\u017edoro\u010dn\u00fa zbierku na dobro\u010dinn\u00e9 diela Sv\u00e4t\u00e9ho Otca (predt\u00fdm sa zvykla vola\u0165 Halier sv. Petra). Takto z\u00edskan\u00e9 prostriedky Sv\u00e4t\u00fd Otec potom rozde\u013euje pre potreby najchudobnej\u0161\u00edch diec\u00e9z vo svete. Vopred \u010fakujem.<\/p>\n\n\n\n<p>Poz\u00fdvame deti zapoji\u0165 sa do s\u00fa\u0165a\u017ee z posledn\u00fdch Farsk\u00fdch nov\u00edn o ceny z Mot\u00fdlej z\u00e1hrady.  V na\u0161ich kostoloch sme umiestnili krabi\u010dky s mot\u00edvom mot\u00fd\u013eov. N\u00e1sledne troch \u0161\u0165astlivcov vylosujeme 31. j\u00fala o 11:00 na sv\u00e4tej om\u0161i. <\/p>\n\n\n\n<p>Ka\u017ed\u00fa sobotu rob\u00edme v Kostolnej potravinov\u00fa zbierku od 10:00 do 12:00 na farskom dvore. T\u00ed, ktor\u00ed sa rozhodnete prispie\u0165 finan\u010dne cez farsk\u00fd \u00fa\u010det SK28 0900 0000 0050 2969 7043, uve\u010fte \u201ePOMOC PRE OD\u00cdDENCOV\u201c. \u010eakujeme. <\/p>\n\n\n\n<p>S \u00factou, <br>Pavol Gajdo\u0161, v\u00e1\u0161 far\u00e1r<\/p>\n\t\t\t\t","protected":false},"excerpt":{"rendered":"<p>Na mnoh\u00e9 n\u00e1ro\u010dn\u00e9 povolania sa pripravujeme dlh\u00e9 roky. Je\u017ei\u0161 v\u0161ak dnes nepovol\u00e1va do &#8220;\u017eatvy&#8221; iba zasv\u00e4ten\u00e9 osoby, ale ka\u017ed\u00e9ho z n\u00e1s. No napriek tomu, neust\u00e1le zaznievaj\u00fa Jeho slov\u00e1: &#8220;robotn\u00edkov je m\u00e1lo&#8221;. Sme pripraven\u00ed na tak\u00e9to povolanie? Po\u010d\u00favame Jeho hlas, alebo ho nech\u00e1me prehlu\u0161i\u0165 hlukom tohto sveta?<\/p>\n","protected":false},"author":7,"featured_media":6566,"comment_status":"closed","ping_status":"closed","sticky":false,"template":"","format":"standard","meta":{"footnotes":""},"categories":[13],"tags":[],"class_list":{"0":"entry","1":"post","2":"publish","3":"author-slado89gmail-com","4":"has-excerpt","5":"has-more-link","6":"post-6565","8":"format-standard","9":"has-post-thumbnail","10":"category-oznamy"},"_links":{"self":[{"href":"https:\/\/www.farakostolna.sk\/index.php?rest_route=\/wp\/v2\/posts\/6565","targetHints":{"allow":["GET"]}}],"collection":[{"href":"https:\/\/www.farakostolna.sk\/index.php?rest_route=\/wp\/v2\/posts"}],"about":[{"href":"https:\/\/www.farakostolna.sk\/index.php?rest_route=\/wp\/v2\/types\/post"}],"author":[{"embeddable":true,"href":"https:\/\/www.farakostolna.sk\/index.php?rest_route=\/wp\/v2\/users\/7"}],"replies":[{"embeddable":true,"href":"https:\/\/www.farakostolna.sk\/index.php?rest_route=%2Fwp%2Fv2%2Fcomments&post=6565"}],"version-history":[{"count":0,"href":"https:\/\/www.farakostolna.sk\/index.php?rest_route=\/wp\/v2\/posts\/6565\/revisions"}],"wp:featuredmedia":[{"embeddable":true,"href":"https:\/\/www.farakostolna.sk\/index.php?rest_route=\/"}],"wp:attachment":[{"href":"https:\/\/www.farakostolna.sk\/index.php?rest_route=%2Fwp%2Fv2%2Fmedia&parent=6565"}],"wp:term":[{"taxonomy":"category","embeddable":true,"href":"https:\/\/www.farakostolna.sk\/index.php?rest_route=%2Fwp%2Fv2%2Fcategories&post=6565"},{"taxonomy":"post_tag","embeddable":true,"href":"https:\/\/www.farakostolna.sk\/index.php?rest_route=%2Fwp%2Fv2%2Ftags&post=6565"}],"curies":[{"name":"wp","href":"https:\/\/api.w.org\/{rel}","templated":true}]}}