{"id":6561,"date":"2022-06-24T22:22:53","date_gmt":"2022-06-24T22:22:53","guid":{"rendered":"http:\/\/kostolna.fara.sk\/?p=6561"},"modified":"2022-06-24T22:22:53","modified_gmt":"2022-06-24T22:22:53","slug":"farske-oznamy-a-zamyslenie-26-06-2022","status":"publish","type":"post","link":"https:\/\/www.farakostolna.sk\/?p=6561","title":{"rendered":"Farsk\u00e9 oznamy a zamyslenie (26.06.2022)"},"content":{"rendered":"\n\t\t\t\t\n\t\t\t\t\n<div class=\"wp-block-image\"><figure class=\"aligncenter is-resized\"><img loading=\"lazy\" decoding=\"async\" src=\"http:\/\/kostolna.fara.sk\/wp-content\/uploads\/2022\/06\/Farsk\u00e9-oznamy-a-zamyslenie-19.06.2022-1024x459.jpeg\" alt=\"\" class=\"wp-image-6562\" width=\"630\" height=\"281\"\/><\/figure><\/div>\n\n\n\n<p>Elizeus nie je iba ve\u013ek\u00fd prorok, nasledovn\u00edk Eli\u00e1\u0161a &#8211; ale aj vzorom v nasledovan\u00ed Bo\u017eieho volania. Boh i na n\u00e1s h\u00e1d\u017ee svoj pl\u00e1\u0161\u0165 a vol\u00e1 po mene. Ak ho v\u0161ak chceme naozaj nasledova\u0165, mus\u00edme \u00faplne zanecha\u0165 svoj p\u00f4vodn\u00fd \u017eivot &#8211; On m\u00e1 pre n\u00e1s toti\u017e nachystan\u00e9 nie\u010do ove\u013ea v\u00e4\u010d\u0161ie, ako si vieme predstavi\u0165. Nenechajme ho \u010daka\u0165.<\/p>\n\n\n<p><!--more--><\/p>\n\n\n<p><strong>Sv\u00e4t\u00e9 om\u0161e u n\u00e1s:<\/strong><\/p>\n\n\n\n<p><strong>sobota \u2013 25. j\u00fana (s nede\u013enou platnos\u0165ou)<\/strong><\/p>\n\n\n\n<ul class=\"wp-block-list\"><li><strong>15:00 \u2013 Kostoln\u00e1 \u2013 (ma\u010f.\/slov.) -sob\u00e1\u0161na<\/strong><\/li><li><strong>17:00 \u2013 Hrub\u00e1 Bor\u0161a \u2013 (slov.\/ma\u010f.)<\/strong><\/li><li><strong>18:00 \u2013 Kostoln\u00e1 \u2013 (slov.)<\/strong><\/li><\/ul>\n\n\n\n<p><strong>nede\u013ea \u2013 26. j\u00fana <\/strong><\/p>\n\n\n\n<ul class=\"wp-block-list\"><li><strong>8:00 \u2013 Hrub\u00fd \u0160\u00far \u2013 (ma\u010f.\/slov.)<\/strong><\/li><li><strong>9:30 \u2013 Kostoln\u00e1 \u2013 (ma\u010f.)<\/strong><\/li><li><strong>11:00 \u2013 Kostoln\u00e1 \u2013 (slov.) -&#8220;rodinn\u00e1&#8221; <\/strong><\/li><\/ul>\n\n\n\n<p><strong>V t\u00fato nede\u013eu bude v Kostolnej o 11:00 tzv. &#8220;rodinn\u00e1&#8221; sv\u00e4t\u00e1 om\u0161a s osobitn\u00fdm zrete\u013eom na deti. <\/strong>Z\u00e1rove\u0148 s TE DEUM sa po\u010fakujeme za uplynul\u00fd \u0161kolsk\u00fd a akademick\u00fd rok. Sv\u00e4t\u00e1 om\u0161a je napl\u00e1novan\u00e1 na farskom dvore. V\u0161etci ste pozvan\u00ed.<\/p>\n\n\n\n<p><strong>Poobede (26.6.) n\u00e1s poz\u00fdva spolo\u010denstvo Modlitby matiek v r\u00e1mci modlitbov\u00e9 trojdnia o 15:00 v Kostolnej na kr\u00e1snym spevom doprev\u00e1dzan\u00fa polhodinov\u00fa ador\u00e1ciu. Po nej bude na farskej z\u00e1hrade opeka\u010dka. V\u0161etci sme pozvan\u00ed! <\/strong><\/p>\n\n\n\n<p>Tento t\u00fd\u017ede\u0148 bude v Kostolnej ador\u00e1cia v utorok, stredu, \u0161tvrtok a piatok od 17:00 do 18:00.<\/p>\n\n\n\n<p>Sviatos\u0165 zmierenia pon\u00fakam tento t\u00fd\u017ede\u0148 iba vo \u0161tvrtok od 17:00 do 18:00. <\/p>\n\n\n\n<p>V uplynul\u00fdch d\u0148och ste si mohli n\u00e1js\u0165 vo svojich po\u0161tov\u00fdch schr\u00e1nkach najnov\u0161ie \u010d\u00edslo Farsk\u00fdch nov\u00edn. T\u00fdmto \u00faprimne \u010fakujem v\u0161etk\u00fdm, ktor\u00ed pomohli pri jeho tvorbe a roznosen\u00ed. Vzadu v kostole sa daj\u00fa vzia\u0165 e\u0161te vo\u013en\u00e9 v\u00fdtla\u010dky. Kedyko\u013evek je mo\u017en\u00e9 podpori\u0165 tieto noviny vhoden\u00edm pr\u00edspevku do ur\u010denej pokladni\u010dky. <\/p>\n\n\n\n<p>Ka\u017ed\u00fa sobotu rob\u00edme v Kostolnej potravinov\u00fa zbierku od 10:00 do 12:00 na farskom dvore. T\u00ed, ktor\u00ed sa rozhodnete prispie\u0165 finan\u010dne cez farsk\u00fd \u00fa\u010det SK28 0900 0000 0050 2969 7043, uve\u010fte \u201ePOMOC PRE OD\u00cdDENCOV\u201c. \u010eakujeme. <\/p>\n\n\n\n<p>S \u00factou, <br>Pavol Gajdo\u0161, v\u00e1\u0161 far\u00e1r<\/p>\n\t\t\t\t","protected":false},"excerpt":{"rendered":"<p>Elizeus nie je iba ve\u013ek\u00fd prorok, nasledovn\u00edk Eli\u00e1\u0161a &#8211; ale aj vzorom v nasledovan\u00ed Bo\u017eieho volania. Boh i na n\u00e1s h\u00e1d\u017ee svoj pl\u00e1\u0161\u0165 a vol\u00e1 po mene. Ak ho v\u0161ak chceme naozaj nasledova\u0165, mus\u00edme \u00faplne zanecha\u0165 svoj p\u00f4vodn\u00fd \u017eivot &#8211; On m\u00e1 pre n\u00e1s toti\u017e nachystan\u00e9 nie\u010do ove\u013ea v\u00e4\u010d\u0161ie, ako si vieme predstavi\u0165. Nenechajme ho &#8230; <span class=\"more\"><a class=\"more-link\" href=\"https:\/\/www.farakostolna.sk\/?p=6561\">[\u010c\u00edta\u0165 \u010falej&#8230;]<\/a><\/span><\/p>\n","protected":false},"author":7,"featured_media":6562,"comment_status":"closed","ping_status":"closed","sticky":false,"template":"","format":"standard","meta":{"footnotes":""},"categories":[13],"tags":[],"class_list":{"0":"entry","1":"post","2":"publish","3":"author-slado89gmail-com","4":"has-excerpt","5":"has-more-link","6":"post-6561","8":"format-standard","9":"has-post-thumbnail","10":"category-oznamy"},"_links":{"self":[{"href":"https:\/\/www.farakostolna.sk\/index.php?rest_route=\/wp\/v2\/posts\/6561","targetHints":{"allow":["GET"]}}],"collection":[{"href":"https:\/\/www.farakostolna.sk\/index.php?rest_route=\/wp\/v2\/posts"}],"about":[{"href":"https:\/\/www.farakostolna.sk\/index.php?rest_route=\/wp\/v2\/types\/post"}],"author":[{"embeddable":true,"href":"https:\/\/www.farakostolna.sk\/index.php?rest_route=\/wp\/v2\/users\/7"}],"replies":[{"embeddable":true,"href":"https:\/\/www.farakostolna.sk\/index.php?rest_route=%2Fwp%2Fv2%2Fcomments&post=6561"}],"version-history":[{"count":0,"href":"https:\/\/www.farakostolna.sk\/index.php?rest_route=\/wp\/v2\/posts\/6561\/revisions"}],"wp:featuredmedia":[{"embeddable":true,"href":"https:\/\/www.farakostolna.sk\/index.php?rest_route=\/"}],"wp:attachment":[{"href":"https:\/\/www.farakostolna.sk\/index.php?rest_route=%2Fwp%2Fv2%2Fmedia&parent=6561"}],"wp:term":[{"taxonomy":"category","embeddable":true,"href":"https:\/\/www.farakostolna.sk\/index.php?rest_route=%2Fwp%2Fv2%2Fcategories&post=6561"},{"taxonomy":"post_tag","embeddable":true,"href":"https:\/\/www.farakostolna.sk\/index.php?rest_route=%2Fwp%2Fv2%2Ftags&post=6561"}],"curies":[{"name":"wp","href":"https:\/\/api.w.org\/{rel}","templated":true}]}}