{"id":6550,"date":"2022-06-18T06:52:05","date_gmt":"2022-06-18T06:52:05","guid":{"rendered":"http:\/\/kostolna.fara.sk\/?p=6550"},"modified":"2022-06-18T06:52:05","modified_gmt":"2022-06-18T06:52:05","slug":"farske-oznamy-a-zamyslenie-19-06-2022","status":"publish","type":"post","link":"https:\/\/www.farakostolna.sk\/?p=6550","title":{"rendered":"Farsk\u00e9 oznamy a zamyslenie (19.06.2022)"},"content":{"rendered":"\n\t\t\t\t\n\t\t\t\t\n<div class=\"wp-block-image\"><figure class=\"alignleft is-resized\"><img loading=\"lazy\" decoding=\"async\" src=\"https:\/\/www.farakostolna.sk\/wp-content\/uploads\/2022\/06\/WhatsApp-Image-2022-06-18-at-8.06.37-AM-1-1.jpeg\" alt=\"\" class=\"wp-image-6551\" width=\"453\" height=\"301\"\/><\/figure><\/div>\n\n\n\n<p>Zrkadielko, zrkadielko, kto je naj\u2026? \u010casto podvedome t\u00fato ot\u00e1zku kladieme svojmu okoliu. Za koho ma pokladaj\u00fa? Ale sk\u00fasili sme sa sp\u00fdta\u0165 toto Boha, ktor\u00fd vid\u00ed aj v skrytosti? Je tento obraz rovnak\u00fd s t\u00fdm, ktor\u00fd pon\u00fakame navonok? Boh n\u00e1s nielen vid\u00ed a ch\u00e1pe, ale aj l\u00e1skavo vol\u00e1 k nasledovaniu.<\/p>\n\n\n<p><!--more--><\/p>\n\n\n<p><strong>Sv\u00e4t\u00e9 om\u0161e u n\u00e1s:<\/strong><\/p>\n\n\n\n<p><strong>sobota \u2013 18. j\u00fana (s nede\u013enou platnos\u0165ou)<\/strong><\/p>\n\n\n\n<ul class=\"wp-block-list\"><li><strong>17:00 \u2013 Hrub\u00e1 Bor\u0161a \u2013 (slov.\/ma\u010f.)<\/strong><\/li><li><strong>18:00 \u2013 Kostoln\u00e1 \u2013 (slov.)<\/strong><\/li><\/ul>\n\n\n\n<p><strong>nede\u013ea \u2013 19. j\u00fana <\/strong><\/p>\n\n\n\n<ul class=\"wp-block-list\"><li><strong>8:00 \u2013 Hrub\u00fd \u0160\u00far \u2013 (ma\u010f.\/slov.)<\/strong><\/li><li><strong>9:30 \u2013 Kostoln\u00e1 \u2013 (ma\u010f.)<\/strong><\/li><li><strong>11:00 \u2013 Kostoln\u00e1 \u2013 (slov.)<\/strong><\/li><\/ul>\n\n\n\n<p><strong>V t\u00fato nede\u013eu bude v Kostolnej od 10:15 do 11:00 spolo\u010dn\u00e1 procesia okolo kostola a na farskom dvore. Pr\u00ed\u010fme v\u0161etci spolo\u010dne vyjadri\u0165 \u00factu, vieru a l\u00e1sku Je\u017ei\u0161ovi pr\u00edtomn\u00e9mu v Olt\u00e1rnej Sviatosti. De\u0165om pripravme na rozhadzovanie lupienky z kvetov. <\/strong><\/p>\n\n\n\n<p>V stredu bude o 18:00 sv\u00e4t\u00e1 om\u0161a v Kostolnej so zrete\u013eom na deti v ma\u010farskom jazyku. <\/p>\n\n\n\n<p>Tento t\u00fd\u017ede\u0148 bude v Kostolnej ador\u00e1cia v utorok, streda, \u0161tvrtok a piatok od 17:00 do 18:00.<\/p>\n\n\n\n<p>Sviatos\u0165 zmierenia pon\u00fakam tento t\u00fd\u017ede\u0148 v utorok, stredu a vo \u0161tvrtok od 17:00 do 18:00.<\/p>\n\n\n\n<p>Poz\u00fdvame v\u00e1s na modlitbov\u00e9 trojdnie spolo\u010denstva Modlitby matiek, ktor\u00e9 bude v piatok o 10:00 v Hrubom \u0160\u00fare, v sobotu o 10:00 v Hrubej Bor\u0161i a v nede\u013eu o 15:00 vo farskom kostole v Kostolnej. V Kostolnej bude po modlitb\u00e1ch aj opeka\u010dka na farskom dvore. V\u0161etci s\u00fa srde\u010dne pozvan\u00ed. <\/p>\n\n\n\n<p>Tento v\u00edkend bude pravideln\u00e1 mesa\u010dn\u00e1 zbierka na opravu farsk\u00e9ho kostola a prev\u00e1dzkov\u00e9 n\u00e1klady farnosti. Vopred \u010fakujeme.  <\/p>\n\n\n\n<p>Ka\u017ed\u00fa sobotu rob\u00edme v Kostolnej potravinov\u00fa zbierku od 10:00 do 12:00 na farskom dvore. T\u00ed, ktor\u00ed sa rozhodnete prispie\u0165 finan\u010dne cez farsk\u00fd \u00fa\u010det SK28 0900 0000 0050 2969 7043, uve\u010fte \u201ePOMOC PRE OD\u00cdDENCOV\u201c. \u010eakujeme. <\/p>\n\n\n\n<p>S \u00factou, <br>Pavol Gajdo\u0161, v\u00e1\u0161 far\u00e1r<\/p>\n\t\t\t\t","protected":false},"excerpt":{"rendered":"<p>Zrkadielko, zrkadielko, kto je naj\u2026? \u010casto podvedome t\u00fato ot\u00e1zku kladieme svojmu okoliu. Za koho ma pokladaj\u00fa? Ale sk\u00fasili sme sa sp\u00fdta\u0165 toto Boha, ktor\u00fd vid\u00ed aj v skrytosti? Je tento obraz rovnak\u00fd s t\u00fdm, ktor\u00fd pon\u00fakame navonok? Boh n\u00e1s nielen vid\u00ed a ch\u00e1pe, ale aj l\u00e1skavo vol\u00e1 k nasledovaniu.<\/p>\n","protected":false},"author":7,"featured_media":6551,"comment_status":"closed","ping_status":"closed","sticky":false,"template":"","format":"standard","meta":{"footnotes":""},"categories":[13],"tags":[],"class_list":{"0":"entry","1":"post","2":"publish","3":"author-slado89gmail-com","4":"has-excerpt","5":"has-more-link","6":"post-6550","8":"format-standard","9":"has-post-thumbnail","10":"category-oznamy"},"_links":{"self":[{"href":"https:\/\/www.farakostolna.sk\/index.php?rest_route=\/wp\/v2\/posts\/6550","targetHints":{"allow":["GET"]}}],"collection":[{"href":"https:\/\/www.farakostolna.sk\/index.php?rest_route=\/wp\/v2\/posts"}],"about":[{"href":"https:\/\/www.farakostolna.sk\/index.php?rest_route=\/wp\/v2\/types\/post"}],"author":[{"embeddable":true,"href":"https:\/\/www.farakostolna.sk\/index.php?rest_route=\/wp\/v2\/users\/7"}],"replies":[{"embeddable":true,"href":"https:\/\/www.farakostolna.sk\/index.php?rest_route=%2Fwp%2Fv2%2Fcomments&post=6550"}],"version-history":[{"count":0,"href":"https:\/\/www.farakostolna.sk\/index.php?rest_route=\/wp\/v2\/posts\/6550\/revisions"}],"wp:featuredmedia":[{"embeddable":true,"href":"https:\/\/www.farakostolna.sk\/index.php?rest_route=\/"}],"wp:attachment":[{"href":"https:\/\/www.farakostolna.sk\/index.php?rest_route=%2Fwp%2Fv2%2Fmedia&parent=6550"}],"wp:term":[{"taxonomy":"category","embeddable":true,"href":"https:\/\/www.farakostolna.sk\/index.php?rest_route=%2Fwp%2Fv2%2Fcategories&post=6550"},{"taxonomy":"post_tag","embeddable":true,"href":"https:\/\/www.farakostolna.sk\/index.php?rest_route=%2Fwp%2Fv2%2Ftags&post=6550"}],"curies":[{"name":"wp","href":"https:\/\/api.w.org\/{rel}","templated":true}]}}