{"id":6533,"date":"2022-06-03T21:06:25","date_gmt":"2022-06-03T21:06:25","guid":{"rendered":"http:\/\/kostolna.fara.sk\/?p=6533"},"modified":"2022-06-03T21:06:25","modified_gmt":"2022-06-03T21:06:25","slug":"farske-oznamy-a-zamyslenie-05-06-2022","status":"publish","type":"post","link":"https:\/\/www.farakostolna.sk\/?p=6533","title":{"rendered":"Farsk\u00e9 oznamy a zamyslenie (05.06.2022)"},"content":{"rendered":"\n\t\t\t\t\n\t\t\t\t\n<div class=\"wp-block-image\"><figure class=\"alignleft is-resized\"><img loading=\"lazy\" decoding=\"async\" src=\"https:\/\/www.farakostolna.sk\/wp-content\/uploads\/2022\/06\/WhatsApp-Image-2022-06-03-at-10.07.46-PM-1-1.jpeg\" alt=\"\" class=\"wp-image-6534\" width=\"484\" height=\"271\"\/><\/figure><\/div>\n\n\n\n<p>Spojme sa pre\u2026 V spolo\u010dnosti neust\u00e1le prebiehaj\u00fa dve \u010dinnosti &#8211; rozde\u013eovanie a sp\u00e1janie. Je \u0165a\u017e\u0161ie n\u00e1js\u0165 nie\u010do, \u010do n\u00e1s sp\u00e1ja. Dokonca aj kres\u0165ania pod\u013eahli zna\u010dn\u00e9mu rozdeleniu. Je tu v\u0161ak Duch Sv\u00e4t\u00fd, v ktorom m\u00f4\u017eeme by\u0165 zjednoten\u00ed &#8211; zamerajme sa na Neho a On n\u00e1s privedie nielen k Synovi a Otcovi, ale vytvor\u00ed medzi nami skuto\u010dn\u00e9 spolo\u010denstvo l\u00e1sky.<\/p>\n\n\n<p><!--more--><\/p>\n\n\n<p><strong>Sv\u00e4t\u00e9 om\u0161e u n\u00e1s:<\/strong><\/p>\n\n\n\n<p><strong>sobota \u2013 4. j\u00fana (s nede\u013enou platnos\u0165ou)<\/strong><\/p>\n\n\n\n<ul class=\"wp-block-list\"><li><strong>17:00 \u2013 Hrub\u00e1 Bor\u0161a \u2013 (slov.\/ma\u010f.)<\/strong><\/li><li><strong>18:00 \u2013 Kostoln\u00e1 \u2013 (slov.)<\/strong><\/li><\/ul>\n\n\n\n<p><strong>nede\u013ea \u2013 5. j\u00fana <\/strong><\/p>\n\n\n\n<ul class=\"wp-block-list\"><li><strong>8:00 \u2013 Hrub\u00fd \u0160\u00far \u2013 (ma\u010f.)<\/strong><\/li><li><strong>9:30 \u2013 Kostoln\u00e1 \u2013 (ma\u010f.)<\/strong><\/li><li><strong>11:00 \u2013 Kostoln\u00e1 \u2013 (slov.)<\/strong><\/li><\/ul>\n\n\n\n<p>V pr\u00edpade priazniv\u00e9ho po\u010dasia bud\u00fa v Kostolnej t\u00fato nede\u013eu sv\u00e4t\u00e9 om\u0161e pod pr\u00edstre\u0161kom na farskom dvore. V\u0161etci ste srde\u010dne v\u00edtan\u00ed! <\/p>\n\n\n\n<p><strong>V pondelok (sv\u00e4todu\u0161n\u00fd) bude \u010fakovn\u00e1 sv\u00e4t\u00e1 om\u0161a v Kostolnej o 17:00 s osobitn\u00fdm zrete\u013eom na deti. <\/strong><\/p>\n\n\n\n<p>Ador\u00e1cia bude v stredu, \u0161tvrtok a piatok v\u017edy od 17:00 do 18:00.<\/p>\n\n\n\n<p>Sviatos\u0165 zmierenia pon\u00fakam tento t\u00fd\u017ede\u0148 v stredu a \u0161tvrtok od 17:00 do 18:00.<\/p>\n\n\n\n<p>Minulot\u00fd\u017ed\u0148ov\u00e1 zbierka na katol\u00edcke masm\u00e9di\u00e1 vyniesla v na\u0161ej farnosti 599 \u20ac. Peniaze som preposlal na dan\u00fd \u00fa\u010det. <\/p>\n\n\n\n<p><span style=\"color:red\"><b>V ka\u017ed\u00fa sobotu rob\u00edme v Kostolnej potravinov\u00fa zbierku od 10:00 do 12:00 na farskom dvore.<\/b><\/span> T\u00ed, ktor\u00ed sa rozhodnete prispie\u0165 finan\u010dne cez farsk\u00fd \u00fa\u010det SK28 0900 0000 0050 2969 7043, uve\u010fte \u201ePOMOC PRE OD\u00cdDENCOV\u201c. \u010eakujeme. <\/p>\n\n\n\n<p>S \u00factou, <br>Pavol Gajdo\u0161, v\u00e1\u0161 far\u00e1r<\/p>\n\t\t\t\t","protected":false},"excerpt":{"rendered":"<p>Spojme sa pre\u2026 V spolo\u010dnosti neust\u00e1le prebiehaj\u00fa dve \u010dinnosti &#8211; rozde\u013eovanie a sp\u00e1janie. Je \u0165a\u017e\u0161ie n\u00e1js\u0165 nie\u010do, \u010do n\u00e1s sp\u00e1ja. Dokonca aj kres\u0165ania pod\u013eahli zna\u010dn\u00e9mu rozdeleniu. Je tu v\u0161ak Duch Sv\u00e4t\u00fd, v ktorom m\u00f4\u017eeme by\u0165 zjednoten\u00ed &#8211; zamerajme sa na Neho a On n\u00e1s privedie nielen k Synovi a Otcovi, ale vytvor\u00ed medzi nami skuto\u010dn\u00e9 &#8230; <span class=\"more\"><a class=\"more-link\" href=\"https:\/\/www.farakostolna.sk\/?p=6533\">[\u010c\u00edta\u0165 \u010falej&#8230;]<\/a><\/span><\/p>\n","protected":false},"author":7,"featured_media":6534,"comment_status":"closed","ping_status":"closed","sticky":false,"template":"","format":"standard","meta":{"footnotes":""},"categories":[13],"tags":[],"class_list":{"0":"entry","1":"post","2":"publish","3":"author-slado89gmail-com","4":"has-excerpt","5":"has-more-link","6":"post-6533","8":"format-standard","9":"has-post-thumbnail","10":"category-oznamy"},"_links":{"self":[{"href":"https:\/\/www.farakostolna.sk\/index.php?rest_route=\/wp\/v2\/posts\/6533","targetHints":{"allow":["GET"]}}],"collection":[{"href":"https:\/\/www.farakostolna.sk\/index.php?rest_route=\/wp\/v2\/posts"}],"about":[{"href":"https:\/\/www.farakostolna.sk\/index.php?rest_route=\/wp\/v2\/types\/post"}],"author":[{"embeddable":true,"href":"https:\/\/www.farakostolna.sk\/index.php?rest_route=\/wp\/v2\/users\/7"}],"replies":[{"embeddable":true,"href":"https:\/\/www.farakostolna.sk\/index.php?rest_route=%2Fwp%2Fv2%2Fcomments&post=6533"}],"version-history":[{"count":0,"href":"https:\/\/www.farakostolna.sk\/index.php?rest_route=\/wp\/v2\/posts\/6533\/revisions"}],"wp:featuredmedia":[{"embeddable":true,"href":"https:\/\/www.farakostolna.sk\/index.php?rest_route=\/"}],"wp:attachment":[{"href":"https:\/\/www.farakostolna.sk\/index.php?rest_route=%2Fwp%2Fv2%2Fmedia&parent=6533"}],"wp:term":[{"taxonomy":"category","embeddable":true,"href":"https:\/\/www.farakostolna.sk\/index.php?rest_route=%2Fwp%2Fv2%2Fcategories&post=6533"},{"taxonomy":"post_tag","embeddable":true,"href":"https:\/\/www.farakostolna.sk\/index.php?rest_route=%2Fwp%2Fv2%2Ftags&post=6533"}],"curies":[{"name":"wp","href":"https:\/\/api.w.org\/{rel}","templated":true}]}}